{"id":1229,"date":"2020-08-31T17:42:30","date_gmt":"2020-08-31T20:42:30","guid":{"rendered":"http:\/\/www.mtcriativo.mt.gov.br\/?p=1229"},"modified":"2020-08-31T17:46:38","modified_gmt":"2020-08-31T20:46:38","slug":"regulamentacao-da-lei-aldir-blanc-indica-valores-destinados-ao-estado-e-municipios","status":"publish","type":"post","link":"https:\/\/www.mtcriativo.mt.gov.br\/index.php\/2020\/08\/31\/regulamentacao-da-lei-aldir-blanc-indica-valores-destinados-ao-estado-e-municipios\/","title":{"rendered":"Regulamenta\u00e7\u00e3o da Lei Aldir Blanc indica valores destinados ao Estado e munic\u00edpios"},"content":{"rendered":"\n<p>Para Mato Grosso ser\u00e3o repassados quase R$ 52 milh\u00f5es, sendo metade para execu\u00e7\u00e3o de a\u00e7\u00f5es do Estado e outra metade, dos munic\u00edpios.<\/p>\n\n\n\n<p>A regulamenta\u00e7\u00e3o da Lei Aldir Blanc, que disp\u00f5e sobre as a\u00e7\u00f5es emergenciais destinadas ao setor cultural durante a pandemia, determina tamb\u00e9m os recursos que ser\u00e3o repassados aos Estados, Distrito Federal e munic\u00edpios.&nbsp; O&nbsp;<a href=\"https:\/\/pesquisa.in.gov.br\/imprensa\/jsp\/visualiza\/index.jsp?data=18\/08\/2020&amp;jornal=515&amp;pagina=12&amp;totalArquivos=290\">anexo III, do decreto federal 10.464\/2020<\/a>, informa os valores exatos que ser\u00e3o destinados para execu\u00e7\u00e3o das a\u00e7\u00f5es da Lei de Emerg\u00eancia Cultural em de cada ente federativo.<\/p>\n\n\n\n<p>Para Mato Grosso ser\u00e3o destinados quase R$ 52 milh\u00f5es, sendo metade para execu\u00e7\u00e3o de a\u00e7\u00f5es do Estado e outra metade, dos munic\u00edpios. Com valores que variam entre R$ 29 mil e R$ 3.900 milh\u00f5es, o total de recursos para as a\u00e7\u00f5es de compet\u00eancia dos 141 munic\u00edpios mato-grossenses foi dividido de acordo com crit\u00e9rios de rateio do Fundo de Participa\u00e7\u00e3o dos Munic\u00edpios (FPM) e da propor\u00e7\u00e3o da popula\u00e7\u00e3o.<\/p>\n\n\n\n<p>V\u00e1rzea Grande e Rondon\u00f3polis s\u00e3o os munic\u00edpios cujos valores a serem repassados passam de R$ 1,5 milh\u00e3o.&nbsp; Quase R$ 4 milh\u00f5es ser\u00e3o disponibilizados \u00e0 capital, Cuiab\u00e1, e quase R$ 1 milh\u00e3o \u00e0 Sinop. Para munic\u00edpios do porte de Alta Floresta, Barra do Gar\u00e7as, C\u00e1ceres e Primavera do Leste, os recursos ser\u00e3o de R$ 370 mil a R$ 640 mil.<\/p>\n\n\n\n<p>Mesmo os munic\u00edpios menos populosos como Indiava\u00ed, Novo Santo Ant\u00f4nio, Planalto da Serra e Santa Cruz do Xingu poder\u00e3o contar com recursos na ordem de R$ 35 mil para atender \u00e0s a\u00e7\u00f5es emergenciais de amparo \u00e0 cultura.&nbsp;<\/p>\n\n\n\n<p>Pelo menos 20% desses valores devem aplicados em editais, chamadas p\u00fablicas e pr\u00eamios. Nos munic\u00edpios, o restante do repasse ser\u00e1 usado para subs\u00eddios mensais aos espa\u00e7os culturais que tiveram as suas atividades interrompidas pela pandemia.<\/p>\n\n\n\n<p>A tabela com os valores destinados aos munic\u00edpios de Mato Grosso pode ser acessada&nbsp;<a href=\"http:\/\/www.cultura.mt.gov.br\/documents\/362998\/15173955\/Valores+por+munic%C3%ADpio+MT\/eeedb831-f96a-6446-7b52-d4143a3d514c\">AQUI<\/a>.&nbsp;<\/p>\n\n\n\n<p>De acordo com lei regulamentada, o recurso definido para as a\u00e7\u00f5es de responsabilidade do Estado \u00e9 de quase R$ 26 milh\u00f5es.&nbsp; Desse total, a Secretaria de Estado de Cultura, Esporte e Lazer (Secel) prev\u00ea 60% para o pagamento de renda mensal aos trabalhadores da cultura e outros 40% para editais de fomento cultural.&nbsp;<\/p>\n\n\n\n<p>Para o secret\u00e1rio adjunto de Cultura da Secel, Jos\u00e9 Paulo Traven, a Lei Aldir Blanc, resultado de uma constru\u00e7\u00e3o coletiva nacional, democratiza e descentraliza a execu\u00e7\u00e3o das a\u00e7\u00f5es, garantindo recursos que possibilitam o atendimento de demandas espec\u00edficas de cada regi\u00e3o.&nbsp;<\/p>\n\n\n\n<p>\u201c\u00c9 uma grande oportunidade para os munic\u00edpios atenderem as necessidades do setor cultural de sua localidade. Cada ente federativo pode fazer a sua parte para ajudar na retomada das atividades culturais, as primeiras a parar por causa da pandemia e provavelmente as \u00faltimas a retornar. Sabemos dos desafios para operacionalizar, e por isso, continuamos oferecendo o suporte poss\u00edvel \u00e0s gest\u00f5es municipais, ao mesmo tempo em que planejamos e executamos as a\u00e7\u00f5es de compet\u00eancia do Estado\u201d, ressalta o adjunto.&nbsp;<\/p>\n\n\n\n<p><strong>A\u00e7\u00f5es da Secel<\/strong><\/p>\n\n\n\n<p>Para ajudar na operacionaliza\u00e7\u00e3o da Lei Aldir Blanc nos munic\u00edpios, a secretaria estadual mant\u00e9m um di\u00e1logo constante com os gestores municipais, tirando d\u00favidas e compartilhando informa\u00e7\u00f5es por meio de cursos, reuni\u00f5es online, grupos em aplicativo de mensagem e contatos diretos.&nbsp; Na \u00faltima semana, uma s\u00e9rie de reuni\u00f5es virtuais, divididas por regi\u00f5es do estado, foram realizadas pela Secel para levar orienta\u00e7\u00f5es sobre a estrutura\u00e7\u00e3o das a\u00e7\u00f5es a cada um dos grupos de munic\u00edpios mato-grossenses.&nbsp;<\/p>\n\n\n\n<p>J\u00e1 para preparar a classe cultural quanto \u00e0s provid\u00eancias necess\u00e1rias, a Secel programa antecipar o cadastro dos profissionais e a publica\u00e7\u00e3o de editais, apesar da libera\u00e7\u00e3o dos recursos destinados ao Estado ocorrer somente no final de setembro ou em outubro. A plataforma de cadastramento deve ser lan\u00e7ada ainda esta semana e os editais em at\u00e9 20 dias.<\/p>\n\n\n\n<p>O plano de a\u00e7\u00e3o com cronograma de aplica\u00e7\u00e3o da verba destinada ao Estado est\u00e1 em fase de finaliza\u00e7\u00e3o e ser\u00e1 cadastrado na Plataforma + Brasil at\u00e9 a pr\u00f3xima quarta-feira (02.09). Em encontros virtuais agendados por segmento cultura, o planejamento come\u00e7ou a ser apresentado aos profissionais da cultura nesta segunda-feira (31.08). Confira a agenda das reuni\u00f5es:<\/p>\n\n\n\n<p>Povos e comunidades tradicionais, festas e religiosidades: 31\/08, \u00e0s 9h&nbsp;<\/p>\n\n\n\n<p>Artes c\u00eanicas: 31\/08, \u00e0s16h<\/p>\n\n\n\n<p>Cultura urbana e LGBTI+: 01\/09, \u00e0s 16h<\/p>\n\n\n\n<p>M\u00fasica: 02\/09, \u00e0s 16h<\/p>\n\n\n\n<p>Audiovisual: 03\/09, \u00e0s 16h<\/p>\n\n\n\n<p>Patrim\u00f4nio hist\u00f3rico e cultural, literatura e biblioteca: 04\/09, \u00e0s 9h&nbsp;<\/p>\n\n\n\n<p>Artes visuais: 04\/09, \u00e0s 16h<\/p>\n\n\n\n<p>Link para inscri\u00e7\u00e3o:&nbsp;<a href=\"https:\/\/docs.google.com\/forms\/d\/e\/1FAIpQLSdUqeAzXsRNdO1TklSUAoJE6XQVFsVk4IE-vWGvX1h6NbKphg\/viewform\">bit.ly\/encontroleialdirblanc<\/a><br><\/p>\n\n\n\n<p><\/p>\n\n\n\n<p><\/p>\n\n\n\n<p><\/p>\n","protected":false},"excerpt":{"rendered":"<p>Para Mato Grosso ser\u00e3o repassados quase R$ 52 milh\u00f5es, sendo metade para execu\u00e7\u00e3o de a\u00e7\u00f5es do Estado e outra metade, dos munic\u00edpios. A regulamenta\u00e7\u00e3o da Lei Aldir Blanc, que disp\u00f5e&hellip;&nbsp;<a href=\"https:\/\/www.mtcriativo.mt.gov.br\/index.php\/2020\/08\/31\/regulamentacao-da-lei-aldir-blanc-indica-valores-destinados-ao-estado-e-municipios\/\" class=\"\" rel=\"bookmark\">Continue a ler &raquo;<span class=\"screen-reader-text\">Regulamenta\u00e7\u00e3o da Lei Aldir Blanc indica valores destinados ao Estado e munic\u00edpios<\/span><\/a><\/p>\n","protected":false},"author":2,"featured_media":1230,"comment_status":"closed","ping_status":"open","sticky":false,"template":"","format":"standard","meta":{"neve_meta_sidebar":"","neve_meta_container":"","neve_meta_enable_content_width":"off","neve_meta_content_width":0,"neve_meta_title_alignment":"","neve_meta_author_avatar":"","neve_post_elements_order":"","neve_meta_disable_header":"","neve_meta_disable_footer":"","neve_meta_disable_title":"","footnotes":""},"categories":[1,5],"tags":[],"class_list":["post-1229","post","type-post","status-publish","format-standard","has-post-thumbnail","hentry","category-nao-categorizado","category-noticias"],"_links":{"self":[{"href":"https:\/\/www.mtcriativo.mt.gov.br\/index.php\/wp-json\/wp\/v2\/posts\/1229","targetHints":{"allow":["GET"]}}],"collection":[{"href":"https:\/\/www.mtcriativo.mt.gov.br\/index.php\/wp-json\/wp\/v2\/posts"}],"about":[{"href":"https:\/\/www.mtcriativo.mt.gov.br\/index.php\/wp-json\/wp\/v2\/types\/post"}],"author":[{"embeddable":true,"href":"https:\/\/www.mtcriativo.mt.gov.br\/index.php\/wp-json\/wp\/v2\/users\/2"}],"replies":[{"embeddable":true,"href":"https:\/\/www.mtcriativo.mt.gov.br\/index.php\/wp-json\/wp\/v2\/comments?post=1229"}],"version-history":[{"count":2,"href":"https:\/\/www.mtcriativo.mt.gov.br\/index.php\/wp-json\/wp\/v2\/posts\/1229\/revisions"}],"predecessor-version":[{"id":1232,"href":"https:\/\/www.mtcriativo.mt.gov.br\/index.php\/wp-json\/wp\/v2\/posts\/1229\/revisions\/1232"}],"wp:featuredmedia":[{"embeddable":true,"href":"https:\/\/www.mtcriativo.mt.gov.br\/index.php\/wp-json\/wp\/v2\/media\/1230"}],"wp:attachment":[{"href":"https:\/\/www.mtcriativo.mt.gov.br\/index.php\/wp-json\/wp\/v2\/media?parent=1229"}],"wp:term":[{"taxonomy":"category","embeddable":true,"href":"https:\/\/www.mtcriativo.mt.gov.br\/index.php\/wp-json\/wp\/v2\/categories?post=1229"},{"taxonomy":"post_tag","embeddable":true,"href":"https:\/\/www.mtcriativo.mt.gov.br\/index.php\/wp-json\/wp\/v2\/tags?post=1229"}],"curies":[{"name":"wp","href":"https:\/\/api.w.org\/{rel}","templated":true}]}}