{"id":1250,"date":"2020-09-09T21:27:23","date_gmt":"2020-09-10T00:27:23","guid":{"rendered":"http:\/\/www.mtcriativo.mt.gov.br\/?p=1250"},"modified":"2020-09-09T21:27:25","modified_gmt":"2020-09-10T00:27:25","slug":"governo-lanca-plataforma-para-solicitacao-de-auxilio-emergencial-da-cultura-nesta-quinta-feira-10","status":"publish","type":"post","link":"https:\/\/www.mtcriativo.mt.gov.br\/index.php\/2020\/09\/09\/governo-lanca-plataforma-para-solicitacao-de-auxilio-emergencial-da-cultura-nesta-quinta-feira-10\/","title":{"rendered":"Governo lan\u00e7a plataforma para solicita\u00e7\u00e3o de aux\u00edlio emergencial da cultura nesta quinta-feira (10)"},"content":{"rendered":"\n<h5 class=\"wp-block-heading\">A renda emergencial consiste no pagamento de tr\u00eas parcelas de R$ 600, beneficiando cerca de 8.500 profissionais do setor cultural mato-grossense<\/h5>\n\n\n\n<p>Cida Rodrigues\u00a0|\u00a0Secel-MT<\/p>\n\n\n\n<p>O Governo de Mato Grosso, por meio da Secretaria de Estado de Cultura, Esporte e Lazer (Secel), dar\u00e1 in\u00edcio ao cadastramento dos profissionais do setor cultural para acesso direto \u00e0 renda emergencial, uma das a\u00e7\u00f5es previstas na Lei Aldir Blanc. O lan\u00e7amento da plataforma de cadastro ser\u00e1 nesta quinta-feira (10.09), \u00e0s 15h30, em evento que contar\u00e1 com a participa\u00e7\u00e3o do governador de Mato Grosso, Mauro Mendes.<\/p>\n\n\n\n<p>\u201c\u00c9 com muita responsabilidade e transpar\u00eancia que abriremos o cadastramento dos trabalhadores e trabalhadoras da cultura. Por meio deste cadastro, parte dos recursos da Lei Aldir Blanc ir\u00e1 diretamente aos profissionais, incluindo artistas, produtores e t\u00e9cnicos das mais diversas \u00e1reas. Trabalhamos&nbsp;para que esses recursos cheguem o mais r\u00e1pido poss\u00edvel aos que necessitam neste per\u00edodo de calamidade p\u00fablica\u201d, destaca o titular da Secel, Alberto Machado.<\/p>\n\n\n\n<p>De acordo com a lei regulamentada, o valor a ser destinado para as a\u00e7\u00f5es de responsabilidade do Estado \u00e9 de quase R$ 26 milh\u00f5es. Mais de R$ 15 milh\u00f5es, que representa 60% do valor total,&nbsp;ser\u00e3o utilizados para o pagamento de renda mensal aos trabalhadores da cultura. O restante (40%) ser\u00e1 distribu\u00eddo em editais de fomento cultural.&nbsp;<\/p>\n\n\n\n<p>O aux\u00edlio emergencial consiste no pagamento de tr\u00eas parcelas de R$ 600, beneficiando cerca de 8.500 profissionais do setor cultural mato-grossense. Conforme a Lei Aldir Blanc, essa transfer\u00eancia de recursos diretamente aos trabalhadores ficou sob compet\u00eancia do Estado.&nbsp;<\/p>\n\n\n\n<p>Gerido pela Secel em coopera\u00e7\u00e3o com a Central das Organiza\u00e7\u00f5es do Estado de Mato Grosso (Cordemato), o sistema para o cadastro estadual possui aparato t\u00e9cnico e cient\u00edfico do N\u00facleo de Pesquisas Econ\u00f4micas e Sociais e do N\u00facleo de Tecnologia da Universidade Federal de Mato Grosso (UFMT).&nbsp;<\/p>\n\n\n\n<p>Para auxiliar no processo de cadastramento, a Secel preparou um v\u00eddeo tutorial e cartilhas de orienta\u00e7\u00e3o apresentando as linhas gerais sobre o acesso \u00e0 renda emergencial, crit\u00e9rios, operacionaliza\u00e7\u00e3o e demais instru\u00e7\u00f5es para preenchimento dos dados. Os materiais estar\u00e3o dispon\u00edveis em formato digital.<\/p>\n\n\n\n<p>Durante o lan\u00e7amento da plataforma ser\u00e1 ainda apresentado o plano de a\u00e7\u00e3o para execu\u00e7\u00e3o da Lei Aldir Blanc em Mato Grosso, cadastrado na Plataforma + Brasil na \u00faltima quinta-feira (03.09). No documento, a secretaria estadual informa o cronograma das principais a\u00e7\u00f5es, que incluem editais e pr\u00eamios com propostas abrangendo todos os segmentos culturais.<\/p>\n\n\n\n<p><strong>Servi\u00e7o<\/strong><\/p>\n\n\n\n<p>Lan\u00e7amento da plataforma para solicita\u00e7\u00e3o de aux\u00edlio emergencial da cultura<\/p>\n\n\n\n<p>Data: quinta-feira (10.09)<\/p>\n\n\n\n<p>Hor\u00e1rio: 15h30<\/p>\n\n\n\n<p>Local: audit\u00f3rio Garcia Neto &#8211; Pal\u00e1cio Paiagu\u00e1s, em Cuiab\u00e1<\/p>\n\n\n\n<p>N\u00c3O SE ESQUE\u00c7A DA SUA M\u00c1SCARA. Eu cuido de voc\u00ea, voc\u00ea cuida de mim!<\/p>\n","protected":false},"excerpt":{"rendered":"<p>A RENDA EMERGENCIAL CONSISTE NO PAGAMENTO DE TR\u00caS PARCELAS DE R$ 600, BENEFICIANDO CERCA DE 8.500 PROFISSIONAIS DO SETOR CULTURAL MATO-GROSSENSE<\/p>\n","protected":false},"author":2,"featured_media":1251,"comment_status":"closed","ping_status":"open","sticky":false,"template":"","format":"standard","meta":{"neve_meta_sidebar":"","neve_meta_container":"","neve_meta_enable_content_width":"off","neve_meta_content_width":0,"neve_meta_title_alignment":"","neve_meta_author_avatar":"","neve_post_elements_order":"","neve_meta_disable_header":"","neve_meta_disable_footer":"","neve_meta_disable_title":"","footnotes":""},"categories":[5],"tags":[],"class_list":["post-1250","post","type-post","status-publish","format-standard","has-post-thumbnail","hentry","category-noticias"],"_links":{"self":[{"href":"https:\/\/www.mtcriativo.mt.gov.br\/index.php\/wp-json\/wp\/v2\/posts\/1250","targetHints":{"allow":["GET"]}}],"collection":[{"href":"https:\/\/www.mtcriativo.mt.gov.br\/index.php\/wp-json\/wp\/v2\/posts"}],"about":[{"href":"https:\/\/www.mtcriativo.mt.gov.br\/index.php\/wp-json\/wp\/v2\/types\/post"}],"author":[{"embeddable":true,"href":"https:\/\/www.mtcriativo.mt.gov.br\/index.php\/wp-json\/wp\/v2\/users\/2"}],"replies":[{"embeddable":true,"href":"https:\/\/www.mtcriativo.mt.gov.br\/index.php\/wp-json\/wp\/v2\/comments?post=1250"}],"version-history":[{"count":1,"href":"https:\/\/www.mtcriativo.mt.gov.br\/index.php\/wp-json\/wp\/v2\/posts\/1250\/revisions"}],"predecessor-version":[{"id":1252,"href":"https:\/\/www.mtcriativo.mt.gov.br\/index.php\/wp-json\/wp\/v2\/posts\/1250\/revisions\/1252"}],"wp:featuredmedia":[{"embeddable":true,"href":"https:\/\/www.mtcriativo.mt.gov.br\/index.php\/wp-json\/wp\/v2\/media\/1251"}],"wp:attachment":[{"href":"https:\/\/www.mtcriativo.mt.gov.br\/index.php\/wp-json\/wp\/v2\/media?parent=1250"}],"wp:term":[{"taxonomy":"category","embeddable":true,"href":"https:\/\/www.mtcriativo.mt.gov.br\/index.php\/wp-json\/wp\/v2\/categories?post=1250"},{"taxonomy":"post_tag","embeddable":true,"href":"https:\/\/www.mtcriativo.mt.gov.br\/index.php\/wp-json\/wp\/v2\/tags?post=1250"}],"curies":[{"name":"wp","href":"https:\/\/api.w.org\/{rel}","templated":true}]}}