{"id":1463,"date":"2020-10-14T12:16:34","date_gmt":"2020-10-14T15:16:34","guid":{"rendered":"http:\/\/www.mtcriativo.mt.gov.br\/?p=1463"},"modified":"2020-10-14T13:06:30","modified_gmt":"2020-10-14T16:06:30","slug":"programa-mato-grosso-criativo-lanca-catalogo-para-divulgacao-de-empreendedores","status":"publish","type":"post","link":"https:\/\/www.mtcriativo.mt.gov.br\/index.php\/2020\/10\/14\/programa-mato-grosso-criativo-lanca-catalogo-para-divulgacao-de-empreendedores\/","title":{"rendered":"Programa Mato Grosso Criativo lan\u00e7a cat\u00e1logo para divulga\u00e7\u00e3o de empreendedores"},"content":{"rendered":"\n<p>As informa\u00e7\u00f5es cadastradas ficam dispon\u00edveis para consulta e busca de profissionais, servi\u00e7os e produtos.<\/p>\n\n\n\n<p>Cida Rodrigues&nbsp;|&nbsp;Secel-MT<\/p>\n\n\n\n<p>A economia criativa de Mato Grosso ganhou um in\u00e9dito cat\u00e1logo online de divulga\u00e7\u00e3o e networting. Desenvolvida pela Secretaria de Estado de Cultura, Esporte e Lazer (Secel), por meio do Programa Mato Grosso Criativo, a plataforma permite o mapeamento colaborativo de empreendimentos criativos, ajudando a promover eventos, atividades, servi\u00e7os, produtos, portf\u00f3lios e projetos.&nbsp;<\/p>\n\n\n\n<p>Pessoas f\u00edsicas ou jur\u00eddicas, grupos ou coletivos, com ou sem fins lucrativos, podem fazer parte do cat\u00e1logo online. Para participar da rede de networking, os empreendedores criativos devem se cadastrar no site&nbsp;<a href=\"https:\/\/www.mtcriativo.mt.gov.br\/\" target=\"_blank\" rel=\"noreferrer noopener\">www.mtcriativo.mt.gov.br<\/a>. Link direto&nbsp;<a href=\"https:\/\/www.mtcriativo.mt.gov.br\/index.php\/networking-formulario\/\">AQUI<\/a>.&nbsp;<\/p>\n\n\n\n<p>Al\u00e9m da descri\u00e7\u00e3o dos servi\u00e7os e produtos oferecidos, a ferramenta possibilita a identifica\u00e7\u00e3o do segmento de atua\u00e7\u00e3o e a divulga\u00e7\u00e3o de dados para contatos, como telefones, sites e redes sociais. As informa\u00e7\u00f5es cadastradas ficam dispon\u00edveis para consulta e busca de profissionais, servi\u00e7os e produtos, num ambiente que visa promover a conex\u00e3o entre as empresas e projetos da economia criativa.<\/p>\n\n\n\n<p>De acordo com a superintendente de Desenvolvimento da Economia Criativa da Secel, Keiko Okamura, a ideia de criar a rede surgiu com a pandemia, a partir de discuss\u00f5es sobre a import\u00e2ncia do trabalho colaborativo em rede.<\/p>\n\n\n\n<p>\u201cA iniciativa busca unir for\u00e7as para manter a\u00e7\u00f5es ativas e ajudar na cria\u00e7\u00e3o de novos processos, como a migra\u00e7\u00e3o para o espa\u00e7o online, por exemplo. De maneira completamente gratuita, a ferramenta veio para integrar os empreendedores criativos da regi\u00e3o e ajudar a desenvolver neg\u00f3cios\u201d, aponta a superintendente.&nbsp;<\/p>\n\n\n\n<p>A atua\u00e7\u00e3o dos segmentos criativos \u00e9 dividida entre consumo, cultura, m\u00eddia e tecnologia, abrangendo empreendimentos das \u00e1reas de arte, m\u00fasica, design, moda, audiovisual, pesquisa e tecnologia da informa\u00e7\u00e3o, dentre outras.<\/p>\n\n\n\n<p>O cadastro tamb\u00e9m vai permitir a an\u00e1lise dos dados do setor e a constru\u00e7\u00e3o de um panorama do segmento da economia criativa no estado. \u201cS\u00e3o informa\u00e7\u00f5es que podem ainda pautar as estrat\u00e9gias de gest\u00e3o, possibilitando a implementa\u00e7\u00e3o de a\u00e7\u00f5es mais assertivas para esse p\u00fablico\u201d, conclui Keiko Okamura.<\/p>\n\n\n\n<figure class=\"wp-block-image size-large\"><img loading=\"lazy\" decoding=\"async\" width=\"1024\" height=\"1024\" src=\"https:\/\/www.mtcriativo.mt.gov.br\/wp-content\/uploads\/2020\/10\/WhatsApp-Image-2020-10-07-at-20.18.28-1024x1024.jpeg\" alt=\"\" class=\"wp-image-1465\" srcset=\"https:\/\/www.mtcriativo.mt.gov.br\/wp-content\/uploads\/2020\/10\/WhatsApp-Image-2020-10-07-at-20.18.28-1024x1024.jpeg 1024w, https:\/\/www.mtcriativo.mt.gov.br\/wp-content\/uploads\/2020\/10\/WhatsApp-Image-2020-10-07-at-20.18.28-300x300.jpeg 300w, https:\/\/www.mtcriativo.mt.gov.br\/wp-content\/uploads\/2020\/10\/WhatsApp-Image-2020-10-07-at-20.18.28-150x150.jpeg 150w, https:\/\/www.mtcriativo.mt.gov.br\/wp-content\/uploads\/2020\/10\/WhatsApp-Image-2020-10-07-at-20.18.28-768x768.jpeg 768w, https:\/\/www.mtcriativo.mt.gov.br\/wp-content\/uploads\/2020\/10\/WhatsApp-Image-2020-10-07-at-20.18.28-700x700.jpeg 700w, https:\/\/www.mtcriativo.mt.gov.br\/wp-content\/uploads\/2020\/10\/WhatsApp-Image-2020-10-07-at-20.18.28.jpeg 1080w\" sizes=\"auto, (max-width: 1024px) 100vw, 1024px\" \/><\/figure>\n","protected":false},"excerpt":{"rendered":"<p>A economia criativa de Mato Grosso ganhou um in\u00e9dito cat\u00e1logo online de divulga\u00e7\u00e3o e networting. Confira.<\/p>\n","protected":false},"author":2,"featured_media":1476,"comment_status":"closed","ping_status":"open","sticky":false,"template":"","format":"standard","meta":{"neve_meta_sidebar":"","neve_meta_container":"","neve_meta_enable_content_width":"off","neve_meta_content_width":0,"neve_meta_title_alignment":"","neve_meta_author_avatar":"","neve_post_elements_order":"","neve_meta_disable_header":"","neve_meta_disable_footer":"","neve_meta_disable_title":"","footnotes":""},"categories":[5],"tags":[],"class_list":["post-1463","post","type-post","status-publish","format-standard","has-post-thumbnail","hentry","category-noticias"],"_links":{"self":[{"href":"https:\/\/www.mtcriativo.mt.gov.br\/index.php\/wp-json\/wp\/v2\/posts\/1463","targetHints":{"allow":["GET"]}}],"collection":[{"href":"https:\/\/www.mtcriativo.mt.gov.br\/index.php\/wp-json\/wp\/v2\/posts"}],"about":[{"href":"https:\/\/www.mtcriativo.mt.gov.br\/index.php\/wp-json\/wp\/v2\/types\/post"}],"author":[{"embeddable":true,"href":"https:\/\/www.mtcriativo.mt.gov.br\/index.php\/wp-json\/wp\/v2\/users\/2"}],"replies":[{"embeddable":true,"href":"https:\/\/www.mtcriativo.mt.gov.br\/index.php\/wp-json\/wp\/v2\/comments?post=1463"}],"version-history":[{"count":3,"href":"https:\/\/www.mtcriativo.mt.gov.br\/index.php\/wp-json\/wp\/v2\/posts\/1463\/revisions"}],"predecessor-version":[{"id":1471,"href":"https:\/\/www.mtcriativo.mt.gov.br\/index.php\/wp-json\/wp\/v2\/posts\/1463\/revisions\/1471"}],"wp:featuredmedia":[{"embeddable":true,"href":"https:\/\/www.mtcriativo.mt.gov.br\/index.php\/wp-json\/wp\/v2\/media\/1476"}],"wp:attachment":[{"href":"https:\/\/www.mtcriativo.mt.gov.br\/index.php\/wp-json\/wp\/v2\/media?parent=1463"}],"wp:term":[{"taxonomy":"category","embeddable":true,"href":"https:\/\/www.mtcriativo.mt.gov.br\/index.php\/wp-json\/wp\/v2\/categories?post=1463"},{"taxonomy":"post_tag","embeddable":true,"href":"https:\/\/www.mtcriativo.mt.gov.br\/index.php\/wp-json\/wp\/v2\/tags?post=1463"}],"curies":[{"name":"wp","href":"https:\/\/api.w.org\/{rel}","templated":true}]}}