{"id":1533,"date":"2020-10-26T19:13:54","date_gmt":"2020-10-26T22:13:54","guid":{"rendered":"http:\/\/www.mtcriativo.mt.gov.br\/?p=1533"},"modified":"2020-10-26T19:13:56","modified_gmt":"2020-10-26T22:13:56","slug":"criativo-da-semana-6","status":"publish","type":"post","link":"https:\/\/www.mtcriativo.mt.gov.br\/index.php\/2020\/10\/26\/criativo-da-semana-6\/","title":{"rendered":"CRIATIVO DA SEMANA"},"content":{"rendered":"\n<p>Fernanda Gandes<\/p>\n\n\n\n<p>Fernanda Gandes \u00e9 Produtora Cultural, n\u00e3o necessariamente uma resolvedora de problemas ou somente uma executora de projetos, mas daquelas que sonha, desenvolve as ideias e cria os caminhos para fazer acontecer.<\/p>\n\n\n\n<p>Integrante do Grupo Tibanar\u00e9 desde sua cria\u00e7\u00e3o (2006), tra\u00e7a as estrat\u00e9gias para impulsionar e fortalecer os trabalhos art\u00edsticos do Grupo, tendo no curr\u00edculo in\u00fameros projetos executados via Editais P\u00fablicos e Privados, tanto locais como nacionais, como Funarte, Banco da Amaz\u00f4nia, Correios, Petrobr\u00e1s Distribuidora de Cultura, Caixa Econ\u00f4mica Federal e outros.<\/p>\n\n\n\n<p>Tem como destaque a produ\u00e7\u00e3o do espet\u00e1culo Passeio Noturno, que acontece atrav\u00e9s de temporadas especiais no Centro Hist\u00f3rico de Cuiab\u00e1 e trouxe para MT o Pr\u00eamio Brasil Criativo, em sua segunda edi\u00e7\u00e3o na categoria Teatro, al\u00e9m da co-cria\u00e7\u00e3o do Festival Z\u00e9 Bolo Fl\u00f4 de Teatro de Rua, circula\u00e7\u00f5es nacionais e apresenta\u00e7\u00f5es do espet\u00e1culo \u201cFiu Fiu &#8211; Um encontro entre p\u00e1ssaros\u201d em festivais e espa\u00e7os culturais pelo Brasil e pelo mundo afora, colaborando para sua internacionaliza\u00e7\u00e3o.<\/p>\n\n\n\n<p>Tem forma\u00e7\u00e3o em Direito e em Artes Dram\u00e1ticas, e investiga de forma independente, pr\u00e1ticas e processos de gest\u00e3o e modelagem de neg\u00f3cios criativos. Atualmente, al\u00e9m de integrante do Grupo Tibanar\u00e9, \u00e9 tamb\u00e9m formadora do Curso Superior de Produ\u00e7\u00e3o Cultural da MT Escola de Teatro\/Unemat.<\/p>\n\n\n\n<p>Fernanda Gandes<\/p>\n\n\n\n<p>Contatos: 65 98449-0919<\/p>\n\n\n\n<p>fernandagandes@gmail.com<\/p>\n\n\n\n<p>Conhe\u00e7a  perfil da Fernanda Gandes na nossa rede de empreendedores.<\/p>\n","protected":false},"excerpt":{"rendered":"<p>Fernanda Gandes \u00e9 Produtora Cultural, n\u00e3o necessariamente uma resolvedora de problemas ou somente uma executora de projetos, mas daquelas que sonha, desenvolve as ideias e cria os caminhos para fazer acontecer.<\/p>\n","protected":false},"author":2,"featured_media":1534,"comment_status":"closed","ping_status":"open","sticky":false,"template":"","format":"standard","meta":{"neve_meta_sidebar":"","neve_meta_container":"","neve_meta_enable_content_width":"off","neve_meta_content_width":0,"neve_meta_title_alignment":"","neve_meta_author_avatar":"","neve_post_elements_order":"","neve_meta_disable_header":"","neve_meta_disable_footer":"","neve_meta_disable_title":"","footnotes":""},"categories":[1],"tags":[],"class_list":["post-1533","post","type-post","status-publish","format-standard","has-post-thumbnail","hentry","category-nao-categorizado"],"_links":{"self":[{"href":"https:\/\/www.mtcriativo.mt.gov.br\/index.php\/wp-json\/wp\/v2\/posts\/1533","targetHints":{"allow":["GET"]}}],"collection":[{"href":"https:\/\/www.mtcriativo.mt.gov.br\/index.php\/wp-json\/wp\/v2\/posts"}],"about":[{"href":"https:\/\/www.mtcriativo.mt.gov.br\/index.php\/wp-json\/wp\/v2\/types\/post"}],"author":[{"embeddable":true,"href":"https:\/\/www.mtcriativo.mt.gov.br\/index.php\/wp-json\/wp\/v2\/users\/2"}],"replies":[{"embeddable":true,"href":"https:\/\/www.mtcriativo.mt.gov.br\/index.php\/wp-json\/wp\/v2\/comments?post=1533"}],"version-history":[{"count":1,"href":"https:\/\/www.mtcriativo.mt.gov.br\/index.php\/wp-json\/wp\/v2\/posts\/1533\/revisions"}],"predecessor-version":[{"id":1535,"href":"https:\/\/www.mtcriativo.mt.gov.br\/index.php\/wp-json\/wp\/v2\/posts\/1533\/revisions\/1535"}],"wp:featuredmedia":[{"embeddable":true,"href":"https:\/\/www.mtcriativo.mt.gov.br\/index.php\/wp-json\/wp\/v2\/media\/1534"}],"wp:attachment":[{"href":"https:\/\/www.mtcriativo.mt.gov.br\/index.php\/wp-json\/wp\/v2\/media?parent=1533"}],"wp:term":[{"taxonomy":"category","embeddable":true,"href":"https:\/\/www.mtcriativo.mt.gov.br\/index.php\/wp-json\/wp\/v2\/categories?post=1533"},{"taxonomy":"post_tag","embeddable":true,"href":"https:\/\/www.mtcriativo.mt.gov.br\/index.php\/wp-json\/wp\/v2\/tags?post=1533"}],"curies":[{"name":"wp","href":"https:\/\/api.w.org\/{rel}","templated":true}]}}