{"id":1547,"date":"2020-11-03T19:02:11","date_gmt":"2020-11-03T22:02:11","guid":{"rendered":"http:\/\/www.mtcriativo.mt.gov.br\/?p=1547"},"modified":"2020-11-03T19:08:25","modified_gmt":"2020-11-03T22:08:25","slug":"oficina-ensina-nocoes-de-elaboracao-e-gestao-de-projetos-culturais","status":"publish","type":"post","link":"https:\/\/www.mtcriativo.mt.gov.br\/index.php\/2020\/11\/03\/oficina-ensina-nocoes-de-elaboracao-e-gestao-de-projetos-culturais\/","title":{"rendered":"Oficina ensina no\u00e7\u00f5es de elabora\u00e7\u00e3o e gest\u00e3o de projetos culturais"},"content":{"rendered":"\n<p>Assessoria Secel-MT<\/p>\n\n\n\n<p>Qualifica\u00e7\u00e3o acontece nos dias 04 e 05 de novembro, das 19h \u00e0s 21h, de forma online e gratuita. Inscri\u00e7\u00f5es abertas.<\/p>\n\n\n\n<p>Interessados em concorrer em editais p\u00fablicos na \u00e1rea da cultura ganharam uma oportunidade de aprender a elaborar projetos. Est\u00e3o abertas as inscri\u00e7\u00f5es para a oficina de Elabora\u00e7\u00e3o e Gest\u00e3o de Projetos Culturais que ser\u00e1 ministrada por Jackeline Silva, nos dias 04 e 05 de novembro, das 19h \u00e0s 21h, de forma online e gratuita.<\/p>\n\n\n\n<p>Com direito a certificado, a oficina \u00e9 oferecida por meio de projeto contemplado pela Secretaria de Estado de Cultura, Esporte e Lazer (Secel) e ser\u00e1 realizada pela plataforma digital do Google Meet. As inscri\u00e7\u00f5es s\u00e3o gratuitas por&nbsp;<a href=\"https:\/\/docs.google.com\/forms\/d\/e\/1FAIpQLScARY2CLe00PLv7A8WT_CxYCxeuw6RniRjpigcHpTL8EqIj4A\/viewform\">AQUI<\/a>.<\/p>\n\n\n\n<p>Todos podem participar, por\u00e9m a qualifica\u00e7\u00e3o tem como p\u00fablico priorit\u00e1rio pessoas negras, jovens, mulheres, homens, LBTQs, quilombolas, religiosos de matriz africana e membros de comunidades tradicionais.<\/p>\n\n\n\n<p>A oficina apresentar\u00e1 informa\u00e7\u00f5es b\u00e1sicas que podem ajudar produtores culturais a inscreverem suas propostas nos editais lan\u00e7ados recentemente pela Secel para utiliza\u00e7\u00e3o dos recursos da Lei Aldir Blanc.<\/p>\n\n\n\n<p>Jackeline Silva \u00e9 cientista social, habilitada em Antropologia pela UFMT, especialista em Educa\u00e7\u00e3o, Patrim\u00f4nio Cultural e Art\u00edstico pela UnB e em Pol\u00edticas Culturais de Base Comunit\u00e1ria. Atua no segmento cultural h\u00e1 15 anos e trabalha com elabora\u00e7\u00e3o, produ\u00e7\u00e3o executiva e gest\u00e3o de projetos socioculturais e \u00e9 cofundadora do Instituto de Mulheres Negras de Mato Grosso (IMUNE-MT).<\/p>\n\n\n\n<p><strong>Servi\u00e7o<\/strong><\/p>\n\n\n\n<p>Evento: Oficina de Elabora\u00e7\u00e3o e Gest\u00e3o de Projetos Culturais<\/p>\n\n\n\n<p>Data: 04 e 05 de Novembro de 2020<\/p>\n\n\n\n<p>Hor\u00e1rio: das 19h \u00e0s 21h (hor\u00e1rio de Cuiab\u00e1)<\/p>\n\n\n\n<p>Local: Plataforma Digital do Google Meet<\/p>\n\n\n\n<p>Inscri\u00e7\u00f5es gratuitas: link&nbsp;<a href=\"https:\/\/docs.google.com\/forms\/d\/e\/1FAIpQLScARY2CLe00PLv7A8WT_CxYCxeuw6RniRjpigcHpTL8EqIj4A\/viewform\">AQUI&nbsp;<\/a><\/p>\n\n\n\n<p>D\u00favidas e informa\u00e7\u00f5es: mtcriativo@secel.mt.gov.br | (65) 3613-0240<\/p>\n\n\n\n<p><\/p>\n","protected":false},"excerpt":{"rendered":"<p>Assessoria Secel-MT Qualifica\u00e7\u00e3o acontece nos dias 04 e 05 de novembro, das 19h \u00e0s 21h, de forma online e gratuita. Inscri\u00e7\u00f5es abertas. Interessados em concorrer em editais p\u00fablicos na \u00e1rea&hellip;&nbsp;<a href=\"https:\/\/www.mtcriativo.mt.gov.br\/index.php\/2020\/11\/03\/oficina-ensina-nocoes-de-elaboracao-e-gestao-de-projetos-culturais\/\" class=\"\" rel=\"bookmark\">Continue a ler &raquo;<span class=\"screen-reader-text\">Oficina ensina no\u00e7\u00f5es de elabora\u00e7\u00e3o e gest\u00e3o de projetos culturais<\/span><\/a><\/p>\n","protected":false},"author":2,"featured_media":1551,"comment_status":"closed","ping_status":"open","sticky":false,"template":"","format":"standard","meta":{"neve_meta_sidebar":"","neve_meta_container":"","neve_meta_enable_content_width":"off","neve_meta_content_width":0,"neve_meta_title_alignment":"","neve_meta_author_avatar":"","neve_post_elements_order":"","neve_meta_disable_header":"","neve_meta_disable_footer":"","neve_meta_disable_title":"","footnotes":""},"categories":[5],"tags":[47,44,45,46],"class_list":["post-1547","post","type-post","status-publish","format-standard","has-post-thumbnail","hentry","category-noticias","tag-elaboracao","tag-mtcriativo","tag-noticias","tag-projetos"],"_links":{"self":[{"href":"https:\/\/www.mtcriativo.mt.gov.br\/index.php\/wp-json\/wp\/v2\/posts\/1547","targetHints":{"allow":["GET"]}}],"collection":[{"href":"https:\/\/www.mtcriativo.mt.gov.br\/index.php\/wp-json\/wp\/v2\/posts"}],"about":[{"href":"https:\/\/www.mtcriativo.mt.gov.br\/index.php\/wp-json\/wp\/v2\/types\/post"}],"author":[{"embeddable":true,"href":"https:\/\/www.mtcriativo.mt.gov.br\/index.php\/wp-json\/wp\/v2\/users\/2"}],"replies":[{"embeddable":true,"href":"https:\/\/www.mtcriativo.mt.gov.br\/index.php\/wp-json\/wp\/v2\/comments?post=1547"}],"version-history":[{"count":1,"href":"https:\/\/www.mtcriativo.mt.gov.br\/index.php\/wp-json\/wp\/v2\/posts\/1547\/revisions"}],"predecessor-version":[{"id":1550,"href":"https:\/\/www.mtcriativo.mt.gov.br\/index.php\/wp-json\/wp\/v2\/posts\/1547\/revisions\/1550"}],"wp:featuredmedia":[{"embeddable":true,"href":"https:\/\/www.mtcriativo.mt.gov.br\/index.php\/wp-json\/wp\/v2\/media\/1551"}],"wp:attachment":[{"href":"https:\/\/www.mtcriativo.mt.gov.br\/index.php\/wp-json\/wp\/v2\/media?parent=1547"}],"wp:term":[{"taxonomy":"category","embeddable":true,"href":"https:\/\/www.mtcriativo.mt.gov.br\/index.php\/wp-json\/wp\/v2\/categories?post=1547"},{"taxonomy":"post_tag","embeddable":true,"href":"https:\/\/www.mtcriativo.mt.gov.br\/index.php\/wp-json\/wp\/v2\/tags?post=1547"}],"curies":[{"name":"wp","href":"https:\/\/api.w.org\/{rel}","templated":true}]}}