{"id":1576,"date":"2020-11-16T21:25:03","date_gmt":"2020-11-17T00:25:03","guid":{"rendered":"http:\/\/www.mtcriativo.mt.gov.br\/?p=1576"},"modified":"2020-11-16T21:25:06","modified_gmt":"2020-11-17T00:25:06","slug":"criativo-da-semana-7","status":"publish","type":"post","link":"https:\/\/www.mtcriativo.mt.gov.br\/index.php\/2020\/11\/16\/criativo-da-semana-7\/","title":{"rendered":"criativo da Semana"},"content":{"rendered":"\n<p>Cl\u00e1udia Moreira \u00e9 uma pessoa que busca viver um sonho, o sonho de trabalhar de forma independente e futurista. \u00c9 uma entusiasta da internet, das redes sociais, da revolu\u00e7\u00e3o na palma da m\u00e3o, o celular . Acredita que a intelig\u00eancia e a criatividade na \u00e1rea da comunica\u00e7\u00e3o e marketing precisam do direcionamento estrat\u00e9gico para os objetivos e metas serem alcan\u00e7ados. M\u00e3e da L\u00edvia e do Hugo. Para Cl\u00e1udia ser m\u00e3e \u00e9 se reinventar, amar sem medida, ultrapassar todos os limites f\u00edsicos e ps\u00edquicos para alimentar os filhos.<br>\u00c9 publicit\u00e1ria h\u00e1 10 anos, mestre em Cultura Contempor\u00e2nea, professora de P\u00f3s Gradua\u00e7\u00e3o, atuando como pesquisadora cient\u00edfica na linha de comunica\u00e7\u00e3o e media\u00e7\u00e3o social em grupos internacionais.<br>A Claudia Moreira Consultoria em Comunica\u00e7\u00e3o e Marketing \u00e9 uma empresa especializada em intelig\u00eancia estrat\u00e9gica que auxilia pequenas, m\u00e9dias e grandes empresas na tomada de decis\u00f5es que possam fazer a diferen\u00e7a nas organiza\u00e7\u00f5es e na vida das pessoas que possui um leque de servi\u00e7o que abordam v\u00e1rios aspectos dos processos de comunica\u00e7\u00e3o e Marketing.<br>A Mentoria que \u00e9 prestada \u00e9 tamb\u00e9m uma ferramenta de desenvolvimento profissional e consiste em ajudar uma ou mais pessoas a desenvolverem conhecimentos t\u00e9cnicos, te\u00f3ricos e pr\u00e1ticos em determinado assunto com a necessidade de conhecer, se aprofundar e aplicar no dia a dia profissional. Essa Mentoria pode acontecer em grupo (de at\u00e9 6 pessoas) ou individual.<\/p>\n\n\n\n<p><br><\/p>\n\n\n\n<figure class=\"wp-block-image size-large\"><img loading=\"lazy\" decoding=\"async\" width=\"1024\" height=\"858\" src=\"https:\/\/www.mtcriativo.mt.gov.br\/wp-content\/uploads\/2020\/11\/inbound883042896697433571-1024x858-1.png\" alt=\"\" class=\"wp-image-1577\" srcset=\"https:\/\/www.mtcriativo.mt.gov.br\/wp-content\/uploads\/2020\/11\/inbound883042896697433571-1024x858-1.png 1024w, https:\/\/www.mtcriativo.mt.gov.br\/wp-content\/uploads\/2020\/11\/inbound883042896697433571-1024x858-1-300x251.png 300w, https:\/\/www.mtcriativo.mt.gov.br\/wp-content\/uploads\/2020\/11\/inbound883042896697433571-1024x858-1-768x644.png 768w\" sizes=\"auto, (max-width: 1024px) 100vw, 1024px\" \/><\/figure>\n\n\n\n<p><\/p>\n\n\n\n<p>CL\u00c1UDIA MOREIRA CONSULTORIA<\/p>\n\n\n\n<p>Telefone: 65 996364423<\/p>\n\n\n\n<p>email: <a href=\"mailto:claudiamoreirajesussilva@gmail.com\">claudiamoreirajesussilva@gmail.com<\/a><\/p>\n","protected":false},"excerpt":{"rendered":"<p>Cl\u00e1udia Moreira \u00e9 uma pessoa que busca viver um sonho, o sonho de trabalhar de forma independente e futurista. \u00c9 uma entusiasta da internet, das redes sociais, da revolu\u00e7\u00e3o na&hellip;&nbsp;<a href=\"https:\/\/www.mtcriativo.mt.gov.br\/index.php\/2020\/11\/16\/criativo-da-semana-7\/\" class=\"\" rel=\"bookmark\">Continue a ler &raquo;<span class=\"screen-reader-text\">criativo da Semana<\/span><\/a><\/p>\n","protected":false},"author":2,"featured_media":1578,"comment_status":"closed","ping_status":"open","sticky":false,"template":"","format":"standard","meta":{"neve_meta_sidebar":"","neve_meta_container":"","neve_meta_enable_content_width":"off","neve_meta_content_width":0,"neve_meta_title_alignment":"","neve_meta_author_avatar":"","neve_post_elements_order":"","neve_meta_disable_header":"","neve_meta_disable_footer":"","neve_meta_disable_title":"","footnotes":""},"categories":[1],"tags":[],"class_list":["post-1576","post","type-post","status-publish","format-standard","has-post-thumbnail","hentry","category-nao-categorizado"],"_links":{"self":[{"href":"https:\/\/www.mtcriativo.mt.gov.br\/index.php\/wp-json\/wp\/v2\/posts\/1576","targetHints":{"allow":["GET"]}}],"collection":[{"href":"https:\/\/www.mtcriativo.mt.gov.br\/index.php\/wp-json\/wp\/v2\/posts"}],"about":[{"href":"https:\/\/www.mtcriativo.mt.gov.br\/index.php\/wp-json\/wp\/v2\/types\/post"}],"author":[{"embeddable":true,"href":"https:\/\/www.mtcriativo.mt.gov.br\/index.php\/wp-json\/wp\/v2\/users\/2"}],"replies":[{"embeddable":true,"href":"https:\/\/www.mtcriativo.mt.gov.br\/index.php\/wp-json\/wp\/v2\/comments?post=1576"}],"version-history":[{"count":1,"href":"https:\/\/www.mtcriativo.mt.gov.br\/index.php\/wp-json\/wp\/v2\/posts\/1576\/revisions"}],"predecessor-version":[{"id":1579,"href":"https:\/\/www.mtcriativo.mt.gov.br\/index.php\/wp-json\/wp\/v2\/posts\/1576\/revisions\/1579"}],"wp:featuredmedia":[{"embeddable":true,"href":"https:\/\/www.mtcriativo.mt.gov.br\/index.php\/wp-json\/wp\/v2\/media\/1578"}],"wp:attachment":[{"href":"https:\/\/www.mtcriativo.mt.gov.br\/index.php\/wp-json\/wp\/v2\/media?parent=1576"}],"wp:term":[{"taxonomy":"category","embeddable":true,"href":"https:\/\/www.mtcriativo.mt.gov.br\/index.php\/wp-json\/wp\/v2\/categories?post=1576"},{"taxonomy":"post_tag","embeddable":true,"href":"https:\/\/www.mtcriativo.mt.gov.br\/index.php\/wp-json\/wp\/v2\/tags?post=1576"}],"curies":[{"name":"wp","href":"https:\/\/api.w.org\/{rel}","templated":true}]}}