{"id":1644,"date":"2021-01-04T15:36:34","date_gmt":"2021-01-04T18:36:34","guid":{"rendered":"http:\/\/www.mtcriativo.mt.gov.br\/?p=1644"},"modified":"2021-01-04T15:41:16","modified_gmt":"2021-01-04T18:41:16","slug":"criativo-da-semana-12","status":"publish","type":"post","link":"https:\/\/www.mtcriativo.mt.gov.br\/index.php\/2021\/01\/04\/criativo-da-semana-12\/","title":{"rendered":"criativo da semana"},"content":{"rendered":"\n<p><strong>Feira Gaia <\/strong>surge com&nbsp; a uni\u00e3o de uma artista visual, Adriana Milano e uma especialista em conex\u00f5es de neg\u00f3cios, Bruna Angelo, nasceu Gaia, a feira itinerante.&nbsp;<\/p>\n\n\n\n<p>Com o intuito de fomentar a economia criativa, descobrir e divulgar novos talentos e oferecer experi\u00eancias em arte, cultura, design, moda, literatura, arquitetura, m\u00fasica, gastronomia&nbsp; e lifestyle, Gaia pretende atrair um p\u00fablico interessado em conceito, exclusividade e sustentabilidade, com simplicidade.<\/p>\n\n\n\n<p>Foram realizadas duas edi\u00e7\u00f5es f\u00edsicas em 2019, a primeira em 14 de setembro no Restaurante \u00c1gua M\u00e3e e a segunda em 14 de dezembro no Espa\u00e7o Garden.<\/p>\n\n\n\n<p>A terceira edi\u00e7\u00e3o aconteceria em abril de 2020 no Museu Casa de Dom Aquino, mas em virtude da pandemia do Corona V\u00edrus, foi necess\u00e1rio suspend\u00ea-la.Come\u00e7ou ent\u00e3o um movimento digital, com a fomenta\u00e7\u00e3o dos empreendedores e artistas participantes da Feira no Instagram @feiragaia .<\/p>\n\n\n\n<p>Em agosto de 2020, neste mesmo canal, foi realizada a 1\u00aa Mostra Virtual de Arte Gaia, com o intuito de homenagear, divulgar e fomentar os artistas e fot\u00f3grafos mato-grossenses, que contou com o apoio e incentivo de intelectuais, artistas e grandes nomes da cultura mato-grossense .<\/p>\n\n\n\n<figure class=\"wp-block-gallery columns-3 is-cropped wp-block-gallery-1 is-layout-flex wp-block-gallery-is-layout-flex\"><ul class=\"blocks-gallery-grid\"><li class=\"blocks-gallery-item\"><figure><img loading=\"lazy\" decoding=\"async\" width=\"831\" height=\"1024\" src=\"https:\/\/www.mtcriativo.mt.gov.br\/wp-content\/uploads\/2021\/01\/WhatsApp-Image-2020-12-22-at-12.41.25-1-831x1024.jpeg\" alt=\"\" data-id=\"1647\" data-full-url=\"https:\/\/www.mtcriativo.mt.gov.br\/wp-content\/uploads\/2021\/01\/WhatsApp-Image-2020-12-22-at-12.41.25-1.jpeg\" data-link=\"https:\/\/www.mtcriativo.mt.gov.br\/?attachment_id=1647\" class=\"wp-image-1647\" srcset=\"https:\/\/www.mtcriativo.mt.gov.br\/wp-content\/uploads\/2021\/01\/WhatsApp-Image-2020-12-22-at-12.41.25-1-831x1024.jpeg 831w, https:\/\/www.mtcriativo.mt.gov.br\/wp-content\/uploads\/2021\/01\/WhatsApp-Image-2020-12-22-at-12.41.25-1-243x300.jpeg 243w, https:\/\/www.mtcriativo.mt.gov.br\/wp-content\/uploads\/2021\/01\/WhatsApp-Image-2020-12-22-at-12.41.25-1-768x946.jpeg 768w, https:\/\/www.mtcriativo.mt.gov.br\/wp-content\/uploads\/2021\/01\/WhatsApp-Image-2020-12-22-at-12.41.25-1.jpeg 1080w\" sizes=\"auto, (max-width: 831px) 100vw, 831px\" \/><\/figure><\/li><li class=\"blocks-gallery-item\"><figure><img loading=\"lazy\" decoding=\"async\" width=\"831\" height=\"1024\" src=\"https:\/\/www.mtcriativo.mt.gov.br\/wp-content\/uploads\/2021\/01\/WhatsApp-Image-2020-12-22-at-12.41.25-831x1024.jpeg\" alt=\"\" data-id=\"1648\" data-full-url=\"https:\/\/www.mtcriativo.mt.gov.br\/wp-content\/uploads\/2021\/01\/WhatsApp-Image-2020-12-22-at-12.41.25.jpeg\" data-link=\"https:\/\/www.mtcriativo.mt.gov.br\/?attachment_id=1648\" class=\"wp-image-1648\" srcset=\"https:\/\/www.mtcriativo.mt.gov.br\/wp-content\/uploads\/2021\/01\/WhatsApp-Image-2020-12-22-at-12.41.25-831x1024.jpeg 831w, https:\/\/www.mtcriativo.mt.gov.br\/wp-content\/uploads\/2021\/01\/WhatsApp-Image-2020-12-22-at-12.41.25-243x300.jpeg 243w, https:\/\/www.mtcriativo.mt.gov.br\/wp-content\/uploads\/2021\/01\/WhatsApp-Image-2020-12-22-at-12.41.25-768x946.jpeg 768w, https:\/\/www.mtcriativo.mt.gov.br\/wp-content\/uploads\/2021\/01\/WhatsApp-Image-2020-12-22-at-12.41.25.jpeg 1080w\" sizes=\"auto, (max-width: 831px) 100vw, 831px\" \/><\/figure><\/li><li class=\"blocks-gallery-item\"><figure><img loading=\"lazy\" decoding=\"async\" width=\"831\" height=\"1024\" src=\"https:\/\/www.mtcriativo.mt.gov.br\/wp-content\/uploads\/2021\/01\/WhatsApp-Image-2020-12-22-at-12.41.26-1-831x1024.jpeg\" alt=\"\" data-id=\"1649\" data-full-url=\"https:\/\/www.mtcriativo.mt.gov.br\/wp-content\/uploads\/2021\/01\/WhatsApp-Image-2020-12-22-at-12.41.26-1.jpeg\" data-link=\"https:\/\/www.mtcriativo.mt.gov.br\/?attachment_id=1649\" class=\"wp-image-1649\" srcset=\"https:\/\/www.mtcriativo.mt.gov.br\/wp-content\/uploads\/2021\/01\/WhatsApp-Image-2020-12-22-at-12.41.26-1-831x1024.jpeg 831w, https:\/\/www.mtcriativo.mt.gov.br\/wp-content\/uploads\/2021\/01\/WhatsApp-Image-2020-12-22-at-12.41.26-1-243x300.jpeg 243w, https:\/\/www.mtcriativo.mt.gov.br\/wp-content\/uploads\/2021\/01\/WhatsApp-Image-2020-12-22-at-12.41.26-1-768x946.jpeg 768w, https:\/\/www.mtcriativo.mt.gov.br\/wp-content\/uploads\/2021\/01\/WhatsApp-Image-2020-12-22-at-12.41.26-1.jpeg 1080w\" sizes=\"auto, (max-width: 831px) 100vw, 831px\" \/><\/figure><\/li><\/ul><figcaption class=\"blocks-gallery-caption\">Feira Gaia<\/figcaption><\/figure>\n\n\n\n<p><br><strong>Adriana Milano<\/strong> \u00e9 artista brasileira e uma&nbsp; das idealizadoras e realizadoras da Feira Gaia.<\/p>\n\n\n\n<p>Sua carreira teve in\u00edcio em 2001 com a cria\u00e7\u00e3o de relic\u00e1rios, cuja inspira\u00e7\u00e3o vem da f\u00e9 , sincretismos,&nbsp; diversidade e liberdade religiosa. Com eles participou de exposi\u00e7\u00f5es e criou instala\u00e7\u00f5es com temas humanistas, e uma delas foi selecionada para o Sal\u00e3o Jovem Arte de MT em 2016.<\/p>\n\n\n\n<p>Em uma segunda fase , em 2018, deu in\u00edcio ao desenho em papel, com ilustra\u00e7\u00f5es usando t\u00e9cnicas de aquarele e acr\u00edlica. Um trabalho ainda em estudos e descobertas. Em tempos de isolamento devido \u00e0 pandemia comercializa sua arte em seu perfil @adriana_milano&nbsp;<\/p>\n\n\n\n<p>&nbsp;Em 2019, passeando pelo design de acess\u00f3rios, criou a marca Semente Artesanal @sementeartesanal , onde apresenta colares autorais em fibras naturais, incentiva o consumo consciente e questiona o papel da mulher na sociedade.&nbsp;<\/p>\n\n\n\n<p>Administra tamb\u00e9m um coletivo virtual de arte @benditomercado , que comercializa as suas obras e de outros artistas mato-grossenses.<\/p>\n\n\n\n<div class=\"wp-block-group\"><div class=\"wp-block-group__inner-container is-layout-flow wp-block-group-is-layout-flow\">\n<figure class=\"wp-block-image size-large is-style-rounded\"><img loading=\"lazy\" decoding=\"async\" width=\"1024\" height=\"1024\" src=\"https:\/\/www.mtcriativo.mt.gov.br\/wp-content\/uploads\/2021\/01\/WhatsApp-Image-2020-12-22-at-12.40.27-1024x1024.jpeg\" alt=\"\" class=\"wp-image-1653\" srcset=\"https:\/\/www.mtcriativo.mt.gov.br\/wp-content\/uploads\/2021\/01\/WhatsApp-Image-2020-12-22-at-12.40.27-1024x1024.jpeg 1024w, https:\/\/www.mtcriativo.mt.gov.br\/wp-content\/uploads\/2021\/01\/WhatsApp-Image-2020-12-22-at-12.40.27-300x300.jpeg 300w, https:\/\/www.mtcriativo.mt.gov.br\/wp-content\/uploads\/2021\/01\/WhatsApp-Image-2020-12-22-at-12.40.27-150x150.jpeg 150w, https:\/\/www.mtcriativo.mt.gov.br\/wp-content\/uploads\/2021\/01\/WhatsApp-Image-2020-12-22-at-12.40.27-768x768.jpeg 768w, https:\/\/www.mtcriativo.mt.gov.br\/wp-content\/uploads\/2021\/01\/WhatsApp-Image-2020-12-22-at-12.40.27-700x700.jpeg 700w, https:\/\/www.mtcriativo.mt.gov.br\/wp-content\/uploads\/2021\/01\/WhatsApp-Image-2020-12-22-at-12.40.27.jpeg 1080w\" sizes=\"auto, (max-width: 1024px) 100vw, 1024px\" \/><figcaption>Adriana Milano<\/figcaption><\/figure>\n<\/div><\/div>\n\n\n\n<p><strong>Bruna Angelo<\/strong> \u00e9 especialista em Design de Interiores e Relacionamento com Parceiros Especificadores, e uma das idealizadoras da Feira Gaia.<\/p>\n\n\n\n<p>Realiza&nbsp; conex\u00f5es de neg\u00f3cios em arquitetura e arquitetura de interiores e tamb\u00e9m a curadoria, organiza\u00e7\u00e3o e produ\u00e7\u00e3o de eventos&nbsp; para todos os segmentos.<\/p>\n\n\n\n<p>Conectar profissionais da arquitetura e arquitetura de interiores a empresas do ramo j\u00e1 consolidadas no mercado, e, pequenos empreendedores e artistas a essas grandes empresas \u00e9 o seu prop\u00f3sito, que acontece atrav\u00e9s de a\u00e7\u00f5es e eventos desenvolvidos para gerar experi\u00eancias de valor.<\/p>\n\n\n\n<p>A partir do desenvolvimento desse trabalho, nasceu a parceria com a artista visual Adriana Milano com a idealiza\u00e7\u00e3o e realiza\u00e7\u00e3o da Feira Gaia, que hoje faz parte do Coletivo Gaia.<\/p>\n\n\n\n<figure class=\"wp-block-image size-large is-style-rounded\"><img loading=\"lazy\" decoding=\"async\" width=\"713\" height=\"1024\" src=\"https:\/\/www.mtcriativo.mt.gov.br\/wp-content\/uploads\/2021\/01\/WhatsApp-Image-2020-12-22-at-12.39.30.jpeg\" alt=\"\" class=\"wp-image-1654\" srcset=\"https:\/\/www.mtcriativo.mt.gov.br\/wp-content\/uploads\/2021\/01\/WhatsApp-Image-2020-12-22-at-12.39.30.jpeg 713w, https:\/\/www.mtcriativo.mt.gov.br\/wp-content\/uploads\/2021\/01\/WhatsApp-Image-2020-12-22-at-12.39.30-209x300.jpeg 209w\" sizes=\"auto, (max-width: 713px) 100vw, 713px\" \/><figcaption>Bruna Angelo<\/figcaption><\/figure>\n\n\n\n<figure class=\"wp-block-gallery columns-3 is-cropped wp-block-gallery-2 is-layout-flex wp-block-gallery-is-layout-flex\"><ul class=\"blocks-gallery-grid\"><li class=\"blocks-gallery-item\"><figure><img loading=\"lazy\" decoding=\"async\" width=\"1024\" height=\"683\" src=\"https:\/\/www.mtcriativo.mt.gov.br\/wp-content\/uploads\/2021\/01\/WhatsApp-Image-2020-12-22-at-12.41.26-2-1-1024x683.jpeg\" alt=\"\" data-id=\"1660\" data-full-url=\"https:\/\/www.mtcriativo.mt.gov.br\/wp-content\/uploads\/2021\/01\/WhatsApp-Image-2020-12-22-at-12.41.26-2-1.jpeg\" data-link=\"https:\/\/www.mtcriativo.mt.gov.br\/?attachment_id=1660\" class=\"wp-image-1660\" srcset=\"https:\/\/www.mtcriativo.mt.gov.br\/wp-content\/uploads\/2021\/01\/WhatsApp-Image-2020-12-22-at-12.41.26-2-1-1024x683.jpeg 1024w, https:\/\/www.mtcriativo.mt.gov.br\/wp-content\/uploads\/2021\/01\/WhatsApp-Image-2020-12-22-at-12.41.26-2-1-300x200.jpeg 300w, https:\/\/www.mtcriativo.mt.gov.br\/wp-content\/uploads\/2021\/01\/WhatsApp-Image-2020-12-22-at-12.41.26-2-1-768x512.jpeg 768w, https:\/\/www.mtcriativo.mt.gov.br\/wp-content\/uploads\/2021\/01\/WhatsApp-Image-2020-12-22-at-12.41.26-2-1-930x620.jpeg 930w, https:\/\/www.mtcriativo.mt.gov.br\/wp-content\/uploads\/2021\/01\/WhatsApp-Image-2020-12-22-at-12.41.26-2-1.jpeg 1080w\" sizes=\"auto, (max-width: 1024px) 100vw, 1024px\" \/><\/figure><\/li><li class=\"blocks-gallery-item\"><figure><img loading=\"lazy\" decoding=\"async\" width=\"828\" height=\"1024\" src=\"https:\/\/www.mtcriativo.mt.gov.br\/wp-content\/uploads\/2021\/01\/WhatsApp-Image-2020-12-22-at-12.41.26-3-828x1024.jpeg\" alt=\"\" data-id=\"1661\" data-full-url=\"https:\/\/www.mtcriativo.mt.gov.br\/wp-content\/uploads\/2021\/01\/WhatsApp-Image-2020-12-22-at-12.41.26-3.jpeg\" data-link=\"https:\/\/www.mtcriativo.mt.gov.br\/?attachment_id=1661\" class=\"wp-image-1661\" srcset=\"https:\/\/www.mtcriativo.mt.gov.br\/wp-content\/uploads\/2021\/01\/WhatsApp-Image-2020-12-22-at-12.41.26-3-828x1024.jpeg 828w, https:\/\/www.mtcriativo.mt.gov.br\/wp-content\/uploads\/2021\/01\/WhatsApp-Image-2020-12-22-at-12.41.26-3-243x300.jpeg 243w, https:\/\/www.mtcriativo.mt.gov.br\/wp-content\/uploads\/2021\/01\/WhatsApp-Image-2020-12-22-at-12.41.26-3-768x950.jpeg 768w, https:\/\/www.mtcriativo.mt.gov.br\/wp-content\/uploads\/2021\/01\/WhatsApp-Image-2020-12-22-at-12.41.26-3.jpeg 1080w\" sizes=\"auto, (max-width: 828px) 100vw, 828px\" \/><\/figure><\/li><li class=\"blocks-gallery-item\"><figure><img loading=\"lazy\" decoding=\"async\" width=\"853\" height=\"853\" src=\"https:\/\/www.mtcriativo.mt.gov.br\/wp-content\/uploads\/2021\/01\/WhatsApp-Image-2020-12-22-at-12.41.27-1-1.jpeg\" alt=\"\" data-id=\"1662\" data-full-url=\"https:\/\/www.mtcriativo.mt.gov.br\/wp-content\/uploads\/2021\/01\/WhatsApp-Image-2020-12-22-at-12.41.27-1-1.jpeg\" data-link=\"https:\/\/www.mtcriativo.mt.gov.br\/?attachment_id=1662\" class=\"wp-image-1662\" srcset=\"https:\/\/www.mtcriativo.mt.gov.br\/wp-content\/uploads\/2021\/01\/WhatsApp-Image-2020-12-22-at-12.41.27-1-1.jpeg 853w, https:\/\/www.mtcriativo.mt.gov.br\/wp-content\/uploads\/2021\/01\/WhatsApp-Image-2020-12-22-at-12.41.27-1-1-300x300.jpeg 300w, https:\/\/www.mtcriativo.mt.gov.br\/wp-content\/uploads\/2021\/01\/WhatsApp-Image-2020-12-22-at-12.41.27-1-1-150x150.jpeg 150w, https:\/\/www.mtcriativo.mt.gov.br\/wp-content\/uploads\/2021\/01\/WhatsApp-Image-2020-12-22-at-12.41.27-1-1-768x768.jpeg 768w, https:\/\/www.mtcriativo.mt.gov.br\/wp-content\/uploads\/2021\/01\/WhatsApp-Image-2020-12-22-at-12.41.27-1-1-700x700.jpeg 700w\" sizes=\"auto, (max-width: 853px) 100vw, 853px\" \/><\/figure><\/li><li class=\"blocks-gallery-item\"><figure><img loading=\"lazy\" decoding=\"async\" width=\"853\" height=\"853\" src=\"https:\/\/www.mtcriativo.mt.gov.br\/wp-content\/uploads\/2021\/01\/WhatsApp-Image-2020-12-22-at-12.41.27-2-1.jpeg\" alt=\"\" data-id=\"1663\" data-full-url=\"https:\/\/www.mtcriativo.mt.gov.br\/wp-content\/uploads\/2021\/01\/WhatsApp-Image-2020-12-22-at-12.41.27-2-1.jpeg\" data-link=\"https:\/\/www.mtcriativo.mt.gov.br\/?attachment_id=1663\" class=\"wp-image-1663\" srcset=\"https:\/\/www.mtcriativo.mt.gov.br\/wp-content\/uploads\/2021\/01\/WhatsApp-Image-2020-12-22-at-12.41.27-2-1.jpeg 853w, https:\/\/www.mtcriativo.mt.gov.br\/wp-content\/uploads\/2021\/01\/WhatsApp-Image-2020-12-22-at-12.41.27-2-1-300x300.jpeg 300w, https:\/\/www.mtcriativo.mt.gov.br\/wp-content\/uploads\/2021\/01\/WhatsApp-Image-2020-12-22-at-12.41.27-2-1-150x150.jpeg 150w, https:\/\/www.mtcriativo.mt.gov.br\/wp-content\/uploads\/2021\/01\/WhatsApp-Image-2020-12-22-at-12.41.27-2-1-768x768.jpeg 768w, https:\/\/www.mtcriativo.mt.gov.br\/wp-content\/uploads\/2021\/01\/WhatsApp-Image-2020-12-22-at-12.41.27-2-1-700x700.jpeg 700w\" sizes=\"auto, (max-width: 853px) 100vw, 853px\" \/><\/figure><\/li><li class=\"blocks-gallery-item\"><figure><img loading=\"lazy\" decoding=\"async\" width=\"1024\" height=\"768\" src=\"https:\/\/www.mtcriativo.mt.gov.br\/wp-content\/uploads\/2021\/01\/WhatsApp-Image-2020-12-22-at-12.41.27-3-2-1024x768.jpeg\" alt=\"\" data-id=\"1664\" data-full-url=\"https:\/\/www.mtcriativo.mt.gov.br\/wp-content\/uploads\/2021\/01\/WhatsApp-Image-2020-12-22-at-12.41.27-3-2.jpeg\" data-link=\"https:\/\/www.mtcriativo.mt.gov.br\/?attachment_id=1664\" class=\"wp-image-1664\" srcset=\"https:\/\/www.mtcriativo.mt.gov.br\/wp-content\/uploads\/2021\/01\/WhatsApp-Image-2020-12-22-at-12.41.27-3-2-1024x768.jpeg 1024w, https:\/\/www.mtcriativo.mt.gov.br\/wp-content\/uploads\/2021\/01\/WhatsApp-Image-2020-12-22-at-12.41.27-3-2-300x225.jpeg 300w, https:\/\/www.mtcriativo.mt.gov.br\/wp-content\/uploads\/2021\/01\/WhatsApp-Image-2020-12-22-at-12.41.27-3-2-768x576.jpeg 768w, https:\/\/www.mtcriativo.mt.gov.br\/wp-content\/uploads\/2021\/01\/WhatsApp-Image-2020-12-22-at-12.41.27-3-2.jpeg 1080w\" sizes=\"auto, (max-width: 1024px) 100vw, 1024px\" \/><\/figure><\/li><li class=\"blocks-gallery-item\"><figure><img loading=\"lazy\" decoding=\"async\" width=\"1024\" height=\"683\" src=\"https:\/\/www.mtcriativo.mt.gov.br\/wp-content\/uploads\/2021\/01\/WhatsApp-Image-2020-12-22-at-12.41.27-5-1024x683.jpeg\" alt=\"\" data-id=\"1665\" data-full-url=\"https:\/\/www.mtcriativo.mt.gov.br\/wp-content\/uploads\/2021\/01\/WhatsApp-Image-2020-12-22-at-12.41.27-5.jpeg\" data-link=\"https:\/\/www.mtcriativo.mt.gov.br\/?attachment_id=1665\" class=\"wp-image-1665\" srcset=\"https:\/\/www.mtcriativo.mt.gov.br\/wp-content\/uploads\/2021\/01\/WhatsApp-Image-2020-12-22-at-12.41.27-5-1024x683.jpeg 1024w, https:\/\/www.mtcriativo.mt.gov.br\/wp-content\/uploads\/2021\/01\/WhatsApp-Image-2020-12-22-at-12.41.27-5-300x200.jpeg 300w, https:\/\/www.mtcriativo.mt.gov.br\/wp-content\/uploads\/2021\/01\/WhatsApp-Image-2020-12-22-at-12.41.27-5-768x512.jpeg 768w, https:\/\/www.mtcriativo.mt.gov.br\/wp-content\/uploads\/2021\/01\/WhatsApp-Image-2020-12-22-at-12.41.27-5-930x620.jpeg 930w, https:\/\/www.mtcriativo.mt.gov.br\/wp-content\/uploads\/2021\/01\/WhatsApp-Image-2020-12-22-at-12.41.27-5.jpeg 1080w\" sizes=\"auto, (max-width: 1024px) 100vw, 1024px\" \/><\/figure><\/li><\/ul><figcaption class=\"blocks-gallery-caption\">Feira Gaia<\/figcaption><\/figure>\n\n\n\n<p>Rua 24 de outubro n. 495 Galeria Theodora Bellano Sala01 Bairro Goiabeiras Cuiab\u00e1<\/p>\n\n\n\n<p>65.984083338<\/p>\n\n\n\n<p><a href=\"mailto:drikamilano@hotmail.com\">drikamilano@hotmail.com<\/a><\/p>\n","protected":false},"excerpt":{"rendered":"<p>Feira Gaia surge com&nbsp; a uni\u00e3o de uma artista visual, Adriana Milano e uma especialista em conex\u00f5es de neg\u00f3cios, Bruna Angelo, nasceu Gaia, a feira itinerante.&nbsp; Com o intuito de&hellip;&nbsp;<a href=\"https:\/\/www.mtcriativo.mt.gov.br\/index.php\/2021\/01\/04\/criativo-da-semana-12\/\" class=\"\" rel=\"bookmark\">Continue a ler &raquo;<span class=\"screen-reader-text\">criativo da semana<\/span><\/a><\/p>\n","protected":false},"author":2,"featured_media":1646,"comment_status":"closed","ping_status":"open","sticky":false,"template":"","format":"standard","meta":{"neve_meta_sidebar":"","neve_meta_container":"","neve_meta_enable_content_width":"off","neve_meta_content_width":0,"neve_meta_title_alignment":"","neve_meta_author_avatar":"","neve_post_elements_order":"","neve_meta_disable_header":"","neve_meta_disable_footer":"","neve_meta_disable_title":"","footnotes":""},"categories":[1],"tags":[],"class_list":["post-1644","post","type-post","status-publish","format-standard","has-post-thumbnail","hentry","category-nao-categorizado"],"_links":{"self":[{"href":"https:\/\/www.mtcriativo.mt.gov.br\/index.php\/wp-json\/wp\/v2\/posts\/1644","targetHints":{"allow":["GET"]}}],"collection":[{"href":"https:\/\/www.mtcriativo.mt.gov.br\/index.php\/wp-json\/wp\/v2\/posts"}],"about":[{"href":"https:\/\/www.mtcriativo.mt.gov.br\/index.php\/wp-json\/wp\/v2\/types\/post"}],"author":[{"embeddable":true,"href":"https:\/\/www.mtcriativo.mt.gov.br\/index.php\/wp-json\/wp\/v2\/users\/2"}],"replies":[{"embeddable":true,"href":"https:\/\/www.mtcriativo.mt.gov.br\/index.php\/wp-json\/wp\/v2\/comments?post=1644"}],"version-history":[{"count":4,"href":"https:\/\/www.mtcriativo.mt.gov.br\/index.php\/wp-json\/wp\/v2\/posts\/1644\/revisions"}],"predecessor-version":[{"id":1670,"href":"https:\/\/www.mtcriativo.mt.gov.br\/index.php\/wp-json\/wp\/v2\/posts\/1644\/revisions\/1670"}],"wp:featuredmedia":[{"embeddable":true,"href":"https:\/\/www.mtcriativo.mt.gov.br\/index.php\/wp-json\/wp\/v2\/media\/1646"}],"wp:attachment":[{"href":"https:\/\/www.mtcriativo.mt.gov.br\/index.php\/wp-json\/wp\/v2\/media?parent=1644"}],"wp:term":[{"taxonomy":"category","embeddable":true,"href":"https:\/\/www.mtcriativo.mt.gov.br\/index.php\/wp-json\/wp\/v2\/categories?post=1644"},{"taxonomy":"post_tag","embeddable":true,"href":"https:\/\/www.mtcriativo.mt.gov.br\/index.php\/wp-json\/wp\/v2\/tags?post=1644"}],"curies":[{"name":"wp","href":"https:\/\/api.w.org\/{rel}","templated":true}]}}