{"id":1677,"date":"2021-01-11T16:23:52","date_gmt":"2021-01-11T19:23:52","guid":{"rendered":"http:\/\/www.mtcriativo.mt.gov.br\/?p=1677"},"modified":"2021-01-11T16:23:53","modified_gmt":"2021-01-11T19:23:53","slug":"criativo-da-semana-13","status":"publish","type":"post","link":"https:\/\/www.mtcriativo.mt.gov.br\/index.php\/2021\/01\/11\/criativo-da-semana-13\/","title":{"rendered":"criativo da semana"},"content":{"rendered":"\n<p><strong>Entre cores e formas, um ateli\u00ea generoso e criativo<\/strong><\/p>\n\n\n\n<p><strong><em>Artista faz da cer\u00e2mica e da aquarela um portal para autodescobertas<\/em><\/strong><\/p>\n\n\n\n<p><strong>Embora simples e objetiva, a palavra \u201crespire\u201d \u2013 aplicada cuidadosamente letra por letra numa plaquinha colorida de barro \u2013 nunca soou t\u00e3o poderosa e vital como atualmente. Quem assina esta ora\u00e7\u00e3o ao tempo em contornos de cer\u00e2mica \u00e9 a artista e jornalista Isa Sousa, tamb\u00e9m conhecida por Generosa Criativa \u2013 seu ateli\u00ea que, desde 2019, concede por meio da arte um f\u00f4lego extra para o dia a dia mato-grossense.<\/strong><\/p>\n\n\n\n<p><strong>Se cer\u00e2mica tem a ver com tato, beleza e subjetividade, Isa encontrou nela uma porta para autodescobertas. \u201cTudo come\u00e7ou em 2018 quando recebi o diagn\u00f3stico de um transtorno de ansiedade generalizado (TAG). Al\u00e9m da terapia, procurei alternativas para esquecer um pouco os problemas no ambiente de trabalho que vivia \u00e0 \u00e9poca e tamb\u00e9m problemas de ordem pessoal. Comecei primeiro na cer\u00e2mica e tentei, sozinha e sem nenhum conhecimento, na aquarela logo em seguida\u201d.<\/strong><\/p>\n\n\n\n<figure class=\"wp-block-gallery columns-3 is-cropped wp-block-gallery-1 is-layout-flex wp-block-gallery-is-layout-flex\"><ul class=\"blocks-gallery-grid\"><li class=\"blocks-gallery-item\"><figure><img loading=\"lazy\" decoding=\"async\" width=\"682\" height=\"1024\" src=\"https:\/\/www.mtcriativo.mt.gov.br\/wp-content\/uploads\/2021\/01\/atelie-generosa-criativa_foto-de-george-dias-2-682x1024.jpeg\" alt=\"\" data-id=\"1681\" data-link=\"https:\/\/www.mtcriativo.mt.gov.br\/?attachment_id=1681\" class=\"wp-image-1681\" srcset=\"https:\/\/www.mtcriativo.mt.gov.br\/wp-content\/uploads\/2021\/01\/atelie-generosa-criativa_foto-de-george-dias-2-682x1024.jpeg 682w, https:\/\/www.mtcriativo.mt.gov.br\/wp-content\/uploads\/2021\/01\/atelie-generosa-criativa_foto-de-george-dias-2-200x300.jpeg 200w, https:\/\/www.mtcriativo.mt.gov.br\/wp-content\/uploads\/2021\/01\/atelie-generosa-criativa_foto-de-george-dias-2-768x1152.jpeg 768w, https:\/\/www.mtcriativo.mt.gov.br\/wp-content\/uploads\/2021\/01\/atelie-generosa-criativa_foto-de-george-dias-2.jpeg 853w\" sizes=\"auto, (max-width: 682px) 100vw, 682px\" \/><\/figure><\/li><li class=\"blocks-gallery-item\"><figure><img loading=\"lazy\" decoding=\"async\" width=\"682\" height=\"1024\" src=\"https:\/\/www.mtcriativo.mt.gov.br\/wp-content\/uploads\/2021\/01\/atelie-generosa-criativa_foto-de-george-dias-4-682x1024.jpeg\" alt=\"\" data-id=\"1682\" data-link=\"https:\/\/www.mtcriativo.mt.gov.br\/?attachment_id=1682\" class=\"wp-image-1682\" srcset=\"https:\/\/www.mtcriativo.mt.gov.br\/wp-content\/uploads\/2021\/01\/atelie-generosa-criativa_foto-de-george-dias-4-682x1024.jpeg 682w, https:\/\/www.mtcriativo.mt.gov.br\/wp-content\/uploads\/2021\/01\/atelie-generosa-criativa_foto-de-george-dias-4-200x300.jpeg 200w, https:\/\/www.mtcriativo.mt.gov.br\/wp-content\/uploads\/2021\/01\/atelie-generosa-criativa_foto-de-george-dias-4-768x1152.jpeg 768w, https:\/\/www.mtcriativo.mt.gov.br\/wp-content\/uploads\/2021\/01\/atelie-generosa-criativa_foto-de-george-dias-4.jpeg 853w\" sizes=\"auto, (max-width: 682px) 100vw, 682px\" \/><\/figure><\/li><li class=\"blocks-gallery-item\"><figure><img loading=\"lazy\" decoding=\"async\" width=\"1024\" height=\"682\" src=\"https:\/\/www.mtcriativo.mt.gov.br\/wp-content\/uploads\/2021\/01\/atelie-generosa-criativa_foto-de-george-dias-5-1024x682.jpeg\" alt=\"\" data-id=\"1683\" data-link=\"https:\/\/www.mtcriativo.mt.gov.br\/?attachment_id=1683\" class=\"wp-image-1683\" srcset=\"https:\/\/www.mtcriativo.mt.gov.br\/wp-content\/uploads\/2021\/01\/atelie-generosa-criativa_foto-de-george-dias-5-1024x682.jpeg 1024w, https:\/\/www.mtcriativo.mt.gov.br\/wp-content\/uploads\/2021\/01\/atelie-generosa-criativa_foto-de-george-dias-5-300x200.jpeg 300w, https:\/\/www.mtcriativo.mt.gov.br\/wp-content\/uploads\/2021\/01\/atelie-generosa-criativa_foto-de-george-dias-5-768x512.jpeg 768w, https:\/\/www.mtcriativo.mt.gov.br\/wp-content\/uploads\/2021\/01\/atelie-generosa-criativa_foto-de-george-dias-5-930x620.jpeg 930w, https:\/\/www.mtcriativo.mt.gov.br\/wp-content\/uploads\/2021\/01\/atelie-generosa-criativa_foto-de-george-dias-5.jpeg 1280w\" sizes=\"auto, (max-width: 1024px) 100vw, 1024px\" \/><\/figure><\/li><li class=\"blocks-gallery-item\"><figure><img loading=\"lazy\" decoding=\"async\" width=\"1024\" height=\"682\" src=\"https:\/\/www.mtcriativo.mt.gov.br\/wp-content\/uploads\/2021\/01\/atelie-generosa-criativa_foto-de-george-dias-11-1024x682.jpeg\" alt=\"\" data-id=\"1687\" data-link=\"https:\/\/www.mtcriativo.mt.gov.br\/?attachment_id=1687\" class=\"wp-image-1687\" srcset=\"https:\/\/www.mtcriativo.mt.gov.br\/wp-content\/uploads\/2021\/01\/atelie-generosa-criativa_foto-de-george-dias-11-1024x682.jpeg 1024w, https:\/\/www.mtcriativo.mt.gov.br\/wp-content\/uploads\/2021\/01\/atelie-generosa-criativa_foto-de-george-dias-11-300x200.jpeg 300w, https:\/\/www.mtcriativo.mt.gov.br\/wp-content\/uploads\/2021\/01\/atelie-generosa-criativa_foto-de-george-dias-11-768x512.jpeg 768w, https:\/\/www.mtcriativo.mt.gov.br\/wp-content\/uploads\/2021\/01\/atelie-generosa-criativa_foto-de-george-dias-11-930x620.jpeg 930w, https:\/\/www.mtcriativo.mt.gov.br\/wp-content\/uploads\/2021\/01\/atelie-generosa-criativa_foto-de-george-dias-11.jpeg 1280w\" sizes=\"auto, (max-width: 1024px) 100vw, 1024px\" \/><\/figure><\/li><li class=\"blocks-gallery-item\"><figure><img loading=\"lazy\" decoding=\"async\" width=\"1024\" height=\"682\" src=\"https:\/\/www.mtcriativo.mt.gov.br\/wp-content\/uploads\/2021\/01\/exposicao-no-sesc-arsenal--1024x682.jpeg\" alt=\"\" data-id=\"1688\" data-link=\"https:\/\/www.mtcriativo.mt.gov.br\/?attachment_id=1688\" class=\"wp-image-1688\" srcset=\"https:\/\/www.mtcriativo.mt.gov.br\/wp-content\/uploads\/2021\/01\/exposicao-no-sesc-arsenal--1024x682.jpeg 1024w, https:\/\/www.mtcriativo.mt.gov.br\/wp-content\/uploads\/2021\/01\/exposicao-no-sesc-arsenal--300x200.jpeg 300w, https:\/\/www.mtcriativo.mt.gov.br\/wp-content\/uploads\/2021\/01\/exposicao-no-sesc-arsenal--768x512.jpeg 768w, https:\/\/www.mtcriativo.mt.gov.br\/wp-content\/uploads\/2021\/01\/exposicao-no-sesc-arsenal--930x620.jpeg 930w, https:\/\/www.mtcriativo.mt.gov.br\/wp-content\/uploads\/2021\/01\/exposicao-no-sesc-arsenal-.jpeg 1280w\" sizes=\"auto, (max-width: 1024px) 100vw, 1024px\" \/><\/figure><\/li><li class=\"blocks-gallery-item\"><figure><img loading=\"lazy\" decoding=\"async\" width=\"1024\" height=\"682\" src=\"https:\/\/www.mtcriativo.mt.gov.br\/wp-content\/uploads\/2021\/01\/atelie-generosa-criativa_foto-de-george-dias-12-1024x682.jpeg\" alt=\"\" data-id=\"1693\" data-full-url=\"https:\/\/www.mtcriativo.mt.gov.br\/wp-content\/uploads\/2021\/01\/atelie-generosa-criativa_foto-de-george-dias-12.jpeg\" data-link=\"https:\/\/www.mtcriativo.mt.gov.br\/?attachment_id=1693\" class=\"wp-image-1693\" srcset=\"https:\/\/www.mtcriativo.mt.gov.br\/wp-content\/uploads\/2021\/01\/atelie-generosa-criativa_foto-de-george-dias-12-1024x682.jpeg 1024w, https:\/\/www.mtcriativo.mt.gov.br\/wp-content\/uploads\/2021\/01\/atelie-generosa-criativa_foto-de-george-dias-12-300x200.jpeg 300w, https:\/\/www.mtcriativo.mt.gov.br\/wp-content\/uploads\/2021\/01\/atelie-generosa-criativa_foto-de-george-dias-12-768x512.jpeg 768w, https:\/\/www.mtcriativo.mt.gov.br\/wp-content\/uploads\/2021\/01\/atelie-generosa-criativa_foto-de-george-dias-12-930x620.jpeg 930w, https:\/\/www.mtcriativo.mt.gov.br\/wp-content\/uploads\/2021\/01\/atelie-generosa-criativa_foto-de-george-dias-12.jpeg 1280w\" sizes=\"auto, (max-width: 1024px) 100vw, 1024px\" \/><\/figure><\/li><\/ul><\/figure>\n\n\n\n<p><strong>Foi em 2019 que Isa mudou sua percep\u00e7\u00e3o acerca de seu novo hobby. \u201cFiz um curso de empreendedorismo no Sebrae, o Bootcamp. Em uma semana de curso, sa\u00ed com o nome da marca e a proposta de fazer um ateli\u00ea de artes. T\u00ednhamos que fazer pesquisa em campo para testar a viabilidade do neg\u00f3cio e foi a\u00ed que percebi que o que eu fazia como hobby poderia virar trabalho. Ainda n\u00e3o \u00e9 minha fonte principal de renda, mas estou trabalhando e fazendo cursos no sentido de poder vir a ser, sim, meu trabalho principal\u201d.<\/strong><\/p>\n\n\n\n<p><strong>Desde ent\u00e3o, a jornada de Isa pelo mundo do empreendedorismo criativo se molda e se renova a cada nova pe\u00e7a e estudo. \u201cForam mais de 20 cursos de aquarela, com diferentes professores e artistas de relev\u00e2ncia no pa\u00eds. Inclusive, as aulas de cer\u00e2mica foram com o Ronei Ferraz, ceramista aqui em Cuiab\u00e1 com mais de 20 anos de experi\u00eancia, que \u00e9 meu mestre at\u00e9 hoje e me aconselha e ajuda com tudo que preciso. Hoje, tamb\u00e9m fa\u00e7o uma p\u00f3s-gradua\u00e7\u00e3o em Arteterapia\u201d.<\/strong><\/p>\n\n\n\n<p><strong>ATELI\u00ca &#8211; Com o Generosa Criativa, cujo nome \u00e9 uma homenagem ao seu pai (Generoso), Isa faz do seu trabalho um anfiteatro onde hist\u00f3rias ganham vida e inspira os demais ao levar a arte at\u00e9 mesmo para aqueles que n\u00e3o sabiam o quanto precisavam v\u00ea-la. \u201cO que me faz continuar \u00e9 enxergar que a gente pode viver uma vida com mais prop\u00f3sito. A aquarela e a cer\u00e2mica me permitem criar, estar em contato com novas pessoas e ser desafiada por elas, quando me pedem encomendas, por exemplo. Me faz querer melhorar, ir atr\u00e1s de ferramentas, cursos e habilidades que eu nem sabia que tinha\u201d.<\/strong><\/p>\n\n\n\n<p><strong>De maneira vers\u00e1til e desmistificada, Isa conquista diariamente novos seguidores e f\u00e3s que acompanham suas obras em seu perfil no Instagram (@generosacriativa). No toque das m\u00e3os \u2013 e dos olhos \u2013, a artista transforma a argila e esmalta cores em uma infinidade de itens \u2013 de plaquinhas, pratos, incens\u00e1rios, porta-joias, (canecas) baleias, passarinhos, folhas at\u00e9 poemas, como do imortal autor mato-grossense Manoel de Barros.<\/strong><\/p>\n\n\n\n<p><strong>Pelo universo da aquarela, Isa faz das suas experi\u00eancias seu guia e dos desafios um incentivo para continuar. De imagens cl\u00e1ssicas de Cuiab\u00e1 ao retrato de Charles Bukowski, um de seus autores preferidos, passando pelo pr\u00f3prio cora\u00e7\u00e3o pulsando no papel, a artista se aventura em camadas de tintas e refer\u00eancias que habitam a cidade e tamb\u00e9m libertam a imagina\u00e7\u00e3o num voo caloroso por sua alma.<\/strong><\/p>\n\n\n\n<figure class=\"wp-block-gallery columns-3 is-cropped wp-block-gallery-2 is-layout-flex wp-block-gallery-is-layout-flex\"><ul class=\"blocks-gallery-grid\"><li class=\"blocks-gallery-item\"><figure><img loading=\"lazy\" decoding=\"async\" width=\"682\" height=\"1024\" src=\"https:\/\/www.mtcriativo.mt.gov.br\/wp-content\/uploads\/2021\/01\/atelie-generosa-criativa_foto-de-george-dias-6-682x1024.jpeg\" alt=\"\" data-id=\"1684\" data-link=\"https:\/\/www.mtcriativo.mt.gov.br\/?attachment_id=1684\" class=\"wp-image-1684\" srcset=\"https:\/\/www.mtcriativo.mt.gov.br\/wp-content\/uploads\/2021\/01\/atelie-generosa-criativa_foto-de-george-dias-6-682x1024.jpeg 682w, https:\/\/www.mtcriativo.mt.gov.br\/wp-content\/uploads\/2021\/01\/atelie-generosa-criativa_foto-de-george-dias-6-200x300.jpeg 200w, https:\/\/www.mtcriativo.mt.gov.br\/wp-content\/uploads\/2021\/01\/atelie-generosa-criativa_foto-de-george-dias-6-768x1152.jpeg 768w, https:\/\/www.mtcriativo.mt.gov.br\/wp-content\/uploads\/2021\/01\/atelie-generosa-criativa_foto-de-george-dias-6.jpeg 853w\" sizes=\"auto, (max-width: 682px) 100vw, 682px\" \/><\/figure><\/li><li class=\"blocks-gallery-item\"><figure><img loading=\"lazy\" decoding=\"async\" width=\"1024\" height=\"682\" src=\"https:\/\/www.mtcriativo.mt.gov.br\/wp-content\/uploads\/2021\/01\/atelie-generosa-criativa_foto-de-george-dias-8-1024x682.jpeg\" alt=\"\" data-id=\"1685\" data-link=\"https:\/\/www.mtcriativo.mt.gov.br\/?attachment_id=1685\" class=\"wp-image-1685\" srcset=\"https:\/\/www.mtcriativo.mt.gov.br\/wp-content\/uploads\/2021\/01\/atelie-generosa-criativa_foto-de-george-dias-8-1024x682.jpeg 1024w, https:\/\/www.mtcriativo.mt.gov.br\/wp-content\/uploads\/2021\/01\/atelie-generosa-criativa_foto-de-george-dias-8-300x200.jpeg 300w, https:\/\/www.mtcriativo.mt.gov.br\/wp-content\/uploads\/2021\/01\/atelie-generosa-criativa_foto-de-george-dias-8-768x512.jpeg 768w, https:\/\/www.mtcriativo.mt.gov.br\/wp-content\/uploads\/2021\/01\/atelie-generosa-criativa_foto-de-george-dias-8-930x620.jpeg 930w, https:\/\/www.mtcriativo.mt.gov.br\/wp-content\/uploads\/2021\/01\/atelie-generosa-criativa_foto-de-george-dias-8.jpeg 1280w\" sizes=\"auto, (max-width: 1024px) 100vw, 1024px\" \/><\/figure><\/li><li class=\"blocks-gallery-item\"><figure><img loading=\"lazy\" decoding=\"async\" width=\"1024\" height=\"682\" src=\"https:\/\/www.mtcriativo.mt.gov.br\/wp-content\/uploads\/2021\/01\/atelie-generosa-criativa_foto-de-george-dias-9-1024x682.jpeg\" alt=\"\" data-id=\"1686\" data-link=\"https:\/\/www.mtcriativo.mt.gov.br\/?attachment_id=1686\" class=\"wp-image-1686\" srcset=\"https:\/\/www.mtcriativo.mt.gov.br\/wp-content\/uploads\/2021\/01\/atelie-generosa-criativa_foto-de-george-dias-9-1024x682.jpeg 1024w, https:\/\/www.mtcriativo.mt.gov.br\/wp-content\/uploads\/2021\/01\/atelie-generosa-criativa_foto-de-george-dias-9-300x200.jpeg 300w, https:\/\/www.mtcriativo.mt.gov.br\/wp-content\/uploads\/2021\/01\/atelie-generosa-criativa_foto-de-george-dias-9-768x512.jpeg 768w, https:\/\/www.mtcriativo.mt.gov.br\/wp-content\/uploads\/2021\/01\/atelie-generosa-criativa_foto-de-george-dias-9-930x620.jpeg 930w, https:\/\/www.mtcriativo.mt.gov.br\/wp-content\/uploads\/2021\/01\/atelie-generosa-criativa_foto-de-george-dias-9.jpeg 1280w\" sizes=\"auto, (max-width: 1024px) 100vw, 1024px\" \/><\/figure><\/li><li class=\"blocks-gallery-item\"><figure><img loading=\"lazy\" decoding=\"async\" width=\"682\" height=\"1024\" src=\"https:\/\/www.mtcriativo.mt.gov.br\/wp-content\/uploads\/2021\/01\/atelie-generosa-criativa_foto-de-george-dias-1-1-682x1024.jpeg\" alt=\"\" data-id=\"1689\" data-full-url=\"https:\/\/www.mtcriativo.mt.gov.br\/wp-content\/uploads\/2021\/01\/atelie-generosa-criativa_foto-de-george-dias-1-1.jpeg\" data-link=\"https:\/\/www.mtcriativo.mt.gov.br\/?attachment_id=1689\" class=\"wp-image-1689\" srcset=\"https:\/\/www.mtcriativo.mt.gov.br\/wp-content\/uploads\/2021\/01\/atelie-generosa-criativa_foto-de-george-dias-1-1-682x1024.jpeg 682w, https:\/\/www.mtcriativo.mt.gov.br\/wp-content\/uploads\/2021\/01\/atelie-generosa-criativa_foto-de-george-dias-1-1-200x300.jpeg 200w, https:\/\/www.mtcriativo.mt.gov.br\/wp-content\/uploads\/2021\/01\/atelie-generosa-criativa_foto-de-george-dias-1-1-768x1152.jpeg 768w, https:\/\/www.mtcriativo.mt.gov.br\/wp-content\/uploads\/2021\/01\/atelie-generosa-criativa_foto-de-george-dias-1-1.jpeg 853w\" sizes=\"auto, (max-width: 682px) 100vw, 682px\" \/><\/figure><\/li><\/ul><\/figure>\n\n\n\n<p><\/p>\n\n\n\n<p><strong>2021 \u2013 Do futuro, ap\u00f3s um ano como 2020, pouco se sabe, mas nos planos de Isa est\u00e3o o crescimento do ateli\u00ea, a forma\u00e7\u00e3o em Arteterapia e mais oficinas. \u201cNo ano passado tive a oportunidade de dar duas oficinas para as meninas que est\u00e3o no Complexo Pomeri. Foram experi\u00eancias engrandecedoras e que quero continuar vivendo neste ano. Al\u00e9m disso, \u00e9 agora em 2021 que terei conclu\u00eddo minha p\u00f3s-gradua\u00e7\u00e3o em Arteterapia. Sobre o ateli\u00ea, o que desejo \u00e9 que ele cres\u00e7a e v\u00e1 para ainda mais casas, aqui em Mato Grosso e al\u00e9m-estado tamb\u00e9m\u201d.<\/strong><\/p>\n\n\n\n<p><strong>MAIS INFORMA\u00c7\u00d5ES \u2013 O site do ateli\u00ea \u00e9&nbsp; <\/strong><a href=\"http:\/\/www.generosacriativa.com\/\"><strong>www.generosacriativa.com<\/strong><\/a><strong> ou pelo Instagram, <\/strong><a href=\"http:\/\/instagram.com\/generosacriativa\"><strong>http:\/\/instagram.com\/generosacriativa<\/strong><\/a><strong>.<\/strong><\/p>\n\n\n\n<p><strong>&#8212;<\/strong><\/p>\n\n\n\n<p><strong>Isa Sousa<\/strong><\/p>\n\n\n\n<p><strong>+55 65 98119 6931<\/strong><\/p>\n\n\n\n<figure class=\"wp-block-gallery columns-3 is-cropped wp-block-gallery-3 is-layout-flex wp-block-gallery-is-layout-flex\"><ul class=\"blocks-gallery-grid\"><li class=\"blocks-gallery-item\"><figure><img loading=\"lazy\" decoding=\"async\" width=\"1024\" height=\"682\" src=\"https:\/\/www.mtcriativo.mt.gov.br\/wp-content\/uploads\/2021\/01\/pintando-pe\u00e7as-de-ceramica-1024x682.jpeg\" alt=\"\" data-id=\"1690\" data-link=\"https:\/\/www.mtcriativo.mt.gov.br\/?attachment_id=1690\" class=\"wp-image-1690\" srcset=\"https:\/\/www.mtcriativo.mt.gov.br\/wp-content\/uploads\/2021\/01\/pintando-pe\u00e7as-de-ceramica-1024x682.jpeg 1024w, https:\/\/www.mtcriativo.mt.gov.br\/wp-content\/uploads\/2021\/01\/pintando-pe\u00e7as-de-ceramica-300x200.jpeg 300w, https:\/\/www.mtcriativo.mt.gov.br\/wp-content\/uploads\/2021\/01\/pintando-pe\u00e7as-de-ceramica-768x512.jpeg 768w, https:\/\/www.mtcriativo.mt.gov.br\/wp-content\/uploads\/2021\/01\/pintando-pe\u00e7as-de-ceramica-930x620.jpeg 930w, https:\/\/www.mtcriativo.mt.gov.br\/wp-content\/uploads\/2021\/01\/pintando-pe\u00e7as-de-ceramica.jpeg 1280w\" sizes=\"auto, (max-width: 1024px) 100vw, 1024px\" \/><\/figure><\/li><li class=\"blocks-gallery-item\"><figure><img loading=\"lazy\" decoding=\"async\" width=\"1024\" height=\"682\" src=\"https:\/\/www.mtcriativo.mt.gov.br\/wp-content\/uploads\/2021\/01\/plaquinhas-de-ceramica-1024x682.jpeg\" alt=\"\" data-id=\"1691\" data-link=\"https:\/\/www.mtcriativo.mt.gov.br\/?attachment_id=1691\" class=\"wp-image-1691\" srcset=\"https:\/\/www.mtcriativo.mt.gov.br\/wp-content\/uploads\/2021\/01\/plaquinhas-de-ceramica-1024x682.jpeg 1024w, https:\/\/www.mtcriativo.mt.gov.br\/wp-content\/uploads\/2021\/01\/plaquinhas-de-ceramica-300x200.jpeg 300w, https:\/\/www.mtcriativo.mt.gov.br\/wp-content\/uploads\/2021\/01\/plaquinhas-de-ceramica-768x512.jpeg 768w, https:\/\/www.mtcriativo.mt.gov.br\/wp-content\/uploads\/2021\/01\/plaquinhas-de-ceramica-930x620.jpeg 930w, https:\/\/www.mtcriativo.mt.gov.br\/wp-content\/uploads\/2021\/01\/plaquinhas-de-ceramica.jpeg 1280w\" sizes=\"auto, (max-width: 1024px) 100vw, 1024px\" \/><\/figure><\/li><li class=\"blocks-gallery-item\"><figure><img loading=\"lazy\" decoding=\"async\" width=\"1024\" height=\"682\" src=\"https:\/\/www.mtcriativo.mt.gov.br\/wp-content\/uploads\/2021\/01\/atelie-generosa-criativa_foto-de-george-dias-11-1-1024x682.jpeg\" alt=\"\" data-id=\"1692\" data-full-url=\"https:\/\/www.mtcriativo.mt.gov.br\/wp-content\/uploads\/2021\/01\/atelie-generosa-criativa_foto-de-george-dias-11-1.jpeg\" data-link=\"https:\/\/www.mtcriativo.mt.gov.br\/?attachment_id=1692\" class=\"wp-image-1692\" srcset=\"https:\/\/www.mtcriativo.mt.gov.br\/wp-content\/uploads\/2021\/01\/atelie-generosa-criativa_foto-de-george-dias-11-1-1024x682.jpeg 1024w, https:\/\/www.mtcriativo.mt.gov.br\/wp-content\/uploads\/2021\/01\/atelie-generosa-criativa_foto-de-george-dias-11-1-300x200.jpeg 300w, https:\/\/www.mtcriativo.mt.gov.br\/wp-content\/uploads\/2021\/01\/atelie-generosa-criativa_foto-de-george-dias-11-1-768x512.jpeg 768w, https:\/\/www.mtcriativo.mt.gov.br\/wp-content\/uploads\/2021\/01\/atelie-generosa-criativa_foto-de-george-dias-11-1-930x620.jpeg 930w, https:\/\/www.mtcriativo.mt.gov.br\/wp-content\/uploads\/2021\/01\/atelie-generosa-criativa_foto-de-george-dias-11-1.jpeg 1280w\" sizes=\"auto, (max-width: 1024px) 100vw, 1024px\" \/><\/figure><\/li><\/ul><\/figure>\n","protected":false},"excerpt":{"rendered":"<p>Entre cores e formas, um ateli\u00ea generoso e criativo Artista faz da cer\u00e2mica e da aquarela um portal para autodescobertas Embora simples e objetiva, a palavra \u201crespire\u201d \u2013 aplicada cuidadosamente&hellip;&nbsp;<a href=\"https:\/\/www.mtcriativo.mt.gov.br\/index.php\/2021\/01\/11\/criativo-da-semana-13\/\" class=\"\" rel=\"bookmark\">Continue a ler &raquo;<span class=\"screen-reader-text\">criativo da semana<\/span><\/a><\/p>\n","protected":false},"author":2,"featured_media":1679,"comment_status":"closed","ping_status":"open","sticky":false,"template":"","format":"standard","meta":{"neve_meta_sidebar":"","neve_meta_container":"","neve_meta_enable_content_width":"off","neve_meta_content_width":0,"neve_meta_title_alignment":"","neve_meta_author_avatar":"","neve_post_elements_order":"","neve_meta_disable_header":"","neve_meta_disable_footer":"","neve_meta_disable_title":"","footnotes":""},"categories":[1],"tags":[],"class_list":["post-1677","post","type-post","status-publish","format-standard","has-post-thumbnail","hentry","category-nao-categorizado"],"_links":{"self":[{"href":"https:\/\/www.mtcriativo.mt.gov.br\/index.php\/wp-json\/wp\/v2\/posts\/1677","targetHints":{"allow":["GET"]}}],"collection":[{"href":"https:\/\/www.mtcriativo.mt.gov.br\/index.php\/wp-json\/wp\/v2\/posts"}],"about":[{"href":"https:\/\/www.mtcriativo.mt.gov.br\/index.php\/wp-json\/wp\/v2\/types\/post"}],"author":[{"embeddable":true,"href":"https:\/\/www.mtcriativo.mt.gov.br\/index.php\/wp-json\/wp\/v2\/users\/2"}],"replies":[{"embeddable":true,"href":"https:\/\/www.mtcriativo.mt.gov.br\/index.php\/wp-json\/wp\/v2\/comments?post=1677"}],"version-history":[{"count":1,"href":"https:\/\/www.mtcriativo.mt.gov.br\/index.php\/wp-json\/wp\/v2\/posts\/1677\/revisions"}],"predecessor-version":[{"id":1694,"href":"https:\/\/www.mtcriativo.mt.gov.br\/index.php\/wp-json\/wp\/v2\/posts\/1677\/revisions\/1694"}],"wp:featuredmedia":[{"embeddable":true,"href":"https:\/\/www.mtcriativo.mt.gov.br\/index.php\/wp-json\/wp\/v2\/media\/1679"}],"wp:attachment":[{"href":"https:\/\/www.mtcriativo.mt.gov.br\/index.php\/wp-json\/wp\/v2\/media?parent=1677"}],"wp:term":[{"taxonomy":"category","embeddable":true,"href":"https:\/\/www.mtcriativo.mt.gov.br\/index.php\/wp-json\/wp\/v2\/categories?post=1677"},{"taxonomy":"post_tag","embeddable":true,"href":"https:\/\/www.mtcriativo.mt.gov.br\/index.php\/wp-json\/wp\/v2\/tags?post=1677"}],"curies":[{"name":"wp","href":"https:\/\/api.w.org\/{rel}","templated":true}]}}