{"id":1725,"date":"2021-01-25T17:56:46","date_gmt":"2021-01-25T20:56:46","guid":{"rendered":"http:\/\/www.mtcriativo.mt.gov.br\/?p=1725"},"modified":"2021-01-25T17:56:48","modified_gmt":"2021-01-25T20:56:48","slug":"secel-convoca-contemplados-em-editais-da-lei-aldir-blanc-para-capacitacao-de-prestacao-de-contas","status":"publish","type":"post","link":"https:\/\/www.mtcriativo.mt.gov.br\/index.php\/2021\/01\/25\/secel-convoca-contemplados-em-editais-da-lei-aldir-blanc-para-capacitacao-de-prestacao-de-contas\/","title":{"rendered":"Secel convoca contemplados em editais da Lei Aldir Blanc para capacita\u00e7\u00e3o de presta\u00e7\u00e3o de contas"},"content":{"rendered":"\n<h5 class=\"wp-block-heading\">O curso, que levar\u00e1 aprendizagem sobre presta\u00e7\u00e3o de contas, foi segmentado por territ\u00f3rio cultural delimitando os munic\u00edpios participantes a cada data, com encontros de 26 janeiro a 03 de fevereiro<\/h5>\n\n\n\n<p>Secel\/MT<\/p>\n\n\n\n<p>A partir da pr\u00f3xima ter\u00e7a-feira (26.01), a Secretaria de Estado de Cultura, Esporte e Lazer (Secel\/MT) inicia o projeto continuado de capacita\u00e7\u00e3o em presta\u00e7\u00e3o de contas. A qualifica\u00e7\u00e3o \u00e9 realizada em parceria com a organiza\u00e7\u00e3o social A\u00e7\u00e3o Cultural e levar\u00e1 aprendizagem sobre demonstra\u00e7\u00e3o, comprova\u00e7\u00e3o do objeto e execu\u00e7\u00e3o financeira dos projetos contemplados nos editais estaduais da Lei Aldir Blanc.<\/p>\n\n\n\n<p>Com o objetivo de garantir que os projetos distribu\u00eddos por todo o estado sejam executados de forma correta, segura e dentro das normas estabelecidas nos editais, o curso \u00e9 disponibilizado de forma online e presencial. Al\u00e9m dos web-encontros com o passo a passo de como elaborar relat\u00f3rio de presta\u00e7\u00e3o de contas, todos os proponentes dos 570 projetos selecionados receber\u00e3o atendimento personalizado via telefone caso necessitem.<\/p>\n\n\n\n<p>De acordo com os editais, a presta\u00e7\u00e3o de contas dever\u00e1 ser entregue em, at\u00e9 no m\u00e1ximo, trinta dias ap\u00f3s o t\u00e9rmino do prazo de execu\u00e7\u00e3o do projeto.<\/p>\n\n\n\n<p>As capacita\u00e7\u00f5es foram segmentadas por territ\u00f3rio cultural, delimitando os munic\u00edpios participantes a cada data. Para realizar a inscri\u00e7\u00e3o, o proponente deve acessar os links informados em seu respectivo territ\u00f3rio cultural, conforme programa\u00e7\u00e3o abaixo.<\/p>\n\n\n\n<p>Territ\u00f3rio Cultural Teles Pires<\/p>\n\n\n\n<p>Data: ter\u00e7a-feira (26.01)<\/p>\n\n\n\n<p>Hor\u00e1rio: 18h \u00e0s 21h<\/p>\n\n\n\n<p>Participantes: Proponentes dos munic\u00edpios de Alta Floresta, Col\u00edder, Matup\u00e1, Nova Cana\u00e3 do Norte, Peixoto de Azevedo, Lucas do Rio Verde, Nova Mutum, Sorriso, Sinop, Feliz Natal, Nova Ubirat\u00e3 e Uni\u00e3o do Sul.<\/p>\n\n\n\n<p>Link de inscri\u00e7\u00e3o:<a href=\"https:\/\/docs.google.com\/forms\/d\/e\/1FAIpQLSfjo9NPjDDaa0Oz0yu1r9H2R-UJUn-x3KBpKUMq_ynZ0LLBZw\/viewform\" target=\"_blank\" rel=\"noreferrer noopener\">https:\/\/docs.google.com\/forms\/d\/e\/1FAIpQLSfjo9NPjDDaa0Oz0yu1r9H2R-UJUn-x3KBpKUMq_ynZ0LLBZw\/viewform<\/a><\/p>\n\n\n\n<p>Territ\u00f3rio Cultural Paraguai-Guapor\u00e9<\/p>\n\n\n\n<p>Data: ter\u00e7a-feira (26.01)<\/p>\n\n\n\n<p>Hor\u00e1rio: 18h \u00e0s 21h<\/p>\n\n\n\n<p>Participantes: proponentes dos munic\u00edpios de Araputanga, C\u00e1ceres, Comodoro, Rio Branco, S\u00e3o Jos\u00e9 dos Quatro Marcos e Sapezal<\/p>\n\n\n\n<p>Link de Inscri\u00e7\u00e3o: <a href=\"https:\/\/docs.google.com\/forms\/d\/e\/1FAIpQLSd_g04lcDSUehrM2zvIimWfOFx2xhsLH4kMFBqu2Qiiu0rd8Q\/viewform\">https:\/\/docs.google.com\/forms\/d\/e\/1FAIpQLSd_g04lcDSUehrM2zvIimWfOFx2xhsLH4kMFBqu2Qiiu0rd8Q\/viewform<\/a><\/p>\n\n\n\n<p>Territ\u00f3rio Cultural Juruena<\/p>\n\n\n\n<p>Data: quarta-feira (27.01)<\/p>\n\n\n\n<p>Hor\u00e1rio: 18h \u00e0s 21h<\/p>\n\n\n\n<p>Participantes: proponentes dos munic\u00edpios de Barra do Bugres, Brasnorte, Campo Novo do Parecis, Diamantino, Ju\u00edna, Juara, Nova Ol\u00edmpia e Tangar\u00e1 da Serra<\/p>\n\n\n\n<p>Link de Inscri\u00e7\u00e3o: <a href=\"https:\/\/docs.google.com\/forms\/d\/e\/1FAIpQLSfeev7pViHMhlRZkZ6xYZSSYGqzV3Uc0wQdooweCdzXqLw9Kw\/viewform\">https:\/\/docs.google.com\/forms\/d\/e\/1FAIpQLSfeev7pViHMhlRZkZ6xYZSSYGqzV3Uc0wQdooweCdzXqLw9Kw\/viewform<\/a><\/p>\n\n\n\n<p>Territ\u00f3rio Cultural Araguaia<\/p>\n\n\n\n<p>Data: quarta-feira (27.01)<\/p>\n\n\n\n<p>Hor\u00e1rio: 18h \u00e0s 21h<\/p>\n\n\n\n<p>Participantes: proponentes dos munic\u00edpios de Barra do Gar\u00e7as, Canarana, Nova Xavantina, Quer\u00eancia e Ribeir\u00e3o Cascalheira<\/p>\n\n\n\n<p>Link de Inscri\u00e7\u00e3o: <a href=\"https:\/\/docs.google.com\/forms\/d\/e\/1FAIpQLSd-wM_o7A66U4GUQvlPzMBelFlP_GrGa-HS91W8j1yF2PAi1Q\/viewform\">https:\/\/docs.google.com\/forms\/d\/e\/1FAIpQLSd-wM_o7A66U4GUQvlPzMBelFlP_GrGa-HS91W8j1yF2PAi1Q\/viewform<\/a><\/p>\n\n\n\n<p>Territ\u00f3rio Cultural Vermelho<\/p>\n\n\n\n<p>Data: quinta-feira (28.01)<\/p>\n\n\n\n<p>Participantes: proponentes dos munic\u00edpios de Campo Verde, Jaciara, Juscimeira, Paranatinga, Poxor\u00e9u, Primavera do Leste, Rondon\u00f3polis, Santo Ant\u00f4nio do Leverger<\/p>\n\n\n\n<p>Link de Inscri\u00e7\u00e3o: <a href=\"https:\/\/docs.google.com\/forms\/d\/e\/1FAIpQLSfZq0wk1K-Us_3droglUASQ82H5VY-qna0hqEAvrwZQ9ChWcw\/viewform\">https:\/\/docs.google.com\/forms\/d\/e\/1FAIpQLSfZq0wk1K-Us_3droglUASQ82H5VY-qna0hqEAvrwZQ9ChWcw\/viewform<\/a><\/p>\n\n\n\n<p>Territ\u00f3rio Cultural Cuiab\u00e1 \u2013 Grupo 01<\/p>\n\n\n\n<p>Data: segunda-feira (01.02)<\/p>\n\n\n\n<p>Hor\u00e1rio: 18h \u00e0s 21h<\/p>\n\n\n\n<p>Participantes: proponentes do Munic\u00edpio de Cuiab\u00e1 contemplados nos editais Circuito de Mostras e Festivais, Conex\u00e3o Cultura Jovem, MT Criativo e Conex\u00e3o Mestres da Cultura<br><\/p>\n\n\n\n<p>Link de Inscri\u00e7\u00e3o: <a href=\"https:\/\/docs.google.com\/forms\/d\/e\/1FAIpQLSd1ZJkVlECJSpBExhgxtp-gufw8_6IGCp6oIndsZR1zbUPCpg\/viewform\">https:\/\/docs.google.com\/forms\/d\/e\/1FAIpQLSd1ZJkVlECJSpBExhgxtp-gufw8_6IGCp6oIndsZR1zbUPCpg\/viewform<\/a><\/p>\n\n\n\n<p>Territ\u00f3rio Cultural Cuiab\u00e1 \u2013 Grupo 02<\/p>\n\n\n\n<p>Data: ter\u00e7a-feira (02.02)<\/p>\n\n\n\n<p>Hor\u00e1rio: 18h \u00e0s 21h<\/p>\n\n\n\n<p>Participantes: proponentes do Munic\u00edpio de Cuiab\u00e1 contemplados no edital MT Nascentes<\/p>\n\n\n\n<p>Link de Inscri\u00e7\u00e3o: <a href=\"https:\/\/docs.google.com\/forms\/d\/e\/1FAIpQLSetCqb0voYgvPFcMAhlCNzFJSWFSfAHF7iJV1Rp81b11sPBvg\/viewform\">https:\/\/docs.google.com\/forms\/d\/e\/1FAIpQLSetCqb0voYgvPFcMAhlCNzFJSWFSfAHF7iJV1Rp81b11sPBvg\/viewform<\/a><\/p>\n\n\n\n<p>Territ\u00f3rio Cultural Cuiab\u00e1 \u2013 Grupo 03<\/p>\n\n\n\n<p>Data: quarta-feira (03.02)<\/p>\n\n\n\n<p>Hor\u00e1rio: 18h \u00e0s 21h<\/p>\n\n\n\n<p>Participantes: proponentes dos munic\u00edpios de Bar\u00e3o do Melga\u00e7o Chapada dos Guimar\u00e3es, Nossa Senhora do Livramento, Nova Brasil\u00e2ndia, Pocon\u00e9, Ros\u00e1rio Oeste e V\u00e1rzea Grande<\/p>\n\n\n\n<p>Link de Inscri\u00e7\u00e3o: <a href=\"https:\/\/docs.google.com\/forms\/d\/e\/1FAIpQLSf-1YIqCUcbQKVg_kEz-0ppdP8_wYQ7O2TysICTJGXHzBHS1g\/viewform\">https:\/\/docs.google.com\/forms\/d\/e\/1FAIpQLSf-1YIqCUcbQKVg_kEz-0ppdP8_wYQ7O2TysICTJGXHzBHS1g\/viewform<\/a><\/p>\n","protected":false},"excerpt":{"rendered":"<p>O curso, que levar\u00e1 aprendizagem sobre presta\u00e7\u00e3o de contas, foi segmentado por territ\u00f3rio cultural delimitando os munic\u00edpios participantes a cada data, com encontros de 26 janeiro a 03 de fevereiro&hellip;&nbsp;<a href=\"https:\/\/www.mtcriativo.mt.gov.br\/index.php\/2021\/01\/25\/secel-convoca-contemplados-em-editais-da-lei-aldir-blanc-para-capacitacao-de-prestacao-de-contas\/\" class=\"\" rel=\"bookmark\">Continue a ler &raquo;<span class=\"screen-reader-text\">Secel convoca contemplados em editais da Lei Aldir Blanc para capacita\u00e7\u00e3o de presta\u00e7\u00e3o de contas<\/span><\/a><\/p>\n","protected":false},"author":2,"featured_media":1726,"comment_status":"closed","ping_status":"open","sticky":false,"template":"","format":"standard","meta":{"neve_meta_sidebar":"","neve_meta_container":"","neve_meta_enable_content_width":"off","neve_meta_content_width":0,"neve_meta_title_alignment":"","neve_meta_author_avatar":"","neve_post_elements_order":"","neve_meta_disable_header":"","neve_meta_disable_footer":"","neve_meta_disable_title":"","footnotes":""},"categories":[5],"tags":[],"class_list":["post-1725","post","type-post","status-publish","format-standard","has-post-thumbnail","hentry","category-noticias"],"_links":{"self":[{"href":"https:\/\/www.mtcriativo.mt.gov.br\/index.php\/wp-json\/wp\/v2\/posts\/1725","targetHints":{"allow":["GET"]}}],"collection":[{"href":"https:\/\/www.mtcriativo.mt.gov.br\/index.php\/wp-json\/wp\/v2\/posts"}],"about":[{"href":"https:\/\/www.mtcriativo.mt.gov.br\/index.php\/wp-json\/wp\/v2\/types\/post"}],"author":[{"embeddable":true,"href":"https:\/\/www.mtcriativo.mt.gov.br\/index.php\/wp-json\/wp\/v2\/users\/2"}],"replies":[{"embeddable":true,"href":"https:\/\/www.mtcriativo.mt.gov.br\/index.php\/wp-json\/wp\/v2\/comments?post=1725"}],"version-history":[{"count":1,"href":"https:\/\/www.mtcriativo.mt.gov.br\/index.php\/wp-json\/wp\/v2\/posts\/1725\/revisions"}],"predecessor-version":[{"id":1727,"href":"https:\/\/www.mtcriativo.mt.gov.br\/index.php\/wp-json\/wp\/v2\/posts\/1725\/revisions\/1727"}],"wp:featuredmedia":[{"embeddable":true,"href":"https:\/\/www.mtcriativo.mt.gov.br\/index.php\/wp-json\/wp\/v2\/media\/1726"}],"wp:attachment":[{"href":"https:\/\/www.mtcriativo.mt.gov.br\/index.php\/wp-json\/wp\/v2\/media?parent=1725"}],"wp:term":[{"taxonomy":"category","embeddable":true,"href":"https:\/\/www.mtcriativo.mt.gov.br\/index.php\/wp-json\/wp\/v2\/categories?post=1725"},{"taxonomy":"post_tag","embeddable":true,"href":"https:\/\/www.mtcriativo.mt.gov.br\/index.php\/wp-json\/wp\/v2\/tags?post=1725"}],"curies":[{"name":"wp","href":"https:\/\/api.w.org\/{rel}","templated":true}]}}