{"id":1780,"date":"2021-02-01T15:02:39","date_gmt":"2021-02-01T18:02:39","guid":{"rendered":"http:\/\/www.mtcriativo.mt.gov.br\/?p=1780"},"modified":"2021-02-01T15:04:28","modified_gmt":"2021-02-01T18:04:28","slug":"criativo-da-semana-16","status":"publish","type":"post","link":"https:\/\/www.mtcriativo.mt.gov.br\/index.php\/2021\/02\/01\/criativo-da-semana-16\/","title":{"rendered":"criativo da semana"},"content":{"rendered":"\n<p>Varanda Bot\u00e2nica<br><br>     Nascida no bairro do Porto, a Varanda Bot\u00e2nica \u00e9 um laborat\u00f3rio de experimentos bot\u00e2nico-art\u00edstico que busca incentivar o cultivo de plantas nos espa\u00e7os habitados. Pelas m\u00e3os zelosas de sua idealizadora, Julia Muxfeldt, as mudinhas, arranjos e kokedamas s\u00e3o cuidados e preparados com uma mescla de conhecimentos adquiridos tanto em pesquisas, quanto no dia a dia com a observa\u00e7\u00e3o do processo de adapta\u00e7\u00e3o das plantas ao clima cuiabano.\u00a0<\/p>\n\n\n\n<figure class=\"wp-block-gallery columns-1 is-cropped wp-block-gallery-1 is-layout-flex wp-block-gallery-is-layout-flex\"><ul class=\"blocks-gallery-grid\"><li class=\"blocks-gallery-item\"><figure><img loading=\"lazy\" decoding=\"async\" width=\"768\" height=\"1024\" src=\"https:\/\/www.mtcriativo.mt.gov.br\/wp-content\/uploads\/2021\/02\/arranjo-varanda-768x1024.jpg\" alt=\"\" data-id=\"1781\" data-full-url=\"https:\/\/www.mtcriativo.mt.gov.br\/wp-content\/uploads\/2021\/02\/arranjo-varanda.jpg\" data-link=\"https:\/\/www.mtcriativo.mt.gov.br\/?attachment_id=1781\" class=\"wp-image-1781\" srcset=\"https:\/\/www.mtcriativo.mt.gov.br\/wp-content\/uploads\/2021\/02\/arranjo-varanda-768x1024.jpg 768w, https:\/\/www.mtcriativo.mt.gov.br\/wp-content\/uploads\/2021\/02\/arranjo-varanda-225x300.jpg 225w, https:\/\/www.mtcriativo.mt.gov.br\/wp-content\/uploads\/2021\/02\/arranjo-varanda.jpg 960w\" sizes=\"auto, (max-width: 768px) 100vw, 768px\" \/><\/figure><\/li><\/ul><\/figure>\n\n\n\n<p>Julia sempre teve a arte e a natureza como guias em sua vida, alinhadas ao \u00edmpeto constante de empreender. Seu primeiro contato com a arte veio atrav\u00e9s da m\u00fasica, que se dedicou durante a adolesc\u00eancia. Com 18 anos decidiu que seria fot\u00f3grafa, tornando-se uma das pioneiras em Cuiab\u00e1\/MT em ensaios de rec\u00e9m-nascidos (Newborn), ciclo que teve fim em 2018. Atualmente, al\u00e9m do cuidado com as plantas, dedica-se aos registros de fam\u00edlias e partos humanizados.&nbsp;<\/p>\n\n\n\n<p>O cultivo de plantas sempre foi tamb\u00e9m uma de suas paix\u00f5es e teve com suas av\u00f3s os primeiros ensinamentos sobre os cuidados com as verdinhas. Com a necessidade de reclus\u00e3o ao seu espa\u00e7o de morada, em decorr\u00eancia da pandemia, passou a dedicar mais tempo e aten\u00e7\u00e3o ao cultivo de suas pr\u00f3prias plantas e cria\u00e7\u00f5es bot\u00e2nicas. Nesse tempo &#8220;livre&#8221; em casa, devido ao impacto da COVID-19, foi poss\u00edvel repensar seu rumo profissional. &nbsp;O produto inicial foi a kokedama, uma t\u00e9cnica japonesa que era pouco explorada em Cuiab\u00e1\/MT, e foi expandindo em pouco tempo para a cria\u00e7\u00e3o de arranjos florais e sele\u00e7\u00e3o de plantas envasadas. Entre erros e acertos, nasceu a Varanda, um espa\u00e7o que se tornou sua principal fonte de renda e express\u00e3o art\u00edstica no contexto atual.<\/p>\n\n\n\n<figure class=\"wp-block-gallery columns-2 is-cropped wp-block-gallery-2 is-layout-flex wp-block-gallery-is-layout-flex\"><ul class=\"blocks-gallery-grid\"><li class=\"blocks-gallery-item\"><figure><img loading=\"lazy\" decoding=\"async\" width=\"768\" height=\"1024\" src=\"https:\/\/www.mtcriativo.mt.gov.br\/wp-content\/uploads\/2021\/02\/Varanda-botanica-2-768x1024.jpg\" alt=\"\" data-id=\"1787\" data-full-url=\"https:\/\/www.mtcriativo.mt.gov.br\/wp-content\/uploads\/2021\/02\/Varanda-botanica-2.jpg\" data-link=\"https:\/\/www.mtcriativo.mt.gov.br\/?attachment_id=1787\" class=\"wp-image-1787\" srcset=\"https:\/\/www.mtcriativo.mt.gov.br\/wp-content\/uploads\/2021\/02\/Varanda-botanica-2-768x1024.jpg 768w, https:\/\/www.mtcriativo.mt.gov.br\/wp-content\/uploads\/2021\/02\/Varanda-botanica-2-225x300.jpg 225w, https:\/\/www.mtcriativo.mt.gov.br\/wp-content\/uploads\/2021\/02\/Varanda-botanica-2.jpg 960w\" sizes=\"auto, (max-width: 768px) 100vw, 768px\" \/><\/figure><\/li><li class=\"blocks-gallery-item\"><figure><img loading=\"lazy\" decoding=\"async\" width=\"800\" height=\"797\" src=\"https:\/\/www.mtcriativo.mt.gov.br\/wp-content\/uploads\/2021\/02\/kokedama-varanda-1.jpg\" alt=\"\" data-id=\"1788\" data-full-url=\"https:\/\/www.mtcriativo.mt.gov.br\/wp-content\/uploads\/2021\/02\/kokedama-varanda-1.jpg\" data-link=\"https:\/\/www.mtcriativo.mt.gov.br\/?attachment_id=1788\" class=\"wp-image-1788\" srcset=\"https:\/\/www.mtcriativo.mt.gov.br\/wp-content\/uploads\/2021\/02\/kokedama-varanda-1.jpg 800w, https:\/\/www.mtcriativo.mt.gov.br\/wp-content\/uploads\/2021\/02\/kokedama-varanda-1-300x300.jpg 300w, https:\/\/www.mtcriativo.mt.gov.br\/wp-content\/uploads\/2021\/02\/kokedama-varanda-1-150x150.jpg 150w, https:\/\/www.mtcriativo.mt.gov.br\/wp-content\/uploads\/2021\/02\/kokedama-varanda-1-768x765.jpg 768w\" sizes=\"auto, (max-width: 800px) 100vw, 800px\" \/><\/figure><\/li><\/ul><\/figure>\n\n\n\n<p>Com a pandemia, e a consequente reclus\u00e3o social delimitada \u00e0s resid\u00eancias, houve o despertar da necessidade de um olhar mais humanizado e de cuidados para com os ambientes habitados. Nos processos criativos do ateli\u00ea, tanto os produtos de fabrica\u00e7\u00e3o pr\u00f3pria, quanto os selecionados pela curadoria, t\u00eam garantia de originalidade. Sempre priorizando o cuidado de um atendimento personalizado, apresenta\u00e7\u00e3o de formas sustent\u00e1veis para cultivo e administra\u00e7\u00e3o de solu\u00e7\u00f5es pr\u00e1ticas para manuten\u00e7\u00e3o das plantas e arranjos.<\/p>\n\n\n\n<p>Insta: @varandabotanica<\/p>\n\n\n\n<p>(65) 99905-5676<\/p>\n\n\n\n<p>varandabotanica@gmail.com<\/p>\n\n\n\n<p><\/p>\n","protected":false},"excerpt":{"rendered":"<p>Varanda Bot\u00e2nica Nascida no bairro do Porto, a Varanda Bot\u00e2nica \u00e9 um laborat\u00f3rio de experimentos bot\u00e2nico-art\u00edstico que busca incentivar o cultivo de plantas nos espa\u00e7os habitados. Pelas m\u00e3os zelosas de&hellip;&nbsp;<a href=\"https:\/\/www.mtcriativo.mt.gov.br\/index.php\/2021\/02\/01\/criativo-da-semana-16\/\" class=\"\" rel=\"bookmark\">Continue a ler &raquo;<span class=\"screen-reader-text\">criativo da semana<\/span><\/a><\/p>\n","protected":false},"author":2,"featured_media":1785,"comment_status":"closed","ping_status":"open","sticky":false,"template":"","format":"standard","meta":{"neve_meta_sidebar":"","neve_meta_container":"","neve_meta_enable_content_width":"off","neve_meta_content_width":0,"neve_meta_title_alignment":"","neve_meta_author_avatar":"","neve_post_elements_order":"","neve_meta_disable_header":"","neve_meta_disable_footer":"","neve_meta_disable_title":"","footnotes":""},"categories":[1],"tags":[48,54,44,55],"class_list":["post-1780","post","type-post","status-publish","format-standard","has-post-thumbnail","hentry","category-nao-categorizado","tag-criativodasemana","tag-juliamux","tag-mtcriativo","tag-varandabotanica"],"_links":{"self":[{"href":"https:\/\/www.mtcriativo.mt.gov.br\/index.php\/wp-json\/wp\/v2\/posts\/1780","targetHints":{"allow":["GET"]}}],"collection":[{"href":"https:\/\/www.mtcriativo.mt.gov.br\/index.php\/wp-json\/wp\/v2\/posts"}],"about":[{"href":"https:\/\/www.mtcriativo.mt.gov.br\/index.php\/wp-json\/wp\/v2\/types\/post"}],"author":[{"embeddable":true,"href":"https:\/\/www.mtcriativo.mt.gov.br\/index.php\/wp-json\/wp\/v2\/users\/2"}],"replies":[{"embeddable":true,"href":"https:\/\/www.mtcriativo.mt.gov.br\/index.php\/wp-json\/wp\/v2\/comments?post=1780"}],"version-history":[{"count":3,"href":"https:\/\/www.mtcriativo.mt.gov.br\/index.php\/wp-json\/wp\/v2\/posts\/1780\/revisions"}],"predecessor-version":[{"id":1791,"href":"https:\/\/www.mtcriativo.mt.gov.br\/index.php\/wp-json\/wp\/v2\/posts\/1780\/revisions\/1791"}],"wp:featuredmedia":[{"embeddable":true,"href":"https:\/\/www.mtcriativo.mt.gov.br\/index.php\/wp-json\/wp\/v2\/media\/1785"}],"wp:attachment":[{"href":"https:\/\/www.mtcriativo.mt.gov.br\/index.php\/wp-json\/wp\/v2\/media?parent=1780"}],"wp:term":[{"taxonomy":"category","embeddable":true,"href":"https:\/\/www.mtcriativo.mt.gov.br\/index.php\/wp-json\/wp\/v2\/categories?post=1780"},{"taxonomy":"post_tag","embeddable":true,"href":"https:\/\/www.mtcriativo.mt.gov.br\/index.php\/wp-json\/wp\/v2\/tags?post=1780"}],"curies":[{"name":"wp","href":"https:\/\/api.w.org\/{rel}","templated":true}]}}