{"id":1903,"date":"2021-03-15T17:13:46","date_gmt":"2021-03-15T20:13:46","guid":{"rendered":"http:\/\/www.mtcriativo.mt.gov.br\/?p=1903"},"modified":"2021-03-15T19:19:51","modified_gmt":"2021-03-15T22:19:51","slug":"secel-lanca-programa-de-capacitacao-em-audiovisual","status":"publish","type":"post","link":"https:\/\/www.mtcriativo.mt.gov.br\/index.php\/2021\/03\/15\/secel-lanca-programa-de-capacitacao-em-audiovisual\/","title":{"rendered":"Secel lan\u00e7a programa de capacita\u00e7\u00e3o em audiovisual"},"content":{"rendered":"\t\t<div data-elementor-type=\"wp-post\" data-elementor-id=\"1903\" class=\"elementor elementor-1903\" data-elementor-settings=\"[]\">\n\t\t\t\t\t\t<div class=\"elementor-inner\">\n\t\t\t\t\t\t\t<div class=\"elementor-section-wrap\">\n\t\t\t\t\t\t\t<section class=\"elementor-section elementor-top-section elementor-element elementor-element-e4436e4 elementor-section-boxed elementor-section-height-default elementor-section-height-default\" data-id=\"e4436e4\" data-element_type=\"section\">\n\t\t\t\t\t\t<div class=\"elementor-container elementor-column-gap-default\">\n\t\t\t\t\t\t\t<div class=\"elementor-row\">\n\t\t\t\t\t<div class=\"elementor-column elementor-col-100 elementor-top-column elementor-element elementor-element-432b234\" data-id=\"432b234\" data-element_type=\"column\">\n\t\t\t<div class=\"elementor-column-wrap elementor-element-populated\">\n\t\t\t\t\t\t\t<div class=\"elementor-widget-wrap\">\n\t\t\t\t\t\t<div class=\"elementor-element elementor-element-50b431e elementor-widget elementor-widget-heading\" data-id=\"50b431e\" data-element_type=\"widget\" data-widget_type=\"heading.default\">\n\t\t\t\t<div class=\"elementor-widget-container\">\n\t\t\t<h2 class=\"elementor-heading-title elementor-size-medium\">Cursos ser\u00e3o apresentados nesta ter\u00e7a-feira (15.03), a partir das 18h30 com palestra Inaugural de Fl\u00e1vio Tambellini\n\n<\/h2>\t\t<\/div>\n\t\t\t\t<\/div>\n\t\t\t\t\t\t<\/div>\n\t\t\t\t\t<\/div>\n\t\t<\/div>\n\t\t\t\t\t\t\t\t<\/div>\n\t\t\t\t\t<\/div>\n\t\t<\/section>\n\t\t\t\t<section class=\"elementor-section elementor-top-section elementor-element elementor-element-8c4b60f elementor-section-boxed elementor-section-height-default elementor-section-height-default\" data-id=\"8c4b60f\" data-element_type=\"section\">\n\t\t\t\t\t\t<div class=\"elementor-container elementor-column-gap-default\">\n\t\t\t\t\t\t\t<div class=\"elementor-row\">\n\t\t\t\t\t<div class=\"elementor-column elementor-col-100 elementor-top-column elementor-element elementor-element-369e4af\" data-id=\"369e4af\" data-element_type=\"column\">\n\t\t\t<div class=\"elementor-column-wrap elementor-element-populated\">\n\t\t\t\t\t\t\t<div class=\"elementor-widget-wrap\">\n\t\t\t\t\t\t<div class=\"elementor-element elementor-element-e24ad45 elementor-widget elementor-widget-text-editor\" data-id=\"e24ad45\" data-element_type=\"widget\" data-widget_type=\"text-editor.default\">\n\t\t\t\t<div class=\"elementor-widget-container\">\n\t\t\t\t\t\t\t\t<div class=\"elementor-text-editor elementor-clearfix\">\n\t\t\t\t<p><span style=\"color: #555555; font-family: Calibri, Arial, Helvetica, sans-serif; font-size: 11px;\">Cida Rodrigues\u00a0<\/span><span style=\"color: #555555; font-family: Calibri, Arial, Helvetica, sans-serif;\">|\u00a0<\/span><span style=\"color: #555555; font-family: Calibri, Arial, Helvetica, sans-serif; font-size: 11px;\">Secel-MT<\/span><\/p>\t\t\t\t\t<\/div>\n\t\t\t\t\t\t<\/div>\n\t\t\t\t<\/div>\n\t\t\t\t<div class=\"elementor-element elementor-element-9dd4504 elementor-drop-cap-yes elementor-drop-cap-view-default elementor-widget elementor-widget-text-editor\" data-id=\"9dd4504\" data-element_type=\"widget\" data-settings=\"{&quot;drop_cap&quot;:&quot;yes&quot;}\" data-widget_type=\"text-editor.default\">\n\t\t\t\t<div class=\"elementor-widget-container\">\n\t\t\t\t\t\t\t\t<div class=\"elementor-text-editor elementor-clearfix\">\n\t\t\t\t<p><!-- wp:paragraph --><\/p>\n<p>A Secretaria de Estado de Cultura, Esporte e Lazer (Secel-M) lan\u00e7a nesta ter\u00e7a-feira (16.03), \u00e0s 18h30, via plataforma digital, o Programa de Capacita\u00e7\u00e3o Profissional em Audiovisual para Mato Grosso, o Zoom.<\/p>\n<p><!-- \/wp:paragraph --><!-- wp:paragraph --><\/p>\n<p>Durante o lan\u00e7amento, ser\u00e3o apresentados os cursos oferecidos pelo programa, com abertura das inscri\u00e7\u00f5es, e ainda a palestra \u2018Os desafios do Audiovisual na atualidade\u2019, ministrada pelo diretor, produtor e roteirista Fl\u00e1vio Tambellini.<\/p>\n<p><!-- \/wp:paragraph --><!-- wp:paragraph --><\/p>\n<p>Com professores atuantes no setor audiovisual nacional, a forma\u00e7\u00e3o \u00e9 coordenada pela Escola de Cinema Darcy Ribeiro do Instituto Brasileiro de Audiovisual (IBAV), institui\u00e7\u00e3o parceira da Secel na iniciativa.<\/p>\n<p><!-- \/wp:paragraph --><!-- wp:paragraph --><\/p>\n<p>O objetivo do programa \u00e9 atender a demanda mato-grossense por maior capacita\u00e7\u00e3o dos profissionais em cinema, TV e novas m\u00eddias, bem como a diversifica\u00e7\u00e3o da economia criativa local.<\/p>\n<p><!-- \/wp:paragraph --><!-- wp:paragraph --><\/p>\n<p>O programa de capacita\u00e7\u00e3o abranger\u00e1 11 cursos para diversas fun\u00e7\u00f5es da cadeia produtiva do audiovisual e \u00e9 direcionado a estudantes e profissionais com atua\u00e7\u00e3o no segmento em Mato Grosso. Alguns cursos ser\u00e3o oferecidos em formato online e outros de forma presencial com aulas pr\u00e1ticas, de abril a julho deste ano.<\/p>\n<p><!-- \/wp:paragraph --><!-- wp:paragraph --><\/p>\n<p>Na companhia da diretora da Escola de Cinema Darcy Ribeiro, Irene Ferraz, o lan\u00e7amento do Zoom ser\u00e1 conduzido pelos representantes da Secel: o secret\u00e1rio de Estado, Alberto Machado; o adjunto de Cultura, Jos\u00e9 Paulo Traven; e a superintendente de Desenvolvimento da Economia Criativa, Keiko Okamura.<\/p>\n<p><!-- \/wp:paragraph --><!-- wp:paragraph --><\/p>\n<p>Para acompanhar o lan\u00e7amento, \u00e9 necess\u00e1ria uma inscri\u00e7\u00e3o pr\u00e9via que propiciar\u00e1 o recebimento do link da plataforma virtual em que ser\u00e1 transmitido o evento. Inscri\u00e7\u00e3o&nbsp;<a href=\"https:\/\/www.sympla.com.br\/lancamento-oficial-programa-de-capacitacao-profissional-em-audiovisual-para-mato-grosso---zoom__1157346\">AQUI<\/a><\/p>\n<p><!-- \/wp:paragraph --><!-- wp:paragraph --><\/p>\n<p><strong>O palestrante&nbsp;<\/strong><\/p>\n<p><!-- \/wp:paragraph --><!-- wp:paragraph --><\/p>\n<p>Fl\u00e1vio Tambellini dirigiu tr\u00eas longas-metragens Bufo &amp; Spallanzani (2000), adapta\u00e7\u00e3o do livro de Rubem Fonseca; O passageiro \u2013 Segredo de adultos (2006), adaptado de uma obra de Ces\u00e1rio Mello Franco; a dire\u00e7\u00e3o de Malu de Bicicleta, tamb\u00e9m uma adapta\u00e7\u00e3o, dessa vez do escritor Marcelo Rubens Paiva, premiado como melhor dire\u00e7\u00e3o no Festival de Paul\u00ednia.<\/p>\n<p><!-- \/wp:paragraph --><!-- wp:paragraph --><\/p>\n<p>Como produtor, Tambellini produziu mais de 20 filmes, em que se destacam sucessos&nbsp;como Os desafinados (2008), Mutum (2007), Cazuza \u2013 O tempo n\u00e3o p\u00e1ra (2004), Janela&nbsp;da Alma (2001), Eu tu eles (2000), Terra Estrangeira (1995) e Ele, o boto (1987).<\/p>\n<p><!-- \/wp:paragraph --><!-- wp:paragraph --><\/p>\n<p>Como assistente de dire\u00e7\u00e3o trabalhou em grandes filmes nacionais da d\u00e9cada de 80,&nbsp;como Gabriela (1983), de Bruno Barreto, e O Beijo da Mulher Aranha (1985), de Hector&nbsp;Babenco, com quem voltaria a trabalhar em 2005, como produtor executivo&nbsp;de Carandiru.<\/p>\n<p><!-- \/wp:paragraph --><\/p>\t\t\t\t\t<\/div>\n\t\t\t\t\t\t<\/div>\n\t\t\t\t<\/div>\n\t\t\t\t\t\t<\/div>\n\t\t\t\t\t<\/div>\n\t\t<\/div>\n\t\t\t\t\t\t\t\t<\/div>\n\t\t\t\t\t<\/div>\n\t\t<\/section>\n\t\t\t\t<section class=\"elementor-section elementor-top-section elementor-element elementor-element-fbd706a elementor-section-boxed elementor-section-height-default elementor-section-height-default\" data-id=\"fbd706a\" data-element_type=\"section\">\n\t\t\t\t\t\t<div class=\"elementor-container elementor-column-gap-default\">\n\t\t\t\t\t\t\t<div class=\"elementor-row\">\n\t\t\t\t\t<div class=\"elementor-column elementor-col-100 elementor-top-column elementor-element elementor-element-02380b7\" data-id=\"02380b7\" data-element_type=\"column\">\n\t\t\t<div class=\"elementor-column-wrap elementor-element-populated\">\n\t\t\t\t\t\t\t<div class=\"elementor-widget-wrap\">\n\t\t\t\t\t\t<div class=\"elementor-element elementor-element-67e1a35 elementor-widget elementor-widget-text-editor\" data-id=\"67e1a35\" data-element_type=\"widget\" data-widget_type=\"text-editor.default\">\n\t\t\t\t<div class=\"elementor-widget-container\">\n\t\t\t\t\t\t\t\t<div class=\"elementor-text-editor elementor-clearfix\">\n\t\t\t\t<p style=\"margin-bottom: 10px; color: #555555; font-family: Calibri, Arial, Helvetica, sans-serif; text-align: justify;\"><strong>Servi\u00e7o<\/strong><\/p>\n<p style=\"margin-bottom: 10px; color: #555555; font-family: Calibri, Arial, Helvetica, sans-serif; text-align: justify;\"><strong>Lan\u00e7amento do Programa de Capacita\u00e7\u00e3o Profissional em Audiovisual para Mato Grosso<\/strong><\/p>\n<p style=\"margin-bottom: 10px; color: #555555; font-family: Calibri, Arial, Helvetica, sans-serif; text-align: justify;\"><strong>Data: ter\u00e7a-feira (16.03), \u00e0s 18h30<\/strong><\/p>\n<p style=\"margin-bottom: 10px; color: #555555; font-family: Calibri, Arial, Helvetica, sans-serif; text-align: justify;\"><strong>Local: plataforma virtual Zoom<\/strong><\/p>\n<p style=\"margin-bottom: 10px; color: #555555; font-family: Calibri, Arial, Helvetica, sans-serif; text-align: justify;\"><strong>Inscri\u00e7\u00e3o para acompanhar o lan\u00e7amento:&nbsp;<a style=\"color: #009ae5; text-decoration-line: none; font-weight: 200;\" href=\"https:\/\/www.sympla.com.br\/lancamento-oficial-programa-de-capacitacao-profissional-em-audiovisual-para-mato-grosso---zoom__1157346\">www.sympla.com.br<\/a><\/strong><\/p>\n<p><br><\/p>\t\t\t\t\t<\/div>\n\t\t\t\t\t\t<\/div>\n\t\t\t\t<\/div>\n\t\t\t\t\t\t<\/div>\n\t\t\t\t\t<\/div>\n\t\t<\/div>\n\t\t\t\t\t\t\t\t<\/div>\n\t\t\t\t\t<\/div>\n\t\t<\/section>\n\t\t\t\t\t\t<\/div>\n\t\t\t\t\t\t<\/div>\n\t\t\t\t\t<\/div>\n\t\t","protected":false},"excerpt":{"rendered":"<p>Cursos ser\u00e3o apresentados nesta ter\u00e7a-feira (15.03), a partir das 18h30 com palestra Inaugural de Fl\u00e1vio Tambellini Cida Rodrigues&nbsp;|&nbsp;Secel-MT A Secretaria de Estado de Cultura, Esporte e Lazer (Secel-M) lan\u00e7a nesta&hellip;&nbsp;<a href=\"https:\/\/www.mtcriativo.mt.gov.br\/index.php\/2021\/03\/15\/secel-lanca-programa-de-capacitacao-em-audiovisual\/\" class=\"\" rel=\"bookmark\">Continue a ler &raquo;<span class=\"screen-reader-text\">Secel lan\u00e7a programa de capacita\u00e7\u00e3o em audiovisual<\/span><\/a><\/p>\n","protected":false},"author":2,"featured_media":1910,"comment_status":"closed","ping_status":"open","sticky":false,"template":"","format":"standard","meta":{"neve_meta_sidebar":"","neve_meta_container":"","neve_meta_enable_content_width":"off","neve_meta_content_width":0,"neve_meta_title_alignment":"","neve_meta_author_avatar":"","neve_post_elements_order":"","neve_meta_disable_header":"","neve_meta_disable_footer":"","neve_meta_disable_title":"","footnotes":""},"categories":[5],"tags":[63],"class_list":["post-1903","post","type-post","status-publish","format-standard","has-post-thumbnail","hentry","category-noticias","tag-zoom"],"_links":{"self":[{"href":"https:\/\/www.mtcriativo.mt.gov.br\/index.php\/wp-json\/wp\/v2\/posts\/1903","targetHints":{"allow":["GET"]}}],"collection":[{"href":"https:\/\/www.mtcriativo.mt.gov.br\/index.php\/wp-json\/wp\/v2\/posts"}],"about":[{"href":"https:\/\/www.mtcriativo.mt.gov.br\/index.php\/wp-json\/wp\/v2\/types\/post"}],"author":[{"embeddable":true,"href":"https:\/\/www.mtcriativo.mt.gov.br\/index.php\/wp-json\/wp\/v2\/users\/2"}],"replies":[{"embeddable":true,"href":"https:\/\/www.mtcriativo.mt.gov.br\/index.php\/wp-json\/wp\/v2\/comments?post=1903"}],"version-history":[{"count":11,"href":"https:\/\/www.mtcriativo.mt.gov.br\/index.php\/wp-json\/wp\/v2\/posts\/1903\/revisions"}],"predecessor-version":[{"id":1948,"href":"https:\/\/www.mtcriativo.mt.gov.br\/index.php\/wp-json\/wp\/v2\/posts\/1903\/revisions\/1948"}],"wp:featuredmedia":[{"embeddable":true,"href":"https:\/\/www.mtcriativo.mt.gov.br\/index.php\/wp-json\/wp\/v2\/media\/1910"}],"wp:attachment":[{"href":"https:\/\/www.mtcriativo.mt.gov.br\/index.php\/wp-json\/wp\/v2\/media?parent=1903"}],"wp:term":[{"taxonomy":"category","embeddable":true,"href":"https:\/\/www.mtcriativo.mt.gov.br\/index.php\/wp-json\/wp\/v2\/categories?post=1903"},{"taxonomy":"post_tag","embeddable":true,"href":"https:\/\/www.mtcriativo.mt.gov.br\/index.php\/wp-json\/wp\/v2\/tags?post=1903"}],"curies":[{"name":"wp","href":"https:\/\/api.w.org\/{rel}","templated":true}]}}