{"id":1927,"date":"2021-03-19T16:36:18","date_gmt":"2021-03-19T19:36:18","guid":{"rendered":"http:\/\/www.mtcriativo.mt.gov.br\/?p=1927"},"modified":"2021-03-23T15:58:06","modified_gmt":"2021-03-23T18:58:06","slug":"criativo-da-semana-19","status":"publish","type":"post","link":"https:\/\/www.mtcriativo.mt.gov.br\/index.php\/2021\/03\/19\/criativo-da-semana-19\/","title":{"rendered":"CRIATIVO DA SEMANA"},"content":{"rendered":"\n<p>CatalogART<\/p>\n\n\n\n<p>Projeto que integra a exposi\u00e7\u00e3o de arte contempor\u00e2nea regional foi contemplado no edital MT Criativo da Secel. Objetivo \u00e9 catalogar, digitalizar e certificar obras de artistas de MT<\/p>\n\n\n\n<p>A pandemia imp\u00f4s algumas restri\u00e7\u00f5es de conviv\u00eancia, sendo que uma delas \u00e9 a visita\u00e7\u00e3o a lugares fechados, como cinemas e museus. Contudo, a contempla\u00e7\u00e3o das obras de arte dos grandes artistas mato-grossenses, como Victor Hugo, Heleninha Botelho e Nadja Lammel pode ser feita de forma virtual pelo endere\u00e7o www.catalogart.com.br<\/p>\n\n\n\n<p>\u201cA exposi\u00e7\u00e3o virtual dos acervos art\u00edsticos de museus \u00e9 uma maneira f\u00e1cil, acess\u00edvel e pr\u00e1tica de levar cultura e educa\u00e7\u00e3o \u00e0 popula\u00e7\u00e3o\u201d, diz Guilherme Chaves, idealizador e criador da 1\u00aa Exposi\u00e7\u00e3o de Arte Contempor\u00e2nea Regional \u2013 CatalogART.<\/p>\n\n\n\n<p>Guilherme informa que a a\u00e7\u00e3o foi contemplada no edital MT Criativo promovido pela Secretaria de Estado de Cultura, Esporte e Lazer (Secel-MT), e esta mostra faz parte do programa CatalogART que visa a cataloga\u00e7\u00e3o, digitaliza\u00e7\u00e3o e certifica\u00e7\u00e3o de obras de arte produzidas por artistas do Estado.<\/p>\n\n\n\n<figure class=\"wp-block-image size-large is-resized\"><img loading=\"lazy\" decoding=\"async\" src=\"https:\/\/www.mtcriativo.mt.gov.br\/wp-content\/uploads\/2021\/03\/WhatsApp-Image-2021-03-19-at-15.31.56-1-1024x1024.jpeg\" alt=\"\" class=\"wp-image-1929\" width=\"407\" height=\"407\" srcset=\"https:\/\/www.mtcriativo.mt.gov.br\/wp-content\/uploads\/2021\/03\/WhatsApp-Image-2021-03-19-at-15.31.56-1.jpeg 1024w, https:\/\/www.mtcriativo.mt.gov.br\/wp-content\/uploads\/2021\/03\/WhatsApp-Image-2021-03-19-at-15.31.56-1-300x300.jpeg 300w, https:\/\/www.mtcriativo.mt.gov.br\/wp-content\/uploads\/2021\/03\/WhatsApp-Image-2021-03-19-at-15.31.56-1-150x150.jpeg 150w, https:\/\/www.mtcriativo.mt.gov.br\/wp-content\/uploads\/2021\/03\/WhatsApp-Image-2021-03-19-at-15.31.56-1-768x768.jpeg 768w, https:\/\/www.mtcriativo.mt.gov.br\/wp-content\/uploads\/2021\/03\/WhatsApp-Image-2021-03-19-at-15.31.56-1-700x700.jpeg 700w\" sizes=\"auto, (max-width: 407px) 100vw, 407px\" \/><\/figure>\n\n\n\n<p>Museus em todo o mundo tem oferecido visitas a galerias e museus para que o cidad\u00e3o possa ver obras de arte online, e o tour virtual que oferecemos vai possibilitar a todos ver obras de grandes artistas, dentre eles, o grande homenageado desta edi\u00e7\u00e3o, Victor Hugo, um dos principais nomes da arte mato-grossense\u201d, destaca Guilherme Chaves.<\/p>\n\n\n\n<p>1\u00aa Exposi\u00e7\u00e3o CatalogART<\/p>\n\n\n\n<p>A 1\u00aa exposi\u00e7\u00e3o CatalogART possui curadoria de Odete Ven\u00e2ncio, importante artista visual e curadora, que se destaca principalmente, ao se voltar para o estudo e valoriza\u00e7\u00e3o da tem\u00e1tica ind\u00edgena e abordar s\u00edmbolos regionais com grande sensibilidade art\u00edstica.<\/p>\n\n\n\n<p>A primeira edi\u00e7\u00e3o da exposi\u00e7\u00e3o contou com consagrados artistas regionais: Heleninha Botelho, Ad\u00e3o Domiciano, Zilda Barradas, Rosylene Pinto, Wender Carlos, Elieth Gripp e R\u00e9gis Gomes, dentre outros.<\/p>\n\n\n\n<p>Segundo Guilherme Chaves, em breve haver\u00e1 novas etapas e continuidade do programa.<\/p>\n\n\n\n<p>Est\u00e1 \u00e9 a primeira exposi\u00e7\u00e3o de arte contempor\u00e2nea regional realizada no Brasil que est\u00e1 totalmente em formato digital 3D e 360\u2022 , a\u00e7\u00e3o inovadora para trazer acessibilidade para visita\u00e7\u00e3o de todos os p\u00fablicos.<\/p>\n\n\n\n<p>O cat\u00e1logo t\u00e9cnico oficial da exposi\u00e7\u00e3o est\u00e1 dispon\u00edvel tamb\u00e9m junto ao site www.catalogart.com.br<\/p>\n\n\n\n<p>Homenagem<\/p>\n\n\n\n<p>O homenageado nesta etapa do programa \u00e9 o artista pl\u00e1stico Victor Hugo, recentemente reconhecido pelo t\u00edtulo de Embaixador do Pantanal. Sua obra j\u00e1 possui reconhecimento internacional, devido a sua dedica\u00e7\u00e3o a retratar a natureza, fauna e flora do bioma pantaneiro. Outro vi\u00e9s de seu trabalho \u00e9 retratar figuras oficiais e p\u00fablicas com imensa qualidade t\u00e9cnica.<\/p>\n\n\n\n<p>Servi\u00e7o<\/p>\n\n\n\n<p>1\u00aa Exposi\u00e7\u00e3o CatalogART<\/p>\n\n\n\n<p>Exposi\u00e7\u00e3o Permanente<\/p>\n\n\n\n<p>Local: em formato digital, Tour virtual 3D e 360\u2022 via site www.catalogart.com.br<\/p>\n\n\n\n<p>Visita\u00e7\u00e3o: 24 horas (site)<\/p>\n\n\n\n<p>Mais informa\u00e7\u00f5es: (65) 99915-7713 \/ 99640-7713 \/ 3025 1235<\/p>\n\n\n\n<p>Contato: catalogartmt@gmail.com<\/p>\n\n\n\n<p>Galeria virtual (para colecionadores de obra de arte): www.ateliedeprojetos.com.br<\/p>\n","protected":false},"excerpt":{"rendered":"<p>CatalogART Projeto que integra a exposi\u00e7\u00e3o de arte contempor\u00e2nea regional foi contemplado no edital MT Criativo da Secel. Objetivo \u00e9 catalogar, digitalizar e certificar obras de artistas de MT A&hellip;&nbsp;<a href=\"https:\/\/www.mtcriativo.mt.gov.br\/index.php\/2021\/03\/19\/criativo-da-semana-19\/\" class=\"\" rel=\"bookmark\">Continue a ler &raquo;<span class=\"screen-reader-text\">CRIATIVO DA SEMANA<\/span><\/a><\/p>\n","protected":false},"author":2,"featured_media":1934,"comment_status":"closed","ping_status":"open","sticky":false,"template":"","format":"standard","meta":{"neve_meta_sidebar":"","neve_meta_container":"","neve_meta_enable_content_width":"off","neve_meta_content_width":0,"neve_meta_title_alignment":"","neve_meta_author_avatar":"","neve_post_elements_order":"","neve_meta_disable_header":"","neve_meta_disable_footer":"","neve_meta_disable_title":"","footnotes":""},"categories":[1],"tags":[64],"class_list":["post-1927","post","type-post","status-publish","format-standard","has-post-thumbnail","hentry","category-nao-categorizado","tag-catalogart"],"_links":{"self":[{"href":"https:\/\/www.mtcriativo.mt.gov.br\/index.php\/wp-json\/wp\/v2\/posts\/1927","targetHints":{"allow":["GET"]}}],"collection":[{"href":"https:\/\/www.mtcriativo.mt.gov.br\/index.php\/wp-json\/wp\/v2\/posts"}],"about":[{"href":"https:\/\/www.mtcriativo.mt.gov.br\/index.php\/wp-json\/wp\/v2\/types\/post"}],"author":[{"embeddable":true,"href":"https:\/\/www.mtcriativo.mt.gov.br\/index.php\/wp-json\/wp\/v2\/users\/2"}],"replies":[{"embeddable":true,"href":"https:\/\/www.mtcriativo.mt.gov.br\/index.php\/wp-json\/wp\/v2\/comments?post=1927"}],"version-history":[{"count":1,"href":"https:\/\/www.mtcriativo.mt.gov.br\/index.php\/wp-json\/wp\/v2\/posts\/1927\/revisions"}],"predecessor-version":[{"id":1930,"href":"https:\/\/www.mtcriativo.mt.gov.br\/index.php\/wp-json\/wp\/v2\/posts\/1927\/revisions\/1930"}],"wp:featuredmedia":[{"embeddable":true,"href":"https:\/\/www.mtcriativo.mt.gov.br\/index.php\/wp-json\/wp\/v2\/media\/1934"}],"wp:attachment":[{"href":"https:\/\/www.mtcriativo.mt.gov.br\/index.php\/wp-json\/wp\/v2\/media?parent=1927"}],"wp:term":[{"taxonomy":"category","embeddable":true,"href":"https:\/\/www.mtcriativo.mt.gov.br\/index.php\/wp-json\/wp\/v2\/categories?post=1927"},{"taxonomy":"post_tag","embeddable":true,"href":"https:\/\/www.mtcriativo.mt.gov.br\/index.php\/wp-json\/wp\/v2\/tags?post=1927"}],"curies":[{"name":"wp","href":"https:\/\/api.w.org\/{rel}","templated":true}]}}