{"id":2119,"date":"2021-04-16T12:07:46","date_gmt":"2021-04-16T15:07:46","guid":{"rendered":"http:\/\/www.mtcriativo.mt.gov.br\/?p=2119"},"modified":"2021-04-16T12:46:09","modified_gmt":"2021-04-16T15:46:09","slug":"world-creativity-day","status":"publish","type":"post","link":"https:\/\/www.mtcriativo.mt.gov.br\/index.php\/2021\/04\/16\/world-creativity-day\/","title":{"rendered":"WORLD CREATIVITY DAY"},"content":{"rendered":"\n<p><strong>128 cidades comemoram o Dia Mundial da Criatividade<\/strong><\/p>\n\n\n\n<p><strong>Festival global que nasceu no Brasil distribuir\u00e1 112 mil bolsas de estudo no pa\u00eds por acreditar no processo de aprendizagem cont\u00ednua como papel importante para a retomada da economia p\u00f3s-pandemia<\/strong><\/p>\n\n\n\n<p>O <a href=\"http:\/\/www.worldcreativityday.com\"><strong>World Creativity Day<\/strong><\/a> \u00e9 o maior festival colaborativo de criatividade do mundo e vai ocorrer simultaneamente em 128 cidades de18 pa\u00edses nos dias 21 e 22 de abril. Para este ano, o evento global ter\u00e1 o tema Novo Mundo, Novas Habilidades e ter\u00e1 a maior feira de experi\u00eancias educacionais criativas com a inten\u00e7\u00e3o de acelerar o desenvolvimento docapital humano com foco nas 10 principais habilidades para o futuro apresentadas pelo F\u00f3rum Econ\u00f4mico Mundial. No Brasil, o World Creativity Day est\u00e1 liderando a maior campanha de doa\u00e7\u00e3o de bolsas de estudos j\u00e1 realizada com o apoio de algumas das melhores e mais influentes escolas de cursos livres do pa\u00eds. Ser\u00e3o 112.695 bolsas de at\u00e9 100%, com o objetivo de ampliar a capacidade criativa da sociedade para acelerar a retomada da economia pautada pela inova\u00e7\u00e3o e pelo conhecimento em rede.<\/p>\n\n\n\n<figure class=\"wp-block-image size-large\"><img loading=\"lazy\" decoding=\"async\" width=\"1024\" height=\"574\" src=\"https:\/\/www.mtcriativo.mt.gov.br\/wp-content\/uploads\/2021\/04\/recreate-wcd2021_img1-2-1024x574.jpg\" alt=\"\" class=\"wp-image-2120\" srcset=\"https:\/\/www.mtcriativo.mt.gov.br\/wp-content\/uploads\/2021\/04\/recreate-wcd2021_img1-2-1024x574.jpg 1024w, https:\/\/www.mtcriativo.mt.gov.br\/wp-content\/uploads\/2021\/04\/recreate-wcd2021_img1-2-300x168.jpg 300w, https:\/\/www.mtcriativo.mt.gov.br\/wp-content\/uploads\/2021\/04\/recreate-wcd2021_img1-2-768x430.jpg 768w, https:\/\/www.mtcriativo.mt.gov.br\/wp-content\/uploads\/2021\/04\/recreate-wcd2021_img1-2.jpg 1280w\" sizes=\"auto, (max-width: 1024px) 100vw, 1024px\" \/><\/figure>\n\n\n\n<p>Chegando \u00e0 4\u00aa edi\u00e7\u00e3o, o evento tornou-se mundialmente conhecido ap\u00f3s a ONU ter estabelecido o Dia Mundial da Criatividade e Inova\u00e7\u00e3o em seu calend\u00e1rio oficial em 2017. Em 2021, o festival ser\u00e1 online e o palco principal aberto pela plataforma <a href=\"http:\/\/www.youtube.com\/c\/WorldCreativityChannel\"><strong>You<\/strong><\/a><a href=\"http:\/\/www.youtube.com\/c\/WorldCreativityChannel\"><strong>T<\/strong><\/a><a href=\"http:\/\/www.youtube.com\/c\/WorldCreativityChannel\"><strong>ube<\/strong><\/a> com a participa\u00e7\u00e3o de representantes da UNESCO e palestras de especialistas da Singularity University, The School of Life, entre outras. &nbsp;E tamb\u00e9m oferecer\u00e1 mais de 1.500 atividades simult\u00e2neas atrav\u00e9s do aplicativo Dia da Criatividade, dispon\u00edvel para iOS e Android. Tudo produzido por inspiradores e especialistas em mais de 120 cidades de 18 pa\u00edses, consolidando a data como a maior experi\u00eancia imersiva do planeta com a miss\u00e3o de acelerar a revolu\u00e7\u00e3o da aprendizagem e garantir que milhares de pessoas possam desenvolver novas habilidades com foco em empregabilidade e gera\u00e7\u00e3o de renda, contribuindo para reduzir os danos e preju\u00edzos causados pela pandemia.<\/p>\n\n\n\n<p>\u201cEstamos diante de uma mudan\u00e7a de paradigma na qual a retomada da confian\u00e7a p\u00f3s-pandemia deve servir como um catalisador para uma revolu\u00e7\u00e3o na aprendizagem que garanta a transi\u00e7\u00e3o para uma economia digital e de baixo carbono garantindo emprego e renda para todos atrav\u00e9s da criatividade\u201d, avalia o idealizador e diretor-geral do World Creative Day, Lucas Foster.<\/p>\n\n\n\n<p>O coronav\u00edrus acelerou a automa\u00e7\u00e3o do trabalho e o F\u00f3rum Econ\u00f4mico Mundial chamou a aten\u00e7\u00e3o para o risco de uma nova gera\u00e7\u00e3o perdida. Desse modo, emprego e gera\u00e7\u00e3o de renda ser\u00e3o t\u00e3o importantes quanto o combate \u00e0 doen\u00e7a a partir de agora. Muitas pessoas est\u00e3o com medo de perder seus empregos e tantas outras tiveram que empreender. Por isso o desenvolvimento de novas habilidades \u00e9 t\u00e3o importante. Seja para garantir a empregabilidade ou para fazer o novo neg\u00f3cio dar certo.<\/p>\n\n\n\n<p>\u201cO F\u00f3rum Econ\u00f4mico Mundial lan\u00e7ou o movimento Reskilling Revolution, cujo foco \u00e9 impactar 1 bilh\u00e3o de pessoas at\u00e9 2030 no desenvolvimento de novas habilidades como o pensamento cr\u00edtico, a resolu\u00e7\u00e3o de problemas complexos, criatividade e originalidade, lideran\u00e7a e influ\u00eancia social\u201d, refor\u00e7a Foster. \u201cDecidimos apoiar a nova educa\u00e7\u00e3o para o desenvolvimento de habilidades do futuro como forma de ampliar a capacidade criativa &nbsp;da sociedade, recriando o desenvolvimento social econ\u00f4mico pautado pela sustentabilidade e pelo conhecimento em rede\u201d. Al\u00e9m das 10 sugeridas pelo \u00f3rg\u00e3o internacional, a World Creative Organization optou por incluir outras tr\u00eas categorias que consideram fundamentais: consci\u00eancia ambiental, interdepend\u00eancia e regenera\u00e7\u00e3o, respeito \u00e0 diversidade, g\u00eaneros e rela\u00e7\u00f5es \u00e9tnico-raciais, e artes, t\u00e9cnicas e express\u00e3o art\u00edstica<\/p>\n\n\n\n<p><strong>Bolsas de estudo podem chegar a 100% nas escolas criativas parceiras<\/strong><\/p>\n\n\n\n<p>Depois do evento online totalmente gratuito nos dias 21 e 22 de abril, os participantes poder\u00e3o ter acesso a bolsas de estudos que podem chegar a 100% de desconto nos cursos livres oferecidos pelas escolas parceiras do Dia Mundial da Criatividade, como a Singularity University, Dom\u00e9stika, a Descola, a ECHOS, a Saibal\u00e1,Perestroika e The School of LIfe. Ser\u00e3o at\u00e9 111 mil bolsas, o equivalente a R$ 14 milh\u00f5es doados em bolsas de estudo mostrando que as escolas apoiam a causa e a comunidade do World Creativity Day. Basta utilizar o c\u00f3digo de participa\u00e7\u00e3o &nbsp;nas atividades dos dias 21 e 22 para acessar a plataforma Creative Card.<\/p>\n\n\n\n<p>A World Creativity Organization \u00e9 respons\u00e1vel pelo World Creativity Day e acredita que empregabilidade e gera\u00e7\u00e3o de renda ser\u00e3o a causa mais importante do ano. Por isso, aliou-se ao programa do F\u00f3rum Econ\u00f4mico Mundial e ir\u00e1 fazer sua revolu\u00e7\u00e3o criativa pela educa\u00e7\u00e3o para as novas habilidades.<\/p>\n\n\n\n<p><strong>As escolas criativas participantes<\/strong><strong> que aderiram \u00e0 causa<\/strong><\/p>\n\n\n\n<p>Freela School; Digital House; Echos; Escola de Criatividade; Descola; Cuidadoria; The Professional Creative; Perestroika; Design Thinkers Academy; Mopor\u00e3 Play; Saibal\u00e1; Trampos.co; Escola do Caos; F\u00e1brica de Criatividade; SingularityU Brazil; Creative Education Foundation; Espa\u00e7oNave; FIAP; The School of Life; UnlockOmelete; VRS Academy; Creative Education; Domestika; Faber-Castel; Sustentare &#8211; Escola de Neg\u00f3cios; YouPix; O Futuro das Coisas; Escola N\u00f4made para Mentes Criativas; IED Edu e Curseria.<\/p>\n\n\n\n<p><strong>Sobre o criador do World Creativity Day<\/strong><\/p>\n\n\n\n<p>Lucas Foster \u00e9 psic\u00f3logo, especialista em criatividade, al\u00e9m de empreender e investir na \u00e1rea de economia criativa. Fundou a Originals Network, holding de neg\u00f3cios criativos propriet\u00e1ria das empresas ProjectHub, LabCriativo e Originals Media House. Idealizou o Pr\u00eamio Brasil Criativo, consagrado como a premia\u00e7\u00e3o oficial da economia criativa brasileira e o World Creativity Day, iniciativa global que celebra a criatividade como mat\u00e9ria-prima para o desenvolvimento sustent\u00e1vel.<\/p>\n\n\n\n<p>Considerado um dos principais nomes por tr\u00e1s da economia criativa no Brasil, \u00e9 tamb\u00e9m o respons\u00e1vel pela maior comunidade de incentivo \u00e0 criatividade do pa\u00eds. Segue em busca de fazer crescer uma comunidade apaixonada pela inova\u00e7\u00e3o com iniciativas diversificadas, sempre conectadas pela criatividade e ousadia.<\/p>\n\n\n\n<p>Programa\u00e7\u00e3o: <a href=\"https:\/\/www.worldcreativityday.com\/world\/activities\" target=\"_blank\" rel=\"noreferrer noopener\">https:\/\/www.worldcreativityday.com\/world\/activities <\/a>(filtrar por Cuiab\u00e1)<\/p>\n\n\n\n<p><a href=\"https:\/\/www.worldcreativityday.com\/app\/\" target=\"_blank\" rel=\"noreferrer noopener\">https:\/\/www.worldcreativityday.com\/app\/<\/a><br>para se inscrever, faz download e cadastro no app Dia da Criatividade<\/p>\n\n\n\n<figure class=\"wp-block-image size-large\"><img loading=\"lazy\" decoding=\"async\" width=\"1024\" height=\"569\" src=\"https:\/\/www.mtcriativo.mt.gov.br\/wp-content\/uploads\/2021\/04\/recreate-wcd2021_img2-1024x569.jpg\" alt=\"\" class=\"wp-image-2121\" srcset=\"https:\/\/www.mtcriativo.mt.gov.br\/wp-content\/uploads\/2021\/04\/recreate-wcd2021_img2-1024x569.jpg 1024w, https:\/\/www.mtcriativo.mt.gov.br\/wp-content\/uploads\/2021\/04\/recreate-wcd2021_img2-300x167.jpg 300w, https:\/\/www.mtcriativo.mt.gov.br\/wp-content\/uploads\/2021\/04\/recreate-wcd2021_img2-768x427.jpg 768w, https:\/\/www.mtcriativo.mt.gov.br\/wp-content\/uploads\/2021\/04\/recreate-wcd2021_img2.jpg 1280w\" sizes=\"auto, (max-width: 1024px) 100vw, 1024px\" \/><\/figure>\n\n\n\n<p><strong>Servi\u00e7o<\/strong><\/p>\n\n\n\n<p><strong>O qu\u00ea:<\/strong> Dia Mundial da Criatividade (World Creativity Day)<\/p>\n\n\n\n<p><strong>Quando:<\/strong> 21 e 22 de abril<\/p>\n\n\n\n<p><strong>Onde:<\/strong> no <a href=\"http:\/\/www.youtube.com\/c\/WorldCreativityChannel\"><strong>You<\/strong><\/a><a href=\"http:\/\/www.youtube.com\/c\/WorldCreativityChannel\"><strong>T<\/strong><\/a><a href=\"http:\/\/www.youtube.com\/c\/WorldCreativityChannel\"><strong>ube<\/strong><\/a> e no aplicativo oficial WCD 2021<\/p>\n\n\n\n<p><strong>Contato com lideran\u00e7a local &#8211; <\/strong><a href=\"https:\/\/www.worldcreativityday.com\/brazil\/cuiaba\/home\"><strong>World Creativity Organization Cuiab\u00e1<\/strong><\/a><strong>:<\/strong><\/p>\n\n\n\n<p>Caroline dos Anjos Vaez &#8211; vaez.carolis@gmail.com +55 (65) 9 81284098<\/p>\n\n\n\n<p><strong>Informa\u00e7\u00f5es para a imprensa \u2013 <\/strong><a href=\"http:\/\/www.grupoodp.com.br\"><strong>Oficina das Palavras<\/strong><\/a><strong>:<\/strong><\/p>\n\n\n\n<p>Ricardo Ruas \u2013 <a href=\"mailto:ricardo.ruas@grupoodp.com.br\">ricardo.ruas@grupoodp.com.br<\/a> + 55 (47) 9 9995-1846<\/p>\n\n\n\n<p><strong>World Creativity Day<\/strong><\/p>\n\n\n\n<p><a href=\"http:\/\/www.worldcreativityday.com\"><strong>www.worldcreativityday.com<\/strong><\/a><strong><\/strong><\/p>\n\n\n\n<p><a href=\"http:\/\/www.instagram.com\/worldcreativityday\"><strong>www.instagram.com\/worldcreativityday<\/strong><\/a><strong><\/strong><\/p>\n\n\n\n<p><a href=\"http:\/\/www.youtube.com\/c\/WorldCreativityChannel\"><strong>www.youtube.com\/c\/WorldCreativityChannel<\/strong><\/a><\/p>\n\n\n\n<p>Conte\u00fado enviado por Oficina das Palavras \u2013 Intelig\u00eancia em Comunica\u00e7\u00e3o e Conte\u00fado (ODP Comunica\u00e7\u00e3o LTDA Me, CNPJ 16.757.842\/0001-22). <\/p>\n","protected":false},"excerpt":{"rendered":"<p>128 cidades comemoram o Dia Mundial da Criatividade Festival global que nasceu no Brasil distribuir\u00e1 112 mil bolsas de estudo no pa\u00eds por acreditar no processo de aprendizagem cont\u00ednua como&hellip;&nbsp;<a href=\"https:\/\/www.mtcriativo.mt.gov.br\/index.php\/2021\/04\/16\/world-creativity-day\/\" class=\"\" rel=\"bookmark\">Continue a ler &raquo;<span class=\"screen-reader-text\">WORLD CREATIVITY DAY<\/span><\/a><\/p>\n","protected":false},"author":2,"featured_media":2122,"comment_status":"closed","ping_status":"open","sticky":false,"template":"","format":"standard","meta":{"neve_meta_sidebar":"","neve_meta_container":"","neve_meta_enable_content_width":"off","neve_meta_content_width":0,"neve_meta_title_alignment":"","neve_meta_author_avatar":"","neve_post_elements_order":"","neve_meta_disable_header":"","neve_meta_disable_footer":"","neve_meta_disable_title":"","footnotes":""},"categories":[5],"tags":[],"class_list":["post-2119","post","type-post","status-publish","format-standard","has-post-thumbnail","hentry","category-noticias"],"_links":{"self":[{"href":"https:\/\/www.mtcriativo.mt.gov.br\/index.php\/wp-json\/wp\/v2\/posts\/2119","targetHints":{"allow":["GET"]}}],"collection":[{"href":"https:\/\/www.mtcriativo.mt.gov.br\/index.php\/wp-json\/wp\/v2\/posts"}],"about":[{"href":"https:\/\/www.mtcriativo.mt.gov.br\/index.php\/wp-json\/wp\/v2\/types\/post"}],"author":[{"embeddable":true,"href":"https:\/\/www.mtcriativo.mt.gov.br\/index.php\/wp-json\/wp\/v2\/users\/2"}],"replies":[{"embeddable":true,"href":"https:\/\/www.mtcriativo.mt.gov.br\/index.php\/wp-json\/wp\/v2\/comments?post=2119"}],"version-history":[{"count":4,"href":"https:\/\/www.mtcriativo.mt.gov.br\/index.php\/wp-json\/wp\/v2\/posts\/2119\/revisions"}],"predecessor-version":[{"id":2126,"href":"https:\/\/www.mtcriativo.mt.gov.br\/index.php\/wp-json\/wp\/v2\/posts\/2119\/revisions\/2126"}],"wp:featuredmedia":[{"embeddable":true,"href":"https:\/\/www.mtcriativo.mt.gov.br\/index.php\/wp-json\/wp\/v2\/media\/2122"}],"wp:attachment":[{"href":"https:\/\/www.mtcriativo.mt.gov.br\/index.php\/wp-json\/wp\/v2\/media?parent=2119"}],"wp:term":[{"taxonomy":"category","embeddable":true,"href":"https:\/\/www.mtcriativo.mt.gov.br\/index.php\/wp-json\/wp\/v2\/categories?post=2119"},{"taxonomy":"post_tag","embeddable":true,"href":"https:\/\/www.mtcriativo.mt.gov.br\/index.php\/wp-json\/wp\/v2\/tags?post=2119"}],"curies":[{"name":"wp","href":"https:\/\/api.w.org\/{rel}","templated":true}]}}