{"id":2265,"date":"2021-06-14T14:00:00","date_gmt":"2021-06-14T17:00:00","guid":{"rendered":"http:\/\/www.mtcriativo.mt.gov.br\/?p=2265"},"modified":"2021-06-25T10:00:23","modified_gmt":"2021-06-25T13:00:23","slug":"criativo-da-semana-25","status":"publish","type":"post","link":"https:\/\/www.mtcriativo.mt.gov.br\/index.php\/2021\/06\/14\/criativo-da-semana-25\/","title":{"rendered":"criativo da semana"},"content":{"rendered":"\t\t<div data-elementor-type=\"wp-post\" data-elementor-id=\"2265\" class=\"elementor elementor-2265\" data-elementor-settings=\"[]\">\n\t\t\t\t\t\t<div class=\"elementor-inner\">\n\t\t\t\t\t\t\t<div class=\"elementor-section-wrap\">\n\t\t\t\t\t\t\t<section class=\"elementor-section elementor-top-section elementor-element elementor-element-9bd6d41 elementor-section-boxed elementor-section-height-default elementor-section-height-default\" data-id=\"9bd6d41\" data-element_type=\"section\">\n\t\t\t\t\t\t<div class=\"elementor-container elementor-column-gap-default\">\n\t\t\t\t\t\t\t<div class=\"elementor-row\">\n\t\t\t\t\t<div class=\"elementor-column elementor-col-100 elementor-top-column elementor-element elementor-element-4791e02b\" data-id=\"4791e02b\" data-element_type=\"column\">\n\t\t\t<div class=\"elementor-column-wrap elementor-element-populated\">\n\t\t\t\t\t\t\t<div class=\"elementor-widget-wrap\">\n\t\t\t\t\t\t<div class=\"elementor-element elementor-element-38e8eb1c elementor-widget elementor-widget-text-editor\" data-id=\"38e8eb1c\" data-element_type=\"widget\" data-widget_type=\"text-editor.default\">\n\t\t\t\t<div class=\"elementor-widget-container\">\n\t\t\t\t\t\t\t\t<div class=\"elementor-text-editor elementor-clearfix\">\n\t\t\t\t<!-- wp:paragraph -->\n<p>O Quintal do Cerrado<\/p>\n<!-- \/wp:paragraph -->\n\n<!-- wp:paragraph {\"align\":\"right\"} -->\n<p class=\"has-text-align-right\">Por <strong>Gl\u00e1ucia Vicentini<\/strong><\/p>\n<!-- \/wp:paragraph -->\t\t\t\t\t<\/div>\n\t\t\t\t\t\t<\/div>\n\t\t\t\t<\/div>\n\t\t\t\t\t\t<\/div>\n\t\t\t\t\t<\/div>\n\t\t<\/div>\n\t\t\t\t\t\t\t\t<\/div>\n\t\t\t\t\t<\/div>\n\t\t<\/section>\n\t\t\t\t<section class=\"elementor-section elementor-top-section elementor-element elementor-element-89ac533 elementor-section-boxed elementor-section-height-default elementor-section-height-default\" data-id=\"89ac533\" data-element_type=\"section\">\n\t\t\t\t\t\t<div class=\"elementor-container elementor-column-gap-default\">\n\t\t\t\t\t\t\t<div class=\"elementor-row\">\n\t\t\t\t\t<div class=\"elementor-column elementor-col-100 elementor-top-column elementor-element elementor-element-0bb169a\" data-id=\"0bb169a\" data-element_type=\"column\">\n\t\t\t<div class=\"elementor-column-wrap elementor-element-populated\">\n\t\t\t\t\t\t\t<div class=\"elementor-widget-wrap\">\n\t\t\t\t\t\t<div class=\"elementor-element elementor-element-8abec81 elementor-widget elementor-widget-text-editor\" data-id=\"8abec81\" data-element_type=\"widget\" data-widget_type=\"text-editor.default\">\n\t\t\t\t<div class=\"elementor-widget-container\">\n\t\t\t\t\t\t\t\t<div class=\"elementor-text-editor elementor-clearfix\">\n\t\t\t\t<p class=\"MsoNormal\" style=\"text-align: justify;\"><b>\u201c\u00d4 DE CASA!\u201d<\/b><\/p>\n<p class=\"MsoNormal\" style=\"text-align: justify;\">\u201cOi, podem entrar! Sejam bem vindos ao nosso quintal! Se aconcheguem que aqui tem muita hist\u00f3ria para contar.<\/p>\n<p class=\"MsoNormal\" style=\"text-align: justify;\">Para iniciar, apresentamos Glaucia Vicentini, a idealizadora do <b>Quintal do Cerrado<\/b>, um projeto que visa inaugurar em Rondon\u00f3polis &#8211; MT, experi\u00eancias brincantes que conectem crian\u00e7a e natureza num s\u00f3 espa\u00e7o de sentir.<\/p>\n<p class=\"MsoNormal\" style=\"text-align: justify;\">A ideia do Quintal surgiu ent\u00e3o, da imers\u00e3o da Glaucia no universo da maternidade. A urg\u00eancia e o agora dos cuidados e sustento de um rec\u00e9m nascido trouxe tamb\u00e9m um olhar atento \u00e0 necessidade urgente das crian\u00e7as serem <b>cidad\u00e3s do presente<\/b>, e n\u00e3o um vir-a-ser quando crescer. A partir desse olhar, a sementinha do Quintal foi brotando.<\/p>\n<p class=\"MsoNormal\" style=\"text-align: justify;\">Al\u00e9m de m\u00e3e e mulher, Glaucia \u00e9 apaixonada pela dan\u00e7a e formada em Naturologia, que \u00e9 uma ci\u00eancia transdisciplinar focada na harmonia e sa\u00fade integral da rela\u00e7\u00e3o de interag\u00eancia do ser humano consigo, com o pr\u00f3ximo e com o meio ambiente em que vive.<\/p>\n<p class=\"MsoNormal\" style=\"text-align: justify;\">Glaucia \u00e9 tamb\u00e9m instrutora de Yoga e especializada em Musicoterapia. Durante sua trajet\u00f3ria, se envolve em diversas alquimias terap\u00eauticas e medicinas orientais para exercer uma Educa\u00e7\u00e3o em sa\u00fade atrav\u00e9s do contato com o outro, <i>\u201cdo tocar que nos aproxime da nossa consci\u00eancia de ser e estar nesse mundo\u201d, <\/i>afirma ela.<\/p>\n<p class=\"MsoNormal\" style=\"text-align: justify;\">E por falar de aproxima\u00e7\u00e3o, o edital MT Criativo pela Lei de Emerg\u00eancia a Cultura e seu encontro com Dafne Uhde, fortaleceram as possibilidades de colocarem em pr\u00e1tica a semeadura do Quintal do Cerrado.<\/p>\n<p style=\"text-align: justify;\">\u00a0<\/p>\n<p class=\"MsoNormal\" style=\"text-align: justify;\">\u00a0<\/p>\t\t\t\t\t<\/div>\n\t\t\t\t\t\t<\/div>\n\t\t\t\t<\/div>\n\t\t\t\t\t\t<\/div>\n\t\t\t\t\t<\/div>\n\t\t<\/div>\n\t\t\t\t\t\t\t\t<\/div>\n\t\t\t\t\t<\/div>\n\t\t<\/section>\n\t\t\t\t<section class=\"elementor-section elementor-top-section elementor-element elementor-element-07faf1b elementor-section-boxed elementor-section-height-default elementor-section-height-default\" data-id=\"07faf1b\" data-element_type=\"section\">\n\t\t\t\t\t\t<div class=\"elementor-container elementor-column-gap-default\">\n\t\t\t\t\t\t\t<div class=\"elementor-row\">\n\t\t\t\t\t<div class=\"elementor-column elementor-col-33 elementor-top-column elementor-element elementor-element-e71a510\" data-id=\"e71a510\" data-element_type=\"column\">\n\t\t\t<div class=\"elementor-column-wrap elementor-element-populated\">\n\t\t\t\t\t\t\t<div class=\"elementor-widget-wrap\">\n\t\t\t\t\t\t<div class=\"elementor-element elementor-element-b42b540 elementor-widget elementor-widget-image\" data-id=\"b42b540\" data-element_type=\"widget\" data-widget_type=\"image.default\">\n\t\t\t\t<div class=\"elementor-widget-container\">\n\t\t\t\t\t\t\t\t<div class=\"elementor-image\">\n\t\t\t\t\t\t\t\t\t\t\t\t<img loading=\"lazy\" decoding=\"async\" width=\"1024\" height=\"766\" src=\"https:\/\/www.mtcriativo.mt.gov.br\/wp-content\/uploads\/2021\/06\/WhatsApp-Image-2021-05-28-at-07.38.02-2-1024x766.jpeg\" class=\"attachment-large size-large\" alt=\"\" srcset=\"https:\/\/www.mtcriativo.mt.gov.br\/wp-content\/uploads\/2021\/06\/WhatsApp-Image-2021-05-28-at-07.38.02-2-1024x766.jpeg 1024w, https:\/\/www.mtcriativo.mt.gov.br\/wp-content\/uploads\/2021\/06\/WhatsApp-Image-2021-05-28-at-07.38.02-2-300x225.jpeg 300w, https:\/\/www.mtcriativo.mt.gov.br\/wp-content\/uploads\/2021\/06\/WhatsApp-Image-2021-05-28-at-07.38.02-2-768x575.jpeg 768w, https:\/\/www.mtcriativo.mt.gov.br\/wp-content\/uploads\/2021\/06\/WhatsApp-Image-2021-05-28-at-07.38.02-2.jpeg 1280w\" sizes=\"auto, (max-width: 1024px) 100vw, 1024px\" \/>\t\t\t\t\t\t\t\t\t\t\t\t\t\t<\/div>\n\t\t\t\t\t\t<\/div>\n\t\t\t\t<\/div>\n\t\t\t\t\t\t<\/div>\n\t\t\t\t\t<\/div>\n\t\t<\/div>\n\t\t\t\t<div class=\"elementor-column elementor-col-33 elementor-top-column elementor-element elementor-element-0f1b5bd\" data-id=\"0f1b5bd\" data-element_type=\"column\">\n\t\t\t<div class=\"elementor-column-wrap elementor-element-populated\">\n\t\t\t\t\t\t\t<div class=\"elementor-widget-wrap\">\n\t\t\t\t\t\t<div class=\"elementor-element elementor-element-d8c878a elementor-widget elementor-widget-image\" data-id=\"d8c878a\" data-element_type=\"widget\" data-widget_type=\"image.default\">\n\t\t\t\t<div class=\"elementor-widget-container\">\n\t\t\t\t\t\t\t\t<div class=\"elementor-image\">\n\t\t\t\t\t\t\t\t\t\t\t\t<img loading=\"lazy\" decoding=\"async\" width=\"1024\" height=\"768\" src=\"https:\/\/www.mtcriativo.mt.gov.br\/wp-content\/uploads\/2021\/06\/WhatsApp-Image-2021-05-28-at-07.38.00-1024x768.jpeg\" class=\"attachment-large size-large\" alt=\"\" srcset=\"https:\/\/www.mtcriativo.mt.gov.br\/wp-content\/uploads\/2021\/06\/WhatsApp-Image-2021-05-28-at-07.38.00-1024x768.jpeg 1024w, https:\/\/www.mtcriativo.mt.gov.br\/wp-content\/uploads\/2021\/06\/WhatsApp-Image-2021-05-28-at-07.38.00-300x225.jpeg 300w, https:\/\/www.mtcriativo.mt.gov.br\/wp-content\/uploads\/2021\/06\/WhatsApp-Image-2021-05-28-at-07.38.00-768x576.jpeg 768w, https:\/\/www.mtcriativo.mt.gov.br\/wp-content\/uploads\/2021\/06\/WhatsApp-Image-2021-05-28-at-07.38.00.jpeg 1152w\" sizes=\"auto, (max-width: 1024px) 100vw, 1024px\" \/>\t\t\t\t\t\t\t\t\t\t\t\t\t\t<\/div>\n\t\t\t\t\t\t<\/div>\n\t\t\t\t<\/div>\n\t\t\t\t\t\t<\/div>\n\t\t\t\t\t<\/div>\n\t\t<\/div>\n\t\t\t\t<div class=\"elementor-column elementor-col-33 elementor-top-column elementor-element elementor-element-bea7a0a\" data-id=\"bea7a0a\" data-element_type=\"column\">\n\t\t\t<div class=\"elementor-column-wrap elementor-element-populated\">\n\t\t\t\t\t\t\t<div class=\"elementor-widget-wrap\">\n\t\t\t\t\t\t<div class=\"elementor-element elementor-element-f9302cf elementor-widget elementor-widget-image\" data-id=\"f9302cf\" data-element_type=\"widget\" data-widget_type=\"image.default\">\n\t\t\t\t<div class=\"elementor-widget-container\">\n\t\t\t\t\t\t\t\t<div class=\"elementor-image\">\n\t\t\t\t\t\t\t\t\t\t\t\t<img loading=\"lazy\" decoding=\"async\" width=\"1024\" height=\"768\" src=\"https:\/\/www.mtcriativo.mt.gov.br\/wp-content\/uploads\/2021\/06\/WhatsApp-Image-2021-05-28-at-07.38.01-1024x768.jpeg\" class=\"attachment-large size-large\" alt=\"\" srcset=\"https:\/\/www.mtcriativo.mt.gov.br\/wp-content\/uploads\/2021\/06\/WhatsApp-Image-2021-05-28-at-07.38.01-1024x768.jpeg 1024w, https:\/\/www.mtcriativo.mt.gov.br\/wp-content\/uploads\/2021\/06\/WhatsApp-Image-2021-05-28-at-07.38.01-300x225.jpeg 300w, https:\/\/www.mtcriativo.mt.gov.br\/wp-content\/uploads\/2021\/06\/WhatsApp-Image-2021-05-28-at-07.38.01-768x576.jpeg 768w, https:\/\/www.mtcriativo.mt.gov.br\/wp-content\/uploads\/2021\/06\/WhatsApp-Image-2021-05-28-at-07.38.01.jpeg 1152w\" sizes=\"auto, (max-width: 1024px) 100vw, 1024px\" \/>\t\t\t\t\t\t\t\t\t\t\t\t\t\t<\/div>\n\t\t\t\t\t\t<\/div>\n\t\t\t\t<\/div>\n\t\t\t\t\t\t<\/div>\n\t\t\t\t\t<\/div>\n\t\t<\/div>\n\t\t\t\t\t\t\t\t<\/div>\n\t\t\t\t\t<\/div>\n\t\t<\/section>\n\t\t\t\t<section class=\"elementor-section elementor-top-section elementor-element elementor-element-ac52065 elementor-section-boxed elementor-section-height-default elementor-section-height-default\" data-id=\"ac52065\" data-element_type=\"section\">\n\t\t\t\t\t\t<div class=\"elementor-container elementor-column-gap-default\">\n\t\t\t\t\t\t\t<div class=\"elementor-row\">\n\t\t\t\t\t<div class=\"elementor-column elementor-col-100 elementor-top-column elementor-element elementor-element-7b3d0cb\" data-id=\"7b3d0cb\" data-element_type=\"column\">\n\t\t\t<div class=\"elementor-column-wrap elementor-element-populated\">\n\t\t\t\t\t\t\t<div class=\"elementor-widget-wrap\">\n\t\t\t\t\t\t<div class=\"elementor-element elementor-element-c08c642 elementor-widget elementor-widget-text-editor\" data-id=\"c08c642\" data-element_type=\"widget\" data-widget_type=\"text-editor.default\">\n\t\t\t\t<div class=\"elementor-widget-container\">\n\t\t\t\t\t\t\t\t<div class=\"elementor-text-editor elementor-clearfix\">\n\t\t\t\t<p class=\"MsoNormal\" style=\"text-align: justify;\">Dafne \u00e9 psic\u00f3loga por forma\u00e7\u00e3o, atualmente atua na \u00e1rea cl\u00ednica e cursa especializa\u00e7\u00e3o em An\u00e1lise Comportamental Cl\u00ednica. Em paralelo com as formas de cuidado que a Psicologia oferece, Dafne \u00e9 tamb\u00e9m desenhista. Apaixonada por poesia e cores, ela percebe como \u00e9 fundamental para a sa\u00fade mental, a presen\u00e7a da arte no cotidiano das pessoas. De acordo com ela, em decorr\u00eancia das variadas consequ\u00eancias desses tempos de pandemia, como os adoecimentos que vem acometendo as pessoas, essa necessidade da arte se tornou ainda mais gritante.<\/p>\n<p class=\"MsoNormal\" style=\"text-align: justify;\">Nessa esteira, as duas defendem que o Quintal do Cerrado vem para promover uma experi\u00eancia de sentidos e conex\u00e3o saud\u00e1vel com o bioma Cerrado, de modo que crian\u00e7as e seus cuidadores respons\u00e1veis possam: (1) interagir com a natureza, (2) resgatar a import\u00e2ncia do brincar para o desenvolvimento ps\u00edquico e cognitivo, (3) cuidar de cada crian\u00e7a interior, ganhar consci\u00eancia corporal, (4) vivenciar os valores de cidadania ambiental e (5) explorar conhecimentos que aumentem o bem estar e a qualidade de vida.<\/p>\n<p class=\"MsoNormal\" style=\"text-align: justify;\">Realizado no espa\u00e7o f\u00edsico de uma escola em Rondon\u00f3polis, a proposta do Primeiro Quintal foi a realiza\u00e7\u00e3o de din\u00e2micas que aconteceram em quatro ambientes, com enfoque nos reinos mineral, vegetal, animal e hominal. Os ambientes foram compostos com recursos naturais do Cerrado, pela decora\u00e7\u00e3o criativa da artes\u00e3 Adelita Sarkis. As din\u00e2micas contaram ainda com oficinas interativas conduzidas pela Glaucia, pelo instrutor de agrofloresta Johnn Lennon Sarkis e pelos artistas circenses Edivaldo Silveira e Jonatan Pontes. As crian\u00e7as e cuidadores interagiram durante todo o tempo e sa\u00edram pedindo bis! hehe<\/p>\n<p class=\"MsoNormal\" style=\"text-align: justify;\">A Educa\u00e7\u00e3o em sa\u00fade, o Teatro interativo e a Antroposofia s\u00e3o as perspectivas que norteiam o arranjo que guiar\u00e1 as edi\u00e7\u00f5es dos Quintais. Num ritmo itinerante e l\u00fadico, a ideia \u00e9 que o Quintal possa acontecer com diversos enfoques: conta\u00e7\u00e3o de hist\u00f3rias, arte circense, pintura, teatro, dan\u00e7a, nutri\u00e7\u00e3o, m\u00fasica, ecologia, entre outros. Dessa maneira, ele pode contar tamb\u00e9m com a participa\u00e7\u00e3o de profissionais da comunidade que atuem nessa mesma linha.<\/p>\n<p class=\"MsoNormal\" style=\"text-align: justify;\">Parafraseando o poeta cuiabano Manoel de Barros, <i>\u201cnosso quintal \u00e9 maior do que o mundo\u201d<\/i> e como o ditado popular diz, <i>\u201cuma andorinha s\u00f3 n\u00e3o faz ver\u00e3o,\u201d<\/i> n\u00e3o \u00e9 mesmo?! Nesse sentido, muita gente vem fazendo parte da equipe, e para voc\u00ea conhecer um pouquinho mais, \u00e9 s\u00f3 acessar o perfil no Instagram @oquintaldocerrado e acompanhar l\u00e1 o conte\u00fado. No canal do youtube do Quintal,\u00a0voc\u00ea pode assistir aos v\u00eddeos que em breve ser\u00e3o parte de document\u00e1rios&#8230; \u00e9 isso mesmo! Vem mais frutos do Quintal por a\u00ed.<\/p>\n<p class=\"MsoNormal\" style=\"text-align: justify;\">Como podem ver, o Quintal segue compromissado na vis\u00e3o de que como somos seres biopsicossociais, o cuidado integral da nossa sa\u00fade \u00e9 algo di\u00e1rio. Pode parecer clich\u00ea, mas \u00e9 realmente como o cuidar das plantas de um quintal: se faz meticulosamente dia ap\u00f3s dia, mexendo na terra, aguando as plantas, adubando com sentimentos, fazendo manuten\u00e7\u00f5es e mudan\u00e7as e o que mais for necess\u00e1rio para preservar toda vida que pulsa.<\/p>\n<p class=\"MsoNormal\" style=\"text-align: justify;\">Vale ressaltar, que um desses cuidados continuados \u00e9 em rela\u00e7\u00e3o ao Covid19, por isso segue as medidas de cuidado como o uso de m\u00e1scaras adequadas, as higieniza\u00e7\u00f5es, os distanciamentos e demais adequa\u00e7\u00f5es para que possamos estar juntos em seguran\u00e7a vivendo nossos Quintais.<\/p>\n<p class=\"MsoNormal\" style=\"text-align: justify;\">O Quintal est\u00e1 a\u00ed e convida voc\u00eas para experimentarem esse diferencial de potencial afetivo, vamos cultivar meios para al\u00e9m do autom\u00e1tico? Vem pro Quintal!<\/p>\n<p style=\"text-align: justify;\">\u00a0<\/p>\n<p style=\"text-align: justify;\">\u00a0<\/p>\t\t\t\t\t<\/div>\n\t\t\t\t\t\t<\/div>\n\t\t\t\t<\/div>\n\t\t\t\t\t\t<\/div>\n\t\t\t\t\t<\/div>\n\t\t<\/div>\n\t\t\t\t\t\t\t\t<\/div>\n\t\t\t\t\t<\/div>\n\t\t<\/section>\n\t\t\t\t<section class=\"elementor-section elementor-top-section elementor-element elementor-element-bb7e843 elementor-section-boxed elementor-section-height-default elementor-section-height-default\" data-id=\"bb7e843\" data-element_type=\"section\">\n\t\t\t\t\t\t<div class=\"elementor-container elementor-column-gap-default\">\n\t\t\t\t\t\t\t<div class=\"elementor-row\">\n\t\t\t\t\t<div class=\"elementor-column elementor-col-33 elementor-top-column elementor-element elementor-element-8334de1\" data-id=\"8334de1\" data-element_type=\"column\">\n\t\t\t<div class=\"elementor-column-wrap elementor-element-populated\">\n\t\t\t\t\t\t\t<div class=\"elementor-widget-wrap\">\n\t\t\t\t\t\t<div class=\"elementor-element elementor-element-e4f608b elementor-widget elementor-widget-image\" data-id=\"e4f608b\" data-element_type=\"widget\" data-widget_type=\"image.default\">\n\t\t\t\t<div class=\"elementor-widget-container\">\n\t\t\t\t\t\t\t\t<div class=\"elementor-image\">\n\t\t\t\t\t\t\t\t\t\t\t\t<img loading=\"lazy\" decoding=\"async\" width=\"150\" height=\"150\" src=\"https:\/\/www.mtcriativo.mt.gov.br\/wp-content\/uploads\/2021\/06\/WhatsApp-Image-2021-05-28-at-07.38.03-1-150x150.jpeg\" class=\"attachment-thumbnail size-thumbnail\" alt=\"\" srcset=\"https:\/\/www.mtcriativo.mt.gov.br\/wp-content\/uploads\/2021\/06\/WhatsApp-Image-2021-05-28-at-07.38.03-1-150x150.jpeg 150w, https:\/\/www.mtcriativo.mt.gov.br\/wp-content\/uploads\/2021\/06\/WhatsApp-Image-2021-05-28-at-07.38.03-1-700x700.jpeg 700w, https:\/\/www.mtcriativo.mt.gov.br\/wp-content\/uploads\/2021\/06\/WhatsApp-Image-2021-05-28-at-07.38.03-1-300x300.jpeg 300w\" sizes=\"auto, (max-width: 150px) 100vw, 150px\" \/>\t\t\t\t\t\t\t\t\t\t\t\t\t\t<\/div>\n\t\t\t\t\t\t<\/div>\n\t\t\t\t<\/div>\n\t\t\t\t\t\t<\/div>\n\t\t\t\t\t<\/div>\n\t\t<\/div>\n\t\t\t\t<div class=\"elementor-column elementor-col-33 elementor-top-column elementor-element elementor-element-27ed0c3\" data-id=\"27ed0c3\" data-element_type=\"column\">\n\t\t\t<div class=\"elementor-column-wrap elementor-element-populated\">\n\t\t\t\t\t\t\t<div class=\"elementor-widget-wrap\">\n\t\t\t\t\t\t<div class=\"elementor-element elementor-element-8eb681e elementor-widget elementor-widget-image\" data-id=\"8eb681e\" data-element_type=\"widget\" data-widget_type=\"image.default\">\n\t\t\t\t<div class=\"elementor-widget-container\">\n\t\t\t\t\t\t\t\t<div class=\"elementor-image\">\n\t\t\t\t\t\t\t\t\t\t\t\t<img loading=\"lazy\" decoding=\"async\" width=\"150\" height=\"150\" src=\"https:\/\/www.mtcriativo.mt.gov.br\/wp-content\/uploads\/2021\/06\/WhatsApp-Image-2021-05-28-at-07.38.02-150x150.jpeg\" class=\"attachment-thumbnail size-thumbnail\" alt=\"\" srcset=\"https:\/\/www.mtcriativo.mt.gov.br\/wp-content\/uploads\/2021\/06\/WhatsApp-Image-2021-05-28-at-07.38.02-150x150.jpeg 150w, https:\/\/www.mtcriativo.mt.gov.br\/wp-content\/uploads\/2021\/06\/WhatsApp-Image-2021-05-28-at-07.38.02-700x700.jpeg 700w, https:\/\/www.mtcriativo.mt.gov.br\/wp-content\/uploads\/2021\/06\/WhatsApp-Image-2021-05-28-at-07.38.02-300x300.jpeg 300w\" sizes=\"auto, (max-width: 150px) 100vw, 150px\" \/>\t\t\t\t\t\t\t\t\t\t\t\t\t\t<\/div>\n\t\t\t\t\t\t<\/div>\n\t\t\t\t<\/div>\n\t\t\t\t\t\t<\/div>\n\t\t\t\t\t<\/div>\n\t\t<\/div>\n\t\t\t\t<div class=\"elementor-column elementor-col-33 elementor-top-column elementor-element elementor-element-99d0747\" data-id=\"99d0747\" data-element_type=\"column\">\n\t\t\t<div class=\"elementor-column-wrap elementor-element-populated\">\n\t\t\t\t\t\t\t<div class=\"elementor-widget-wrap\">\n\t\t\t\t\t\t<div class=\"elementor-element elementor-element-b3e4229 elementor-widget elementor-widget-image\" data-id=\"b3e4229\" data-element_type=\"widget\" data-widget_type=\"image.default\">\n\t\t\t\t<div class=\"elementor-widget-container\">\n\t\t\t\t\t\t\t\t<div class=\"elementor-image\">\n\t\t\t\t\t\t\t\t\t\t\t\t<img loading=\"lazy\" decoding=\"async\" width=\"150\" height=\"150\" src=\"https:\/\/www.mtcriativo.mt.gov.br\/wp-content\/uploads\/2021\/06\/WhatsApp-Image-2021-05-28-at-07.38.02-1-150x150.jpeg\" class=\"attachment-thumbnail size-thumbnail\" alt=\"\" srcset=\"https:\/\/www.mtcriativo.mt.gov.br\/wp-content\/uploads\/2021\/06\/WhatsApp-Image-2021-05-28-at-07.38.02-1-150x150.jpeg 150w, https:\/\/www.mtcriativo.mt.gov.br\/wp-content\/uploads\/2021\/06\/WhatsApp-Image-2021-05-28-at-07.38.02-1-700x700.jpeg 700w, https:\/\/www.mtcriativo.mt.gov.br\/wp-content\/uploads\/2021\/06\/WhatsApp-Image-2021-05-28-at-07.38.02-1-300x300.jpeg 300w\" sizes=\"auto, (max-width: 150px) 100vw, 150px\" \/>\t\t\t\t\t\t\t\t\t\t\t\t\t\t<\/div>\n\t\t\t\t\t\t<\/div>\n\t\t\t\t<\/div>\n\t\t\t\t\t\t<\/div>\n\t\t\t\t\t<\/div>\n\t\t<\/div>\n\t\t\t\t\t\t\t\t<\/div>\n\t\t\t\t\t<\/div>\n\t\t<\/section>\n\t\t\t\t\t\t<\/div>\n\t\t\t\t\t\t<\/div>\n\t\t\t\t\t<\/div>\n\t\t","protected":false},"excerpt":{"rendered":"<p>O Quintal do Cerrado Por Gl\u00e1ucia Vicentini \u201c\u00d4 DE CASA!\u201d \u201cOi, podem entrar! Sejam bem vindos ao nosso quintal! Se aconcheguem que aqui tem muita hist\u00f3ria para contar. Para iniciar,&hellip;&nbsp;<a href=\"https:\/\/www.mtcriativo.mt.gov.br\/index.php\/2021\/06\/14\/criativo-da-semana-25\/\" class=\"\" rel=\"bookmark\">Continue a ler &raquo;<span class=\"screen-reader-text\">criativo da semana<\/span><\/a><\/p>\n","protected":false},"author":2,"featured_media":2280,"comment_status":"closed","ping_status":"open","sticky":false,"template":"","format":"standard","meta":{"neve_meta_sidebar":"","neve_meta_container":"","neve_meta_enable_content_width":"off","neve_meta_content_width":0,"neve_meta_title_alignment":"","neve_meta_author_avatar":"","neve_post_elements_order":"","neve_meta_disable_header":"","neve_meta_disable_footer":"","neve_meta_disable_title":"","footnotes":""},"categories":[1],"tags":[71,76,75],"class_list":["post-2265","post","type-post","status-publish","format-standard","has-post-thumbnail","hentry","category-nao-categorizado","tag-criativo-da-semana","tag-glaucia-vicentini","tag-quintal-do-cerrado"],"_links":{"self":[{"href":"https:\/\/www.mtcriativo.mt.gov.br\/index.php\/wp-json\/wp\/v2\/posts\/2265","targetHints":{"allow":["GET"]}}],"collection":[{"href":"https:\/\/www.mtcriativo.mt.gov.br\/index.php\/wp-json\/wp\/v2\/posts"}],"about":[{"href":"https:\/\/www.mtcriativo.mt.gov.br\/index.php\/wp-json\/wp\/v2\/types\/post"}],"author":[{"embeddable":true,"href":"https:\/\/www.mtcriativo.mt.gov.br\/index.php\/wp-json\/wp\/v2\/users\/2"}],"replies":[{"embeddable":true,"href":"https:\/\/www.mtcriativo.mt.gov.br\/index.php\/wp-json\/wp\/v2\/comments?post=2265"}],"version-history":[{"count":4,"href":"https:\/\/www.mtcriativo.mt.gov.br\/index.php\/wp-json\/wp\/v2\/posts\/2265\/revisions"}],"predecessor-version":[{"id":2281,"href":"https:\/\/www.mtcriativo.mt.gov.br\/index.php\/wp-json\/wp\/v2\/posts\/2265\/revisions\/2281"}],"wp:featuredmedia":[{"embeddable":true,"href":"https:\/\/www.mtcriativo.mt.gov.br\/index.php\/wp-json\/wp\/v2\/media\/2280"}],"wp:attachment":[{"href":"https:\/\/www.mtcriativo.mt.gov.br\/index.php\/wp-json\/wp\/v2\/media?parent=2265"}],"wp:term":[{"taxonomy":"category","embeddable":true,"href":"https:\/\/www.mtcriativo.mt.gov.br\/index.php\/wp-json\/wp\/v2\/categories?post=2265"},{"taxonomy":"post_tag","embeddable":true,"href":"https:\/\/www.mtcriativo.mt.gov.br\/index.php\/wp-json\/wp\/v2\/tags?post=2265"}],"curies":[{"name":"wp","href":"https:\/\/api.w.org\/{rel}","templated":true}]}}