{"id":2357,"date":"2021-07-12T11:00:00","date_gmt":"2021-07-12T14:00:00","guid":{"rendered":"http:\/\/www.mtcriativo.mt.gov.br\/?p=2357"},"modified":"2021-06-25T14:34:54","modified_gmt":"2021-06-25T17:34:54","slug":"criativo-da-semana-29","status":"publish","type":"post","link":"https:\/\/www.mtcriativo.mt.gov.br\/index.php\/2021\/07\/12\/criativo-da-semana-29\/","title":{"rendered":"Criativo da semana"},"content":{"rendered":"\t\t<div data-elementor-type=\"wp-post\" data-elementor-id=\"2357\" class=\"elementor elementor-2357\" data-elementor-settings=\"[]\">\n\t\t\t\t\t\t<div class=\"elementor-inner\">\n\t\t\t\t\t\t\t<div class=\"elementor-section-wrap\">\n\t\t\t\t\t\t\t<section class=\"elementor-section elementor-top-section elementor-element elementor-element-359514c elementor-section-boxed elementor-section-height-default elementor-section-height-default\" data-id=\"359514c\" data-element_type=\"section\">\n\t\t\t\t\t\t<div class=\"elementor-container elementor-column-gap-default\">\n\t\t\t\t\t\t\t<div class=\"elementor-row\">\n\t\t\t\t\t<div class=\"elementor-column elementor-col-100 elementor-top-column elementor-element elementor-element-d43f010\" data-id=\"d43f010\" data-element_type=\"column\">\n\t\t\t<div class=\"elementor-column-wrap elementor-element-populated\">\n\t\t\t\t\t\t\t<div class=\"elementor-widget-wrap\">\n\t\t\t\t\t\t<div class=\"elementor-element elementor-element-a212bab elementor-widget elementor-widget-heading\" data-id=\"a212bab\" data-element_type=\"widget\" data-widget_type=\"heading.default\">\n\t\t\t\t<div class=\"elementor-widget-container\">\n\t\t\t<h2 class=\"elementor-heading-title elementor-size-default\">bemtivi academia de arte<\/h2>\t\t<\/div>\n\t\t\t\t<\/div>\n\t\t\t\t\t\t<\/div>\n\t\t\t\t\t<\/div>\n\t\t<\/div>\n\t\t\t\t\t\t\t\t<\/div>\n\t\t\t\t\t<\/div>\n\t\t<\/section>\n\t\t\t\t<section class=\"elementor-section elementor-top-section elementor-element elementor-element-1043e5f elementor-section-boxed elementor-section-height-default elementor-section-height-default\" data-id=\"1043e5f\" data-element_type=\"section\">\n\t\t\t\t\t\t<div class=\"elementor-container elementor-column-gap-default\">\n\t\t\t\t\t\t\t<div class=\"elementor-row\">\n\t\t\t\t\t<div class=\"elementor-column elementor-col-100 elementor-top-column elementor-element elementor-element-bd67b81\" data-id=\"bd67b81\" data-element_type=\"column\">\n\t\t\t<div class=\"elementor-column-wrap elementor-element-populated\">\n\t\t\t\t\t\t\t<div class=\"elementor-widget-wrap\">\n\t\t\t\t\t\t<div class=\"elementor-element elementor-element-794aad2 elementor-widget elementor-widget-text-editor\" data-id=\"794aad2\" data-element_type=\"widget\" data-widget_type=\"text-editor.default\">\n\t\t\t\t<div class=\"elementor-widget-container\">\n\t\t\t\t\t\t\t\t<div class=\"elementor-text-editor elementor-clearfix\">\n\t\t\t\t<p style=\"text-align: right;\"><b>POR JEFERSON BERTOLOTI<\/b><\/p>\t\t\t\t\t<\/div>\n\t\t\t\t\t\t<\/div>\n\t\t\t\t<\/div>\n\t\t\t\t\t\t<\/div>\n\t\t\t\t\t<\/div>\n\t\t<\/div>\n\t\t\t\t\t\t\t\t<\/div>\n\t\t\t\t\t<\/div>\n\t\t<\/section>\n\t\t\t\t<section class=\"elementor-section elementor-top-section elementor-element elementor-element-003c900 elementor-section-boxed elementor-section-height-default elementor-section-height-default\" data-id=\"003c900\" data-element_type=\"section\">\n\t\t\t\t\t\t<div class=\"elementor-container elementor-column-gap-default\">\n\t\t\t\t\t\t\t<div class=\"elementor-row\">\n\t\t\t\t\t<div class=\"elementor-column elementor-col-100 elementor-top-column elementor-element elementor-element-c37ef42\" data-id=\"c37ef42\" data-element_type=\"column\">\n\t\t\t<div class=\"elementor-column-wrap elementor-element-populated\">\n\t\t\t\t\t\t\t<div class=\"elementor-widget-wrap\">\n\t\t\t\t\t\t<div class=\"elementor-element elementor-element-272774f elementor-widget elementor-widget-image\" data-id=\"272774f\" data-element_type=\"widget\" data-widget_type=\"image.default\">\n\t\t\t\t<div class=\"elementor-widget-container\">\n\t\t\t\t\t\t\t\t<div class=\"elementor-image\">\n\t\t\t\t\t\t\t\t\t\t\t\t<img loading=\"lazy\" decoding=\"async\" width=\"300\" height=\"300\" src=\"https:\/\/www.mtcriativo.mt.gov.br\/wp-content\/uploads\/2021\/06\/IMG_20210615_201145_984-1-300x300.jpg\" class=\"attachment-everest-medium size-everest-medium\" alt=\"\" srcset=\"https:\/\/www.mtcriativo.mt.gov.br\/wp-content\/uploads\/2021\/06\/IMG_20210615_201145_984-1-300x300.jpg 300w, https:\/\/www.mtcriativo.mt.gov.br\/wp-content\/uploads\/2021\/06\/IMG_20210615_201145_984-1-150x150.jpg 150w, https:\/\/www.mtcriativo.mt.gov.br\/wp-content\/uploads\/2021\/06\/IMG_20210615_201145_984-1-768x768.jpg 768w, https:\/\/www.mtcriativo.mt.gov.br\/wp-content\/uploads\/2021\/06\/IMG_20210615_201145_984-1-700x700.jpg 700w, https:\/\/www.mtcriativo.mt.gov.br\/wp-content\/uploads\/2021\/06\/IMG_20210615_201145_984-1.jpg 900w\" sizes=\"auto, (max-width: 300px) 100vw, 300px\" \/>\t\t\t\t\t\t\t\t\t\t\t\t\t\t<\/div>\n\t\t\t\t\t\t<\/div>\n\t\t\t\t<\/div>\n\t\t\t\t\t\t<\/div>\n\t\t\t\t\t<\/div>\n\t\t<\/div>\n\t\t\t\t\t\t\t\t<\/div>\n\t\t\t\t\t<\/div>\n\t\t<\/section>\n\t\t\t\t<section class=\"elementor-section elementor-top-section elementor-element elementor-element-c3b5a1d elementor-section-boxed elementor-section-height-default elementor-section-height-default\" data-id=\"c3b5a1d\" data-element_type=\"section\">\n\t\t\t\t\t\t<div class=\"elementor-container elementor-column-gap-default\">\n\t\t\t\t\t\t\t<div class=\"elementor-row\">\n\t\t\t\t\t<div class=\"elementor-column elementor-col-100 elementor-top-column elementor-element elementor-element-cf9132e\" data-id=\"cf9132e\" data-element_type=\"column\">\n\t\t\t<div class=\"elementor-column-wrap elementor-element-populated\">\n\t\t\t\t\t\t\t<div class=\"elementor-widget-wrap\">\n\t\t\t\t\t\t<div class=\"elementor-element elementor-element-0e26aa0 elementor-widget elementor-widget-text-editor\" data-id=\"0e26aa0\" data-element_type=\"widget\" data-widget_type=\"text-editor.default\">\n\t\t\t\t<div class=\"elementor-widget-container\">\n\t\t\t\t\t\t\t\t<div class=\"elementor-text-editor elementor-clearfix\">\n\t\t\t\t<p style=\"text-align: justify;\"><b>JEFERSON BERTOLOTI <\/b><span style=\"font-weight: 400;\">\u00e9 Cuiabano, negro, 36 anos, ator e diretor c\u00eanico com DRT 337 SATED-MT. Sou da turma do Curso T\u00e9cnico em Artes Dram\u00e1tica \u2013 Ator de 2005. Sou arte-educador especialista em Hist\u00f3ria da Arte (UnB). Lecionei 13 anos nas principais Institui\u00e7\u00f5es de educa\u00e7\u00e3o de ensino privado em Cuiab\u00e1-MT. Atualmente atuo como teatr\u00f3logo na cena cultural de Mato Grosso e estou como produtor cultural na Bemtivi Academia de Arte.<\/span><\/p><hr \/><p>\u00a0<\/p><p style=\"text-align: justify;\"><i>&#8220;Somos uma academia de arte conectada com o universo cultural. Bemtivi <\/i>\u00e9 arte, \u00e9 bem estar, \u00e9 cultura pra mim e pra voc\u00ea!&#8221;<\/p><p style=\"text-align: justify;\"><span style=\"font-weight: 400;\">De 2019, <\/span><i><span style=\"font-weight: 400;\">BEMTIVI <\/span><\/i><i><span style=\"font-weight: 400;\">ACADEMIA DE ARTE<\/span><\/i><i><span style=\"font-weight: 400;\">! <\/span><\/i><span style=\"font-weight: 400;\">A academia integra arte e sociedade num espa\u00e7o multiuso de ensaios, reuni\u00f5es, workshops e cursos. Quem visita a <\/span><i><span style=\"font-weight: 400;\">BEMTIVI ACADEMIA DE ARTE<\/span><\/i><span style=\"font-weight: 400;\">, confere sempre uma exposi\u00e7\u00e3o que recebeu obras de artistas como: Adriano Figueiredo, Babu Seteoito, Luciana Godoy, Wender Carlos, Lua Brand\u00e3o e Iasmin Garcia.<\/span><\/p><p style=\"text-align: justify;\"><span style=\"font-weight: 400;\">Localizada no 1\u00ba piso do Goiabeiras Shopping em Cuiab\u00e1 MT, a <\/span><i><span style=\"font-weight: 400;\">BEMTIVI ACADEMIA DE ARTE <\/span><\/i><span style=\"font-weight: 400;\">\u00e9 pra todos n\u00f3s!<\/span><\/p><p style=\"text-align: justify;\">\u00a0<\/p>\t\t\t\t\t<\/div>\n\t\t\t\t\t\t<\/div>\n\t\t\t\t<\/div>\n\t\t\t\t\t\t<\/div>\n\t\t\t\t\t<\/div>\n\t\t<\/div>\n\t\t\t\t\t\t\t\t<\/div>\n\t\t\t\t\t<\/div>\n\t\t<\/section>\n\t\t\t\t<section class=\"elementor-section elementor-top-section elementor-element elementor-element-888e3c9 elementor-section-boxed elementor-section-height-default elementor-section-height-default\" data-id=\"888e3c9\" data-element_type=\"section\">\n\t\t\t\t\t\t<div class=\"elementor-container elementor-column-gap-default\">\n\t\t\t\t\t\t\t<div class=\"elementor-row\">\n\t\t\t\t\t<div class=\"elementor-column elementor-col-25 elementor-top-column elementor-element elementor-element-61be11c\" data-id=\"61be11c\" data-element_type=\"column\">\n\t\t\t<div class=\"elementor-column-wrap elementor-element-populated\">\n\t\t\t\t\t\t\t<div class=\"elementor-widget-wrap\">\n\t\t\t\t\t\t<div class=\"elementor-element elementor-element-b285621 elementor-widget elementor-widget-image\" data-id=\"b285621\" data-element_type=\"widget\" data-widget_type=\"image.default\">\n\t\t\t\t<div class=\"elementor-widget-container\">\n\t\t\t\t\t\t\t\t<div class=\"elementor-image\">\n\t\t\t\t\t\t\t\t\t\t\t\t<img loading=\"lazy\" decoding=\"async\" width=\"605\" height=\"1024\" src=\"https:\/\/www.mtcriativo.mt.gov.br\/wp-content\/uploads\/2021\/06\/SAVE_20210625_242233-605x1024.jpg\" class=\"attachment-large size-large\" alt=\"\" srcset=\"https:\/\/www.mtcriativo.mt.gov.br\/wp-content\/uploads\/2021\/06\/SAVE_20210625_242233-605x1024.jpg 605w, https:\/\/www.mtcriativo.mt.gov.br\/wp-content\/uploads\/2021\/06\/SAVE_20210625_242233-177x300.jpg 177w, https:\/\/www.mtcriativo.mt.gov.br\/wp-content\/uploads\/2021\/06\/SAVE_20210625_242233-768x1300.jpg 768w, https:\/\/www.mtcriativo.mt.gov.br\/wp-content\/uploads\/2021\/06\/SAVE_20210625_242233-907x1536.jpg 907w, https:\/\/www.mtcriativo.mt.gov.br\/wp-content\/uploads\/2021\/06\/SAVE_20210625_242233.jpg 1170w\" sizes=\"auto, (max-width: 605px) 100vw, 605px\" \/>\t\t\t\t\t\t\t\t\t\t\t\t\t\t<\/div>\n\t\t\t\t\t\t<\/div>\n\t\t\t\t<\/div>\n\t\t\t\t\t\t<\/div>\n\t\t\t\t\t<\/div>\n\t\t<\/div>\n\t\t\t\t<div class=\"elementor-column elementor-col-25 elementor-top-column elementor-element elementor-element-dd17ac6\" data-id=\"dd17ac6\" data-element_type=\"column\">\n\t\t\t<div class=\"elementor-column-wrap elementor-element-populated\">\n\t\t\t\t\t\t\t<div class=\"elementor-widget-wrap\">\n\t\t\t\t\t\t<div class=\"elementor-element elementor-element-ee1f628 elementor-widget elementor-widget-image\" data-id=\"ee1f628\" data-element_type=\"widget\" data-widget_type=\"image.default\">\n\t\t\t\t<div class=\"elementor-widget-container\">\n\t\t\t\t\t\t\t\t<div class=\"elementor-image\">\n\t\t\t\t\t\t\t\t\t\t\t\t<img loading=\"lazy\" decoding=\"async\" width=\"608\" height=\"1024\" src=\"https:\/\/www.mtcriativo.mt.gov.br\/wp-content\/uploads\/2021\/06\/SAVE_20210625_242048-608x1024.jpg\" class=\"attachment-large size-large\" alt=\"\" srcset=\"https:\/\/www.mtcriativo.mt.gov.br\/wp-content\/uploads\/2021\/06\/SAVE_20210625_242048-608x1024.jpg 608w, https:\/\/www.mtcriativo.mt.gov.br\/wp-content\/uploads\/2021\/06\/SAVE_20210625_242048-178x300.jpg 178w, https:\/\/www.mtcriativo.mt.gov.br\/wp-content\/uploads\/2021\/06\/SAVE_20210625_242048-768x1294.jpg 768w, https:\/\/www.mtcriativo.mt.gov.br\/wp-content\/uploads\/2021\/06\/SAVE_20210625_242048-912x1536.jpg 912w, https:\/\/www.mtcriativo.mt.gov.br\/wp-content\/uploads\/2021\/06\/SAVE_20210625_242048.jpg 1029w\" sizes=\"auto, (max-width: 608px) 100vw, 608px\" \/>\t\t\t\t\t\t\t\t\t\t\t\t\t\t<\/div>\n\t\t\t\t\t\t<\/div>\n\t\t\t\t<\/div>\n\t\t\t\t\t\t<\/div>\n\t\t\t\t\t<\/div>\n\t\t<\/div>\n\t\t\t\t<div class=\"elementor-column elementor-col-25 elementor-top-column elementor-element elementor-element-ef2b96a\" data-id=\"ef2b96a\" data-element_type=\"column\">\n\t\t\t<div class=\"elementor-column-wrap elementor-element-populated\">\n\t\t\t\t\t\t\t<div class=\"elementor-widget-wrap\">\n\t\t\t\t\t\t<div class=\"elementor-element elementor-element-de107ae elementor-widget elementor-widget-image\" data-id=\"de107ae\" data-element_type=\"widget\" data-widget_type=\"image.default\">\n\t\t\t\t<div class=\"elementor-widget-container\">\n\t\t\t\t\t\t\t\t<div class=\"elementor-image\">\n\t\t\t\t\t\t\t\t\t\t\t\t<img loading=\"lazy\" decoding=\"async\" width=\"588\" height=\"1024\" src=\"https:\/\/www.mtcriativo.mt.gov.br\/wp-content\/uploads\/2021\/06\/SAVE_20210625_242249-588x1024.jpg\" class=\"attachment-large size-large\" alt=\"\" srcset=\"https:\/\/www.mtcriativo.mt.gov.br\/wp-content\/uploads\/2021\/06\/SAVE_20210625_242249-588x1024.jpg 588w, https:\/\/www.mtcriativo.mt.gov.br\/wp-content\/uploads\/2021\/06\/SAVE_20210625_242249-172x300.jpg 172w, https:\/\/www.mtcriativo.mt.gov.br\/wp-content\/uploads\/2021\/06\/SAVE_20210625_242249-768x1338.jpg 768w, https:\/\/www.mtcriativo.mt.gov.br\/wp-content\/uploads\/2021\/06\/SAVE_20210625_242249-882x1536.jpg 882w, https:\/\/www.mtcriativo.mt.gov.br\/wp-content\/uploads\/2021\/06\/SAVE_20210625_242249.jpg 1170w\" sizes=\"auto, (max-width: 588px) 100vw, 588px\" \/>\t\t\t\t\t\t\t\t\t\t\t\t\t\t<\/div>\n\t\t\t\t\t\t<\/div>\n\t\t\t\t<\/div>\n\t\t\t\t\t\t<\/div>\n\t\t\t\t\t<\/div>\n\t\t<\/div>\n\t\t\t\t<div class=\"elementor-column elementor-col-25 elementor-top-column elementor-element elementor-element-94466b4\" data-id=\"94466b4\" data-element_type=\"column\">\n\t\t\t<div class=\"elementor-column-wrap elementor-element-populated\">\n\t\t\t\t\t\t\t<div class=\"elementor-widget-wrap\">\n\t\t\t\t\t\t<div class=\"elementor-element elementor-element-fb20cd4 elementor-widget elementor-widget-image\" data-id=\"fb20cd4\" data-element_type=\"widget\" data-widget_type=\"image.default\">\n\t\t\t\t<div class=\"elementor-widget-container\">\n\t\t\t\t\t\t\t\t<div class=\"elementor-image\">\n\t\t\t\t\t\t\t\t\t\t\t\t<img loading=\"lazy\" decoding=\"async\" width=\"578\" height=\"1024\" src=\"https:\/\/www.mtcriativo.mt.gov.br\/wp-content\/uploads\/2021\/06\/SAVE_20210625_242034-578x1024.jpg\" class=\"attachment-large size-large\" alt=\"\" srcset=\"https:\/\/www.mtcriativo.mt.gov.br\/wp-content\/uploads\/2021\/06\/SAVE_20210625_242034-578x1024.jpg 578w, https:\/\/www.mtcriativo.mt.gov.br\/wp-content\/uploads\/2021\/06\/SAVE_20210625_242034-169x300.jpg 169w, https:\/\/www.mtcriativo.mt.gov.br\/wp-content\/uploads\/2021\/06\/SAVE_20210625_242034-768x1361.jpg 768w, https:\/\/www.mtcriativo.mt.gov.br\/wp-content\/uploads\/2021\/06\/SAVE_20210625_242034-866x1536.jpg 866w, https:\/\/www.mtcriativo.mt.gov.br\/wp-content\/uploads\/2021\/06\/SAVE_20210625_242034-1155x2048.jpg 1155w, https:\/\/www.mtcriativo.mt.gov.br\/wp-content\/uploads\/2021\/06\/SAVE_20210625_242034.jpg 1170w\" sizes=\"auto, (max-width: 578px) 100vw, 578px\" \/>\t\t\t\t\t\t\t\t\t\t\t\t\t\t<\/div>\n\t\t\t\t\t\t<\/div>\n\t\t\t\t<\/div>\n\t\t\t\t\t\t<\/div>\n\t\t\t\t\t<\/div>\n\t\t<\/div>\n\t\t\t\t\t\t\t\t<\/div>\n\t\t\t\t\t<\/div>\n\t\t<\/section>\n\t\t\t\t<section class=\"elementor-section elementor-top-section elementor-element elementor-element-11c2eed elementor-section-boxed elementor-section-height-default elementor-section-height-default\" data-id=\"11c2eed\" data-element_type=\"section\">\n\t\t\t\t\t\t<div class=\"elementor-container elementor-column-gap-default\">\n\t\t\t\t\t\t\t<div class=\"elementor-row\">\n\t\t\t\t\t<div class=\"elementor-column elementor-col-100 elementor-top-column elementor-element elementor-element-35ab6b6\" data-id=\"35ab6b6\" data-element_type=\"column\">\n\t\t\t<div class=\"elementor-column-wrap elementor-element-populated\">\n\t\t\t\t\t\t\t<div class=\"elementor-widget-wrap\">\n\t\t\t\t\t\t<div class=\"elementor-element elementor-element-421be76 elementor-widget elementor-widget-text-editor\" data-id=\"421be76\" data-element_type=\"widget\" data-widget_type=\"text-editor.default\">\n\t\t\t\t<div class=\"elementor-widget-container\">\n\t\t\t\t\t\t\t\t<div class=\"elementor-text-editor elementor-clearfix\">\n\t\t\t\t<p style=\"text-align: justify;\"><b>A REABERTURA<\/b><\/p><p style=\"text-align: justify;\">No dia 16 de mar\u00e7o de 2020 a Bemtivi Academia de Arte sem possibilidades pra prosseguir fecha-se as portas com a confirma\u00e7\u00e3o da chegada da pandemia do novo coronavirus. Todo o setor art\u00edstico no mundo se abala e n\u00e3o foi diferente com a Bemtivi. Formam muitas as dificuldades, perda de alunos, projetos cancelados, artistas e parceiros sem trabalhos, academia fechada.<\/p><p style=\"text-align: justify;\">Ap\u00f3s 15 meses de cautela e espera a Bemtivi Academia de Arte sinaliza sua data de reabertura, s\u00e1bado 03 de julho de 2021 em sua sede.<\/p><p style=\"text-align: justify;\">Para o dia 03 de julho estamos organizando a exposi\u00e7\u00e3o DE OCAS ABERTAS de tem\u00e1tica ind\u00edgena, com seis artistas pl\u00e1sticos da cidade de Cuiab\u00e1-MT. Com uma proposta de arte-educa\u00e7\u00e3o a exposi\u00e7\u00e3o ter\u00e1 atividades hibridas.<\/p><p>\u00a0<\/p>\t\t\t\t\t<\/div>\n\t\t\t\t\t\t<\/div>\n\t\t\t\t<\/div>\n\t\t\t\t\t\t<\/div>\n\t\t\t\t\t<\/div>\n\t\t<\/div>\n\t\t\t\t\t\t\t\t<\/div>\n\t\t\t\t\t<\/div>\n\t\t<\/section>\n\t\t\t\t<section class=\"elementor-section elementor-top-section elementor-element elementor-element-871360e elementor-section-boxed elementor-section-height-default elementor-section-height-default\" data-id=\"871360e\" data-element_type=\"section\">\n\t\t\t\t\t\t<div class=\"elementor-container elementor-column-gap-default\">\n\t\t\t\t\t\t\t<div class=\"elementor-row\">\n\t\t\t\t\t<div class=\"elementor-column elementor-col-20 elementor-top-column elementor-element elementor-element-a373475\" data-id=\"a373475\" data-element_type=\"column\">\n\t\t\t<div class=\"elementor-column-wrap elementor-element-populated\">\n\t\t\t\t\t\t\t<div class=\"elementor-widget-wrap\">\n\t\t\t\t\t\t<div class=\"elementor-element elementor-element-40907b0 elementor-widget elementor-widget-image\" data-id=\"40907b0\" data-element_type=\"widget\" data-widget_type=\"image.default\">\n\t\t\t\t<div class=\"elementor-widget-container\">\n\t\t\t\t\t\t\t\t<div class=\"elementor-image\">\n\t\t\t\t\t\t\t\t\t\t\t\t<img loading=\"lazy\" decoding=\"async\" width=\"768\" height=\"1024\" src=\"https:\/\/www.mtcriativo.mt.gov.br\/wp-content\/uploads\/2021\/06\/SAVE_20210625_242216-768x1024.jpg\" class=\"attachment-large size-large\" alt=\"\" srcset=\"https:\/\/www.mtcriativo.mt.gov.br\/wp-content\/uploads\/2021\/06\/SAVE_20210625_242216-768x1024.jpg 768w, https:\/\/www.mtcriativo.mt.gov.br\/wp-content\/uploads\/2021\/06\/SAVE_20210625_242216-225x300.jpg 225w, https:\/\/www.mtcriativo.mt.gov.br\/wp-content\/uploads\/2021\/06\/SAVE_20210625_242216-1152x1536.jpg 1152w, https:\/\/www.mtcriativo.mt.gov.br\/wp-content\/uploads\/2021\/06\/SAVE_20210625_242216-1536x2048.jpg 1536w, https:\/\/www.mtcriativo.mt.gov.br\/wp-content\/uploads\/2021\/06\/SAVE_20210625_242216-scaled.jpg 1920w\" sizes=\"auto, (max-width: 768px) 100vw, 768px\" \/>\t\t\t\t\t\t\t\t\t\t\t\t\t\t<\/div>\n\t\t\t\t\t\t<\/div>\n\t\t\t\t<\/div>\n\t\t\t\t\t\t<\/div>\n\t\t\t\t\t<\/div>\n\t\t<\/div>\n\t\t\t\t<div class=\"elementor-column elementor-col-20 elementor-top-column elementor-element elementor-element-c59083c\" data-id=\"c59083c\" data-element_type=\"column\">\n\t\t\t<div class=\"elementor-column-wrap elementor-element-populated\">\n\t\t\t\t\t\t\t<div class=\"elementor-widget-wrap\">\n\t\t\t\t\t\t<div class=\"elementor-element elementor-element-6c13ad6 elementor-widget elementor-widget-image\" data-id=\"6c13ad6\" data-element_type=\"widget\" data-widget_type=\"image.default\">\n\t\t\t\t<div class=\"elementor-widget-container\">\n\t\t\t\t\t\t\t\t<div class=\"elementor-image\">\n\t\t\t\t\t\t\t\t\t\t\t\t<img loading=\"lazy\" decoding=\"async\" width=\"768\" height=\"1024\" src=\"https:\/\/www.mtcriativo.mt.gov.br\/wp-content\/uploads\/2021\/06\/SAVE_20210625_242241-768x1024.jpg\" class=\"attachment-large size-large\" alt=\"\" srcset=\"https:\/\/www.mtcriativo.mt.gov.br\/wp-content\/uploads\/2021\/06\/SAVE_20210625_242241-768x1024.jpg 768w, https:\/\/www.mtcriativo.mt.gov.br\/wp-content\/uploads\/2021\/06\/SAVE_20210625_242241-225x300.jpg 225w, https:\/\/www.mtcriativo.mt.gov.br\/wp-content\/uploads\/2021\/06\/SAVE_20210625_242241-1152x1536.jpg 1152w, https:\/\/www.mtcriativo.mt.gov.br\/wp-content\/uploads\/2021\/06\/SAVE_20210625_242241-1536x2048.jpg 1536w, https:\/\/www.mtcriativo.mt.gov.br\/wp-content\/uploads\/2021\/06\/SAVE_20210625_242241-scaled.jpg 1920w\" sizes=\"auto, (max-width: 768px) 100vw, 768px\" \/>\t\t\t\t\t\t\t\t\t\t\t\t\t\t<\/div>\n\t\t\t\t\t\t<\/div>\n\t\t\t\t<\/div>\n\t\t\t\t\t\t<\/div>\n\t\t\t\t\t<\/div>\n\t\t<\/div>\n\t\t\t\t<div class=\"elementor-column elementor-col-20 elementor-top-column elementor-element elementor-element-fe66593\" data-id=\"fe66593\" data-element_type=\"column\">\n\t\t\t<div class=\"elementor-column-wrap elementor-element-populated\">\n\t\t\t\t\t\t\t<div class=\"elementor-widget-wrap\">\n\t\t\t\t\t\t<div class=\"elementor-element elementor-element-a625b07 elementor-widget elementor-widget-image\" data-id=\"a625b07\" data-element_type=\"widget\" data-widget_type=\"image.default\">\n\t\t\t\t<div class=\"elementor-widget-container\">\n\t\t\t\t\t\t\t\t<div class=\"elementor-image\">\n\t\t\t\t\t\t\t\t\t\t\t\t<img loading=\"lazy\" decoding=\"async\" width=\"772\" height=\"1024\" src=\"https:\/\/www.mtcriativo.mt.gov.br\/wp-content\/uploads\/2021\/06\/Okevin2-772x1024.jpg\" class=\"attachment-large size-large\" alt=\"\" srcset=\"https:\/\/www.mtcriativo.mt.gov.br\/wp-content\/uploads\/2021\/06\/Okevin2-772x1024.jpg 772w, https:\/\/www.mtcriativo.mt.gov.br\/wp-content\/uploads\/2021\/06\/Okevin2-226x300.jpg 226w, https:\/\/www.mtcriativo.mt.gov.br\/wp-content\/uploads\/2021\/06\/Okevin2-768x1018.jpg 768w, https:\/\/www.mtcriativo.mt.gov.br\/wp-content\/uploads\/2021\/06\/Okevin2-1159x1536.jpg 1159w, https:\/\/www.mtcriativo.mt.gov.br\/wp-content\/uploads\/2021\/06\/Okevin2-1545x2048.jpg 1545w, https:\/\/www.mtcriativo.mt.gov.br\/wp-content\/uploads\/2021\/06\/Okevin2-scaled.jpg 1931w\" sizes=\"auto, (max-width: 772px) 100vw, 772px\" \/>\t\t\t\t\t\t\t\t\t\t\t\t\t\t<\/div>\n\t\t\t\t\t\t<\/div>\n\t\t\t\t<\/div>\n\t\t\t\t\t\t<\/div>\n\t\t\t\t\t<\/div>\n\t\t<\/div>\n\t\t\t\t<div class=\"elementor-column elementor-col-20 elementor-top-column elementor-element elementor-element-b247991\" data-id=\"b247991\" data-element_type=\"column\">\n\t\t\t<div class=\"elementor-column-wrap elementor-element-populated\">\n\t\t\t\t\t\t\t<div class=\"elementor-widget-wrap\">\n\t\t\t\t\t\t<div class=\"elementor-element elementor-element-af5d56b elementor-widget elementor-widget-image\" data-id=\"af5d56b\" data-element_type=\"widget\" data-widget_type=\"image.default\">\n\t\t\t\t<div class=\"elementor-widget-container\">\n\t\t\t\t\t\t\t\t<div class=\"elementor-image\">\n\t\t\t\t\t\t\t\t\t\t\t\t<img loading=\"lazy\" decoding=\"async\" width=\"483\" height=\"655\" src=\"https:\/\/www.mtcriativo.mt.gov.br\/wp-content\/uploads\/2021\/06\/SAVE_20210625_242225.jpg\" class=\"attachment-everest-large size-everest-large\" alt=\"\" srcset=\"https:\/\/www.mtcriativo.mt.gov.br\/wp-content\/uploads\/2021\/06\/SAVE_20210625_242225.jpg 483w, https:\/\/www.mtcriativo.mt.gov.br\/wp-content\/uploads\/2021\/06\/SAVE_20210625_242225-221x300.jpg 221w\" sizes=\"auto, (max-width: 483px) 100vw, 483px\" \/>\t\t\t\t\t\t\t\t\t\t\t\t\t\t<\/div>\n\t\t\t\t\t\t<\/div>\n\t\t\t\t<\/div>\n\t\t\t\t\t\t<\/div>\n\t\t\t\t\t<\/div>\n\t\t<\/div>\n\t\t\t\t<div class=\"elementor-column elementor-col-20 elementor-top-column elementor-element elementor-element-7790e27\" data-id=\"7790e27\" data-element_type=\"column\">\n\t\t\t<div class=\"elementor-column-wrap elementor-element-populated\">\n\t\t\t\t\t\t\t<div class=\"elementor-widget-wrap\">\n\t\t\t\t\t\t<div class=\"elementor-element elementor-element-b21fb51 elementor-widget elementor-widget-image\" data-id=\"b21fb51\" data-element_type=\"widget\" data-widget_type=\"image.default\">\n\t\t\t\t<div class=\"elementor-widget-container\">\n\t\t\t\t\t\t\t\t<div class=\"elementor-image\">\n\t\t\t\t\t\t\t\t\t\t\t\t<img loading=\"lazy\" decoding=\"async\" width=\"768\" height=\"1024\" src=\"https:\/\/www.mtcriativo.mt.gov.br\/wp-content\/uploads\/2021\/06\/SAVE_20210625_242022-768x1024.jpg\" class=\"attachment-large size-large\" alt=\"\" srcset=\"https:\/\/www.mtcriativo.mt.gov.br\/wp-content\/uploads\/2021\/06\/SAVE_20210625_242022-768x1024.jpg 768w, https:\/\/www.mtcriativo.mt.gov.br\/wp-content\/uploads\/2021\/06\/SAVE_20210625_242022-225x300.jpg 225w, https:\/\/www.mtcriativo.mt.gov.br\/wp-content\/uploads\/2021\/06\/SAVE_20210625_242022-1152x1536.jpg 1152w, https:\/\/www.mtcriativo.mt.gov.br\/wp-content\/uploads\/2021\/06\/SAVE_20210625_242022-1536x2048.jpg 1536w, https:\/\/www.mtcriativo.mt.gov.br\/wp-content\/uploads\/2021\/06\/SAVE_20210625_242022-scaled.jpg 1920w\" sizes=\"auto, (max-width: 768px) 100vw, 768px\" \/>\t\t\t\t\t\t\t\t\t\t\t\t\t\t<\/div>\n\t\t\t\t\t\t<\/div>\n\t\t\t\t<\/div>\n\t\t\t\t\t\t<\/div>\n\t\t\t\t\t<\/div>\n\t\t<\/div>\n\t\t\t\t\t\t\t\t<\/div>\n\t\t\t\t\t<\/div>\n\t\t<\/section>\n\t\t\t\t<section class=\"elementor-section elementor-top-section elementor-element elementor-element-dd0a186 elementor-section-boxed elementor-section-height-default elementor-section-height-default\" data-id=\"dd0a186\" data-element_type=\"section\">\n\t\t\t\t\t\t<div class=\"elementor-container elementor-column-gap-default\">\n\t\t\t\t\t\t\t<div class=\"elementor-row\">\n\t\t\t\t\t<div class=\"elementor-column elementor-col-100 elementor-top-column elementor-element elementor-element-196d361\" data-id=\"196d361\" data-element_type=\"column\">\n\t\t\t<div class=\"elementor-column-wrap elementor-element-populated\">\n\t\t\t\t\t\t\t<div class=\"elementor-widget-wrap\">\n\t\t\t\t\t\t<div class=\"elementor-element elementor-element-0799e78 elementor-widget elementor-widget-text-editor\" data-id=\"0799e78\" data-element_type=\"widget\" data-widget_type=\"text-editor.default\">\n\t\t\t\t<div class=\"elementor-widget-container\">\n\t\t\t\t\t\t\t\t<div class=\"elementor-text-editor elementor-clearfix\">\n\t\t\t\t<p style=\"text-align: justify;\"><b>DE OCAS ABERTAS<\/b><\/p><ol><li style=\"text-align: justify;\" aria-level=\"1\">Ser\u00e3o expostas as artes visuais de 7 artistas do Mato Grosso, entre cer\u00e2micas queimada, adornos, adere\u00e7os, telas e \u00e1udio visual;<\/li><li style=\"text-align: justify;\" aria-level=\"1\">Seguindo os protocolos de medidas ao combate e preven\u00e7\u00e3o do novo coronav\u00edrus, os visitantes da exposi\u00e7\u00e3o far\u00e3o o agendamento de visita pelo WhatsApp da Academia;<\/li><li style=\"text-align: justify;\" aria-level=\"1\">No agendamento, entrar\u00e3o por vez no espa\u00e7o grupos com o n\u00famero m\u00e1ximo de 7 pessoas;<\/li><li style=\"text-align: justify;\" aria-level=\"1\">Logo na entrada da Academia teremos um Volunt\u00e1rio fazendo nova confer\u00eancia de temperatura dos visitantes, ver se todos usam m\u00e1scara e os orientar a higienizar as m\u00e3os com \u00e1lcool gel ao entrarem.<\/li><\/ol>\t\t\t\t\t<\/div>\n\t\t\t\t\t\t<\/div>\n\t\t\t\t<\/div>\n\t\t\t\t\t\t<\/div>\n\t\t\t\t\t<\/div>\n\t\t<\/div>\n\t\t\t\t\t\t\t\t<\/div>\n\t\t\t\t\t<\/div>\n\t\t<\/section>\n\t\t\t\t\t\t<\/div>\n\t\t\t\t\t\t<\/div>\n\t\t\t\t\t<\/div>\n\t\t","protected":false},"excerpt":{"rendered":"<p>bemtivi academia de arte POR JEFERSON BERTOLOTI JEFERSON BERTOLOTI \u00e9 Cuiabano, negro, 36 anos, ator e diretor c\u00eanico com DRT 337 SATED-MT. Sou da turma do Curso T\u00e9cnico em Artes&hellip;&nbsp;<a href=\"https:\/\/www.mtcriativo.mt.gov.br\/index.php\/2021\/07\/12\/criativo-da-semana-29\/\" class=\"\" rel=\"bookmark\">Continue a ler &raquo;<span class=\"screen-reader-text\">Criativo da semana<\/span><\/a><\/p>\n","protected":false},"author":2,"featured_media":2364,"comment_status":"closed","ping_status":"open","sticky":false,"template":"","format":"standard","meta":{"neve_meta_sidebar":"","neve_meta_container":"","neve_meta_enable_content_width":"off","neve_meta_content_width":0,"neve_meta_title_alignment":"","neve_meta_author_avatar":"","neve_post_elements_order":"","neve_meta_disable_header":"","neve_meta_disable_footer":"","neve_meta_disable_title":"","footnotes":""},"categories":[1],"tags":[85,48,84,44,52],"class_list":["post-2357","post","type-post","status-publish","format-standard","has-post-thumbnail","hentry","category-nao-categorizado","tag-academia-bemtivi","tag-criativodasemana","tag-jeferson-bertoloti","tag-mtcriativo","tag-secelmt"],"_links":{"self":[{"href":"https:\/\/www.mtcriativo.mt.gov.br\/index.php\/wp-json\/wp\/v2\/posts\/2357","targetHints":{"allow":["GET"]}}],"collection":[{"href":"https:\/\/www.mtcriativo.mt.gov.br\/index.php\/wp-json\/wp\/v2\/posts"}],"about":[{"href":"https:\/\/www.mtcriativo.mt.gov.br\/index.php\/wp-json\/wp\/v2\/types\/post"}],"author":[{"embeddable":true,"href":"https:\/\/www.mtcriativo.mt.gov.br\/index.php\/wp-json\/wp\/v2\/users\/2"}],"replies":[{"embeddable":true,"href":"https:\/\/www.mtcriativo.mt.gov.br\/index.php\/wp-json\/wp\/v2\/comments?post=2357"}],"version-history":[{"count":18,"href":"https:\/\/www.mtcriativo.mt.gov.br\/index.php\/wp-json\/wp\/v2\/posts\/2357\/revisions"}],"predecessor-version":[{"id":2396,"href":"https:\/\/www.mtcriativo.mt.gov.br\/index.php\/wp-json\/wp\/v2\/posts\/2357\/revisions\/2396"}],"wp:featuredmedia":[{"embeddable":true,"href":"https:\/\/www.mtcriativo.mt.gov.br\/index.php\/wp-json\/wp\/v2\/media\/2364"}],"wp:attachment":[{"href":"https:\/\/www.mtcriativo.mt.gov.br\/index.php\/wp-json\/wp\/v2\/media?parent=2357"}],"wp:term":[{"taxonomy":"category","embeddable":true,"href":"https:\/\/www.mtcriativo.mt.gov.br\/index.php\/wp-json\/wp\/v2\/categories?post=2357"},{"taxonomy":"post_tag","embeddable":true,"href":"https:\/\/www.mtcriativo.mt.gov.br\/index.php\/wp-json\/wp\/v2\/tags?post=2357"}],"curies":[{"name":"wp","href":"https:\/\/api.w.org\/{rel}","templated":true}]}}