{"id":2399,"date":"2021-07-19T11:30:00","date_gmt":"2021-07-19T14:30:00","guid":{"rendered":"http:\/\/www.mtcriativo.mt.gov.br\/?p=2399"},"modified":"2021-06-30T14:36:50","modified_gmt":"2021-06-30T17:36:50","slug":"criativo-da-semana-30","status":"publish","type":"post","link":"https:\/\/www.mtcriativo.mt.gov.br\/index.php\/2021\/07\/19\/criativo-da-semana-30\/","title":{"rendered":"Criativo da semana"},"content":{"rendered":"\t\t<div data-elementor-type=\"wp-post\" data-elementor-id=\"2399\" class=\"elementor elementor-2399\" data-elementor-settings=\"[]\">\n\t\t\t\t\t\t<div class=\"elementor-inner\">\n\t\t\t\t\t\t\t<div class=\"elementor-section-wrap\">\n\t\t\t\t\t\t\t<section class=\"elementor-section elementor-top-section elementor-element elementor-element-eef7da3 elementor-section-boxed elementor-section-height-default elementor-section-height-default\" data-id=\"eef7da3\" data-element_type=\"section\">\n\t\t\t\t\t\t<div class=\"elementor-container elementor-column-gap-default\">\n\t\t\t\t\t\t\t<div class=\"elementor-row\">\n\t\t\t\t\t<div class=\"elementor-column elementor-col-100 elementor-top-column elementor-element elementor-element-cd79fe2\" data-id=\"cd79fe2\" data-element_type=\"column\">\n\t\t\t<div class=\"elementor-column-wrap elementor-element-populated\">\n\t\t\t\t\t\t\t<div class=\"elementor-widget-wrap\">\n\t\t\t\t\t\t<div class=\"elementor-element elementor-element-620e037 elementor-widget elementor-widget-text-editor\" data-id=\"620e037\" data-element_type=\"widget\" data-widget_type=\"text-editor.default\">\n\t\t\t\t<div class=\"elementor-widget-container\">\n\t\t\t\t\t\t\t\t<div class=\"elementor-text-editor elementor-clearfix\">\n\t\t\t\t<h5><strong>Rota das \u00c1guas: 2 mil km de belezas naturais em Mato Grosso<\/strong><\/h5>\t\t\t\t\t<\/div>\n\t\t\t\t\t\t<\/div>\n\t\t\t\t<\/div>\n\t\t\t\t\t\t<\/div>\n\t\t\t\t\t<\/div>\n\t\t<\/div>\n\t\t\t\t\t\t\t\t<\/div>\n\t\t\t\t\t<\/div>\n\t\t<\/section>\n\t\t\t\t<section class=\"elementor-section elementor-top-section elementor-element elementor-element-37eedf7 elementor-section-boxed elementor-section-height-default elementor-section-height-default\" data-id=\"37eedf7\" data-element_type=\"section\">\n\t\t\t\t\t\t<div class=\"elementor-container elementor-column-gap-default\">\n\t\t\t\t\t\t\t<div class=\"elementor-row\">\n\t\t\t\t\t<div class=\"elementor-column elementor-col-100 elementor-top-column elementor-element elementor-element-97ec17a\" data-id=\"97ec17a\" data-element_type=\"column\">\n\t\t\t<div class=\"elementor-column-wrap elementor-element-populated\">\n\t\t\t\t\t\t\t<div class=\"elementor-widget-wrap\">\n\t\t\t\t\t\t<div class=\"elementor-element elementor-element-20da02b elementor-widget elementor-widget-text-editor\" data-id=\"20da02b\" data-element_type=\"widget\" data-widget_type=\"text-editor.default\">\n\t\t\t\t<div class=\"elementor-widget-container\">\n\t\t\t\t\t\t\t\t<div class=\"elementor-text-editor elementor-clearfix\">\n\t\t\t\t<p style=\"text-align: right;\"><em><strong>Por Andr\u00e9 Torres<\/strong><\/em><\/p>\t\t\t\t\t<\/div>\n\t\t\t\t\t\t<\/div>\n\t\t\t\t<\/div>\n\t\t\t\t\t\t<\/div>\n\t\t\t\t\t<\/div>\n\t\t<\/div>\n\t\t\t\t\t\t\t\t<\/div>\n\t\t\t\t\t<\/div>\n\t\t<\/section>\n\t\t\t\t<section class=\"elementor-section elementor-top-section elementor-element elementor-element-ddda8fb elementor-section-boxed elementor-section-height-default elementor-section-height-default\" data-id=\"ddda8fb\" data-element_type=\"section\">\n\t\t\t\t\t\t<div class=\"elementor-container elementor-column-gap-default\">\n\t\t\t\t\t\t\t<div class=\"elementor-row\">\n\t\t\t\t\t<div class=\"elementor-column elementor-col-100 elementor-top-column elementor-element elementor-element-5233944\" data-id=\"5233944\" data-element_type=\"column\">\n\t\t\t<div class=\"elementor-column-wrap elementor-element-populated\">\n\t\t\t\t\t\t\t<div class=\"elementor-widget-wrap\">\n\t\t\t\t\t\t<div class=\"elementor-element elementor-element-7e06efe elementor-widget elementor-widget-image\" data-id=\"7e06efe\" data-element_type=\"widget\" data-widget_type=\"image.default\">\n\t\t\t\t<div class=\"elementor-widget-container\">\n\t\t\t\t\t\t\t\t<div class=\"elementor-image\">\n\t\t\t\t\t\t\t\t\t\t\t\t<img loading=\"lazy\" decoding=\"async\" width=\"1024\" height=\"576\" src=\"https:\/\/www.mtcriativo.mt.gov.br\/wp-content\/uploads\/2021\/06\/WhatsApp-Image-2021-06-25-at-15.42.10-1024x576.jpeg\" class=\"attachment-large size-large\" alt=\"\" srcset=\"https:\/\/www.mtcriativo.mt.gov.br\/wp-content\/uploads\/2021\/06\/WhatsApp-Image-2021-06-25-at-15.42.10-1024x576.jpeg 1024w, https:\/\/www.mtcriativo.mt.gov.br\/wp-content\/uploads\/2021\/06\/WhatsApp-Image-2021-06-25-at-15.42.10-300x169.jpeg 300w, https:\/\/www.mtcriativo.mt.gov.br\/wp-content\/uploads\/2021\/06\/WhatsApp-Image-2021-06-25-at-15.42.10-768x432.jpeg 768w, https:\/\/www.mtcriativo.mt.gov.br\/wp-content\/uploads\/2021\/06\/WhatsApp-Image-2021-06-25-at-15.42.10.jpeg 1280w\" sizes=\"auto, (max-width: 1024px) 100vw, 1024px\" \/>\t\t\t\t\t\t\t\t\t\t\t\t\t\t<\/div>\n\t\t\t\t\t\t<\/div>\n\t\t\t\t<\/div>\n\t\t\t\t\t\t<\/div>\n\t\t\t\t\t<\/div>\n\t\t<\/div>\n\t\t\t\t\t\t\t\t<\/div>\n\t\t\t\t\t<\/div>\n\t\t<\/section>\n\t\t\t\t<section class=\"elementor-section elementor-top-section elementor-element elementor-element-0aec1c5 elementor-section-boxed elementor-section-height-default elementor-section-height-default\" data-id=\"0aec1c5\" data-element_type=\"section\">\n\t\t\t\t\t\t<div class=\"elementor-container elementor-column-gap-default\">\n\t\t\t\t\t\t\t<div class=\"elementor-row\">\n\t\t\t\t\t<div class=\"elementor-column elementor-col-100 elementor-top-column elementor-element elementor-element-0879ed1\" data-id=\"0879ed1\" data-element_type=\"column\">\n\t\t\t<div class=\"elementor-column-wrap elementor-element-populated\">\n\t\t\t\t\t\t\t<div class=\"elementor-widget-wrap\">\n\t\t\t\t\t\t<div class=\"elementor-element elementor-element-081d9e1 elementor-widget elementor-widget-text-editor\" data-id=\"081d9e1\" data-element_type=\"widget\" data-widget_type=\"text-editor.default\">\n\t\t\t\t<div class=\"elementor-widget-container\">\n\t\t\t\t\t\t\t\t<div class=\"elementor-text-editor elementor-clearfix\">\n\t\t\t\t<p style=\"text-align: justify;\">\u00a0<\/p><p style=\"text-align: justify;\">Resolvendo desafios em diferentes \u00e1reas de TI desde os anos 90, Andre mistura \u00e1reas de conhecimento como Turismo, Multi Cloud Computing, VR\/AR, Com\u00e9rcio Internacional, Desenvolvimento de Frontend e Backend, Tradu\u00e7\u00e3o e Criptomoedas, e tenta aplic\u00e1-los em projetos de Desenvolvimento Social locais e de grande escala. Atualmente atua \u00e1rea de DevOps, \u00e9 consultor da Revista Mapa do Mato e coordenador do projeto Rota das \u00c1guas.<\/p>\t\t\t\t\t<\/div>\n\t\t\t\t\t\t<\/div>\n\t\t\t\t<\/div>\n\t\t\t\t\t\t<\/div>\n\t\t\t\t\t<\/div>\n\t\t<\/div>\n\t\t\t\t\t\t\t\t<\/div>\n\t\t\t\t\t<\/div>\n\t\t<\/section>\n\t\t\t\t<section class=\"elementor-section elementor-top-section elementor-element elementor-element-6e00ee0 elementor-section-boxed elementor-section-height-default elementor-section-height-default\" data-id=\"6e00ee0\" data-element_type=\"section\">\n\t\t\t\t\t\t<div class=\"elementor-container elementor-column-gap-default\">\n\t\t\t\t\t\t\t<div class=\"elementor-row\">\n\t\t\t\t\t<div class=\"elementor-column elementor-col-100 elementor-top-column elementor-element elementor-element-c6c4a75\" data-id=\"c6c4a75\" data-element_type=\"column\">\n\t\t\t<div class=\"elementor-column-wrap elementor-element-populated\">\n\t\t\t\t\t\t\t<div class=\"elementor-widget-wrap\">\n\t\t\t\t\t\t<div class=\"elementor-element elementor-element-30027b3 elementor-widget elementor-widget-text-editor\" data-id=\"30027b3\" data-element_type=\"widget\" data-widget_type=\"text-editor.default\">\n\t\t\t\t<div class=\"elementor-widget-container\">\n\t\t\t\t\t\t\t\t<div class=\"elementor-text-editor elementor-clearfix\">\n\t\t\t\t<p style=\"text-align: justify;\">A Rota das \u00c1guas um novo circuito tur\u00edstico com mais de 2 mil quil\u00f4metros, que promove os atrativos naturais de 13 cidades de Mato Grosso: Chapada dos Guimar\u00e3es, Nobres, Pocon\u00e9\/Pantanal, Rondon\u00f3polis, Jaciara, Juscimeira, Poxor\u00e9u, C\u00e1ceres, Vila Bela da Sant\u00edssima Trindade, Tangar\u00e1 da Serra, Campo Novo dos Parecis, Barra do Gar\u00e7as e Nova Xavantina.<\/p><p style=\"text-align: justify;\">O projeto, contemplado pelo Edital da Lei Aldir Blanc &#8211; MT Criativo em dezembro de 2020, foi idealizado por Tiemi Otomura e Andr\u00e9 Torres, e se concretizou \u00e0 partir de um amplo levantamento dos atrativos naturais do Estado de Mato Grosso, com informa\u00e7\u00f5es provenientes das Secretarias Municipais de Turismo, empreendimentos locais e usu\u00e1rios das redes sociais.<\/p>\t\t\t\t\t<\/div>\n\t\t\t\t\t\t<\/div>\n\t\t\t\t<\/div>\n\t\t\t\t\t\t<\/div>\n\t\t\t\t\t<\/div>\n\t\t<\/div>\n\t\t\t\t\t\t\t\t<\/div>\n\t\t\t\t\t<\/div>\n\t\t<\/section>\n\t\t\t\t<section class=\"elementor-section elementor-top-section elementor-element elementor-element-ec0e72c elementor-section-boxed elementor-section-height-default elementor-section-height-default\" data-id=\"ec0e72c\" data-element_type=\"section\">\n\t\t\t\t\t\t<div class=\"elementor-container elementor-column-gap-default\">\n\t\t\t\t\t\t\t<div class=\"elementor-row\">\n\t\t\t\t\t<div class=\"elementor-column elementor-col-25 elementor-top-column elementor-element elementor-element-fe1b686\" data-id=\"fe1b686\" data-element_type=\"column\">\n\t\t\t<div class=\"elementor-column-wrap elementor-element-populated\">\n\t\t\t\t\t\t\t<div class=\"elementor-widget-wrap\">\n\t\t\t\t\t\t<div class=\"elementor-element elementor-element-912612b elementor-widget elementor-widget-image\" data-id=\"912612b\" data-element_type=\"widget\" data-widget_type=\"image.default\">\n\t\t\t\t<div class=\"elementor-widget-container\">\n\t\t\t\t\t\t\t\t<div class=\"elementor-image\">\n\t\t\t\t\t\t\t\t\t\t\t\t<img loading=\"lazy\" decoding=\"async\" width=\"640\" height=\"640\" src=\"https:\/\/www.mtcriativo.mt.gov.br\/wp-content\/uploads\/2021\/06\/199385650_319036453131349_4845612032704668681_n.jpg\" class=\"attachment-large size-large\" alt=\"\" srcset=\"https:\/\/www.mtcriativo.mt.gov.br\/wp-content\/uploads\/2021\/06\/199385650_319036453131349_4845612032704668681_n.jpg 640w, https:\/\/www.mtcriativo.mt.gov.br\/wp-content\/uploads\/2021\/06\/199385650_319036453131349_4845612032704668681_n-300x300.jpg 300w, https:\/\/www.mtcriativo.mt.gov.br\/wp-content\/uploads\/2021\/06\/199385650_319036453131349_4845612032704668681_n-150x150.jpg 150w\" sizes=\"auto, (max-width: 640px) 100vw, 640px\" \/>\t\t\t\t\t\t\t\t\t\t\t\t\t\t<\/div>\n\t\t\t\t\t\t<\/div>\n\t\t\t\t<\/div>\n\t\t\t\t\t\t<\/div>\n\t\t\t\t\t<\/div>\n\t\t<\/div>\n\t\t\t\t<div class=\"elementor-column elementor-col-25 elementor-top-column elementor-element elementor-element-011da62\" data-id=\"011da62\" data-element_type=\"column\">\n\t\t\t<div class=\"elementor-column-wrap elementor-element-populated\">\n\t\t\t\t\t\t\t<div class=\"elementor-widget-wrap\">\n\t\t\t\t\t\t<div class=\"elementor-element elementor-element-25cade5 elementor-widget elementor-widget-image\" data-id=\"25cade5\" data-element_type=\"widget\" data-widget_type=\"image.default\">\n\t\t\t\t<div class=\"elementor-widget-container\">\n\t\t\t\t\t\t\t\t<div class=\"elementor-image\">\n\t\t\t\t\t\t\t\t\t\t\t\t<img loading=\"lazy\" decoding=\"async\" width=\"640\" height=\"640\" src=\"https:\/\/www.mtcriativo.mt.gov.br\/wp-content\/uploads\/2021\/06\/177703671_125619849561635_2477988194840112086_n.jpg\" class=\"attachment-large size-large\" alt=\"\" srcset=\"https:\/\/www.mtcriativo.mt.gov.br\/wp-content\/uploads\/2021\/06\/177703671_125619849561635_2477988194840112086_n.jpg 640w, https:\/\/www.mtcriativo.mt.gov.br\/wp-content\/uploads\/2021\/06\/177703671_125619849561635_2477988194840112086_n-300x300.jpg 300w, https:\/\/www.mtcriativo.mt.gov.br\/wp-content\/uploads\/2021\/06\/177703671_125619849561635_2477988194840112086_n-150x150.jpg 150w\" sizes=\"auto, (max-width: 640px) 100vw, 640px\" \/>\t\t\t\t\t\t\t\t\t\t\t\t\t\t<\/div>\n\t\t\t\t\t\t<\/div>\n\t\t\t\t<\/div>\n\t\t\t\t\t\t<\/div>\n\t\t\t\t\t<\/div>\n\t\t<\/div>\n\t\t\t\t<div class=\"elementor-column elementor-col-25 elementor-top-column elementor-element elementor-element-9430bed\" data-id=\"9430bed\" data-element_type=\"column\">\n\t\t\t<div class=\"elementor-column-wrap elementor-element-populated\">\n\t\t\t\t\t\t\t<div class=\"elementor-widget-wrap\">\n\t\t\t\t\t\t<div class=\"elementor-element elementor-element-aef5fa1 elementor-widget elementor-widget-image\" data-id=\"aef5fa1\" data-element_type=\"widget\" data-widget_type=\"image.default\">\n\t\t\t\t<div class=\"elementor-widget-container\">\n\t\t\t\t\t\t\t\t<div class=\"elementor-image\">\n\t\t\t\t\t\t\t\t\t\t\t\t<img loading=\"lazy\" decoding=\"async\" width=\"640\" height=\"640\" src=\"https:\/\/www.mtcriativo.mt.gov.br\/wp-content\/uploads\/2021\/06\/177221882_210127347217469_1005998319034819871_n.jpg\" class=\"attachment-large size-large\" alt=\"\" srcset=\"https:\/\/www.mtcriativo.mt.gov.br\/wp-content\/uploads\/2021\/06\/177221882_210127347217469_1005998319034819871_n.jpg 640w, https:\/\/www.mtcriativo.mt.gov.br\/wp-content\/uploads\/2021\/06\/177221882_210127347217469_1005998319034819871_n-300x300.jpg 300w, https:\/\/www.mtcriativo.mt.gov.br\/wp-content\/uploads\/2021\/06\/177221882_210127347217469_1005998319034819871_n-150x150.jpg 150w\" sizes=\"auto, (max-width: 640px) 100vw, 640px\" \/>\t\t\t\t\t\t\t\t\t\t\t\t\t\t<\/div>\n\t\t\t\t\t\t<\/div>\n\t\t\t\t<\/div>\n\t\t\t\t\t\t<\/div>\n\t\t\t\t\t<\/div>\n\t\t<\/div>\n\t\t\t\t<div class=\"elementor-column elementor-col-25 elementor-top-column elementor-element elementor-element-71812fc\" data-id=\"71812fc\" data-element_type=\"column\">\n\t\t\t<div class=\"elementor-column-wrap elementor-element-populated\">\n\t\t\t\t\t\t\t<div class=\"elementor-widget-wrap\">\n\t\t\t\t\t\t<div class=\"elementor-element elementor-element-740797f elementor-widget elementor-widget-image\" data-id=\"740797f\" data-element_type=\"widget\" data-widget_type=\"image.default\">\n\t\t\t\t<div class=\"elementor-widget-container\">\n\t\t\t\t\t\t\t\t<div class=\"elementor-image\">\n\t\t\t\t\t\t\t\t\t\t\t\t<img loading=\"lazy\" decoding=\"async\" width=\"640\" height=\"640\" src=\"https:\/\/www.mtcriativo.mt.gov.br\/wp-content\/uploads\/2021\/06\/173591211_273588731098095_4709527710927373727_n.jpg\" class=\"attachment-large size-large\" alt=\"\" srcset=\"https:\/\/www.mtcriativo.mt.gov.br\/wp-content\/uploads\/2021\/06\/173591211_273588731098095_4709527710927373727_n.jpg 640w, https:\/\/www.mtcriativo.mt.gov.br\/wp-content\/uploads\/2021\/06\/173591211_273588731098095_4709527710927373727_n-300x300.jpg 300w, https:\/\/www.mtcriativo.mt.gov.br\/wp-content\/uploads\/2021\/06\/173591211_273588731098095_4709527710927373727_n-150x150.jpg 150w\" sizes=\"auto, (max-width: 640px) 100vw, 640px\" \/>\t\t\t\t\t\t\t\t\t\t\t\t\t\t<\/div>\n\t\t\t\t\t\t<\/div>\n\t\t\t\t<\/div>\n\t\t\t\t\t\t<\/div>\n\t\t\t\t\t<\/div>\n\t\t<\/div>\n\t\t\t\t\t\t\t\t<\/div>\n\t\t\t\t\t<\/div>\n\t\t<\/section>\n\t\t\t\t<section class=\"elementor-section elementor-top-section elementor-element elementor-element-2eaf7a2 elementor-section-boxed elementor-section-height-default elementor-section-height-default\" data-id=\"2eaf7a2\" data-element_type=\"section\">\n\t\t\t\t\t\t<div class=\"elementor-container elementor-column-gap-default\">\n\t\t\t\t\t\t\t<div class=\"elementor-row\">\n\t\t\t\t\t<div class=\"elementor-column elementor-col-100 elementor-top-column elementor-element elementor-element-34121a2\" data-id=\"34121a2\" data-element_type=\"column\">\n\t\t\t<div class=\"elementor-column-wrap elementor-element-populated\">\n\t\t\t\t\t\t\t<div class=\"elementor-widget-wrap\">\n\t\t\t\t\t\t<div class=\"elementor-element elementor-element-7644aad elementor-widget elementor-widget-text-editor\" data-id=\"7644aad\" data-element_type=\"widget\" data-widget_type=\"text-editor.default\">\n\t\t\t\t<div class=\"elementor-widget-container\">\n\t\t\t\t\t\t\t\t<div class=\"elementor-text-editor elementor-clearfix\">\n\t\t\t\t<p style=\"text-align: justify;\">Andr\u00e9 Torres explica que a maior dificuldade de quem viaja, \u00e9 encontrar informa\u00e7\u00f5es precisas para realizar um planejamento sobre o destino. A Rota das \u00c1guas \u00e9 a organiza\u00e7\u00e3o das informa\u00e7\u00f5es em um percurso guiado pelas \u00e1guas dos rios. Nessa semana, o site do projeto Rota das \u00c1guas foi ao ar com a consolida\u00e7\u00e3o do resultado: um grande mapa digital com a localiza\u00e7\u00e3o de 230 atrativos naturais. Afinal, quem n\u00e3o gosta de um bom banho de cachoeira?<\/p><p style=\"text-align: justify;\">Para ver o mapa e conhecer o projeto, acesse: https:\/\/rotadasaguasmt.com.br<\/p>\t\t\t\t\t<\/div>\n\t\t\t\t\t\t<\/div>\n\t\t\t\t<\/div>\n\t\t\t\t\t\t<\/div>\n\t\t\t\t\t<\/div>\n\t\t<\/div>\n\t\t\t\t\t\t\t\t<\/div>\n\t\t\t\t\t<\/div>\n\t\t<\/section>\n\t\t\t\t\t\t<\/div>\n\t\t\t\t\t\t<\/div>\n\t\t\t\t\t<\/div>\n\t\t","protected":false},"excerpt":{"rendered":"<p>Rota das \u00c1guas: 2 mil km de belezas naturais em Mato Grosso Por Andr\u00e9 Torres Resolvendo desafios em diferentes \u00e1reas de TI desde os anos 90, Andre mistura \u00e1reas de&hellip;&nbsp;<a href=\"https:\/\/www.mtcriativo.mt.gov.br\/index.php\/2021\/07\/19\/criativo-da-semana-30\/\" class=\"\" rel=\"bookmark\">Continue a ler &raquo;<span class=\"screen-reader-text\">Criativo da semana<\/span><\/a><\/p>\n","protected":false},"author":2,"featured_media":2411,"comment_status":"closed","ping_status":"open","sticky":false,"template":"","format":"standard","meta":{"neve_meta_sidebar":"","neve_meta_container":"","neve_meta_enable_content_width":"off","neve_meta_content_width":0,"neve_meta_title_alignment":"","neve_meta_author_avatar":"","neve_post_elements_order":"","neve_meta_disable_header":"","neve_meta_disable_footer":"","neve_meta_disable_title":"","footnotes":""},"categories":[1],"tags":[77,71,48,44,86,52],"class_list":["post-2399","post","type-post","status-publish","format-standard","has-post-thumbnail","hentry","category-nao-categorizado","tag-aldir-blanc","tag-criativo-da-semana","tag-criativodasemana","tag-mtcriativo","tag-rota-das-aguas","tag-secelmt"],"_links":{"self":[{"href":"https:\/\/www.mtcriativo.mt.gov.br\/index.php\/wp-json\/wp\/v2\/posts\/2399","targetHints":{"allow":["GET"]}}],"collection":[{"href":"https:\/\/www.mtcriativo.mt.gov.br\/index.php\/wp-json\/wp\/v2\/posts"}],"about":[{"href":"https:\/\/www.mtcriativo.mt.gov.br\/index.php\/wp-json\/wp\/v2\/types\/post"}],"author":[{"embeddable":true,"href":"https:\/\/www.mtcriativo.mt.gov.br\/index.php\/wp-json\/wp\/v2\/users\/2"}],"replies":[{"embeddable":true,"href":"https:\/\/www.mtcriativo.mt.gov.br\/index.php\/wp-json\/wp\/v2\/comments?post=2399"}],"version-history":[{"count":4,"href":"https:\/\/www.mtcriativo.mt.gov.br\/index.php\/wp-json\/wp\/v2\/posts\/2399\/revisions"}],"predecessor-version":[{"id":2410,"href":"https:\/\/www.mtcriativo.mt.gov.br\/index.php\/wp-json\/wp\/v2\/posts\/2399\/revisions\/2410"}],"wp:featuredmedia":[{"embeddable":true,"href":"https:\/\/www.mtcriativo.mt.gov.br\/index.php\/wp-json\/wp\/v2\/media\/2411"}],"wp:attachment":[{"href":"https:\/\/www.mtcriativo.mt.gov.br\/index.php\/wp-json\/wp\/v2\/media?parent=2399"}],"wp:term":[{"taxonomy":"category","embeddable":true,"href":"https:\/\/www.mtcriativo.mt.gov.br\/index.php\/wp-json\/wp\/v2\/categories?post=2399"},{"taxonomy":"post_tag","embeddable":true,"href":"https:\/\/www.mtcriativo.mt.gov.br\/index.php\/wp-json\/wp\/v2\/tags?post=2399"}],"curies":[{"name":"wp","href":"https:\/\/api.w.org\/{rel}","templated":true}]}}