{"id":2534,"date":"2021-09-29T14:00:00","date_gmt":"2021-09-29T18:00:00","guid":{"rendered":"https:\/\/www.mtcriativo.mt.gov.br\/?p=2534"},"modified":"2021-09-29T17:32:53","modified_gmt":"2021-09-29T21:32:53","slug":"edital-move_mt","status":"publish","type":"post","link":"https:\/\/www.mtcriativo.mt.gov.br\/index.php\/2021\/09\/29\/edital-move_mt\/","title":{"rendered":"Selecionados edital move_mt"},"content":{"rendered":"\t\t<div data-elementor-type=\"wp-post\" data-elementor-id=\"2534\" class=\"elementor elementor-2534\" data-elementor-settings=\"[]\">\n\t\t\t\t\t\t<div class=\"elementor-inner\">\n\t\t\t\t\t\t\t<div class=\"elementor-section-wrap\">\n\t\t\t\t\t\t\t<section class=\"elementor-section elementor-top-section elementor-element elementor-element-e6a96de elementor-section-boxed elementor-section-height-default elementor-section-height-default\" data-id=\"e6a96de\" data-element_type=\"section\">\n\t\t\t\t\t\t<div class=\"elementor-container elementor-column-gap-default\">\n\t\t\t\t\t\t\t<div class=\"elementor-row\">\n\t\t\t\t\t<div class=\"elementor-column elementor-col-100 elementor-top-column elementor-element elementor-element-c0478a6\" data-id=\"c0478a6\" data-element_type=\"column\">\n\t\t\t<div class=\"elementor-column-wrap elementor-element-populated\">\n\t\t\t\t\t\t\t<div class=\"elementor-widget-wrap\">\n\t\t\t\t\t\t<div class=\"elementor-element elementor-element-619b6e8 elementor-widget elementor-widget-text-editor\" data-id=\"619b6e8\" data-element_type=\"widget\" data-widget_type=\"text-editor.default\">\n\t\t\t\t<div class=\"elementor-widget-container\">\n\t\t\t\t\t\t\t\t<div class=\"elementor-text-editor elementor-clearfix\">\n\t\t\t\t<h6>Secel e Oi Futuro anunciam iniciativas da Economia Criativa selecionadas pelo Edital Move_MT<\/h6>\t\t\t\t\t<\/div>\n\t\t\t\t\t\t<\/div>\n\t\t\t\t<\/div>\n\t\t\t\t\t\t<\/div>\n\t\t\t\t\t<\/div>\n\t\t<\/div>\n\t\t\t\t\t\t\t\t<\/div>\n\t\t\t\t\t<\/div>\n\t\t<\/section>\n\t\t\t\t<section class=\"elementor-section elementor-top-section elementor-element elementor-element-c1caeae elementor-section-boxed elementor-section-height-default elementor-section-height-default\" data-id=\"c1caeae\" data-element_type=\"section\">\n\t\t\t\t\t\t<div class=\"elementor-container elementor-column-gap-default\">\n\t\t\t\t\t\t\t<div class=\"elementor-row\">\n\t\t\t\t\t<div class=\"elementor-column elementor-col-100 elementor-top-column elementor-element elementor-element-f1d06df\" data-id=\"f1d06df\" data-element_type=\"column\">\n\t\t\t<div class=\"elementor-column-wrap elementor-element-populated\">\n\t\t\t\t\t\t\t<div class=\"elementor-widget-wrap\">\n\t\t\t\t\t\t<div class=\"elementor-element elementor-element-2cfa363 elementor-widget elementor-widget-image\" data-id=\"2cfa363\" data-element_type=\"widget\" data-widget_type=\"image.default\">\n\t\t\t\t<div class=\"elementor-widget-container\">\n\t\t\t\t\t\t\t\t<div class=\"elementor-image\">\n\t\t\t\t\t\t\t\t\t\t\t\t<img loading=\"lazy\" decoding=\"async\" width=\"1000\" height=\"1000\" src=\"https:\/\/www.mtcriativo.mt.gov.br\/wp-content\/uploads\/2021\/09\/Oi-Futuro-Compartilha-03-MOVE_MT.png\" class=\"attachment-large size-large\" alt=\"\" srcset=\"https:\/\/www.mtcriativo.mt.gov.br\/wp-content\/uploads\/2021\/09\/Oi-Futuro-Compartilha-03-MOVE_MT.png 1000w, https:\/\/www.mtcriativo.mt.gov.br\/wp-content\/uploads\/2021\/09\/Oi-Futuro-Compartilha-03-MOVE_MT-300x300.png 300w, https:\/\/www.mtcriativo.mt.gov.br\/wp-content\/uploads\/2021\/09\/Oi-Futuro-Compartilha-03-MOVE_MT-150x150.png 150w, https:\/\/www.mtcriativo.mt.gov.br\/wp-content\/uploads\/2021\/09\/Oi-Futuro-Compartilha-03-MOVE_MT-768x768.png 768w, https:\/\/www.mtcriativo.mt.gov.br\/wp-content\/uploads\/2021\/09\/Oi-Futuro-Compartilha-03-MOVE_MT-700x700.png 700w\" sizes=\"auto, (max-width: 1000px) 100vw, 1000px\" \/>\t\t\t\t\t\t\t\t\t\t\t\t\t\t<\/div>\n\t\t\t\t\t\t<\/div>\n\t\t\t\t<\/div>\n\t\t\t\t\t\t<\/div>\n\t\t\t\t\t<\/div>\n\t\t<\/div>\n\t\t\t\t\t\t\t\t<\/div>\n\t\t\t\t\t<\/div>\n\t\t<\/section>\n\t\t\t\t<section class=\"elementor-section elementor-top-section elementor-element elementor-element-9d30227 elementor-section-boxed elementor-section-height-default elementor-section-height-default\" data-id=\"9d30227\" data-element_type=\"section\">\n\t\t\t\t\t\t<div class=\"elementor-container elementor-column-gap-default\">\n\t\t\t\t\t\t\t<div class=\"elementor-row\">\n\t\t\t\t\t<div class=\"elementor-column elementor-col-100 elementor-top-column elementor-element elementor-element-33d59b9\" data-id=\"33d59b9\" data-element_type=\"column\">\n\t\t\t<div class=\"elementor-column-wrap elementor-element-populated\">\n\t\t\t\t\t\t\t<div class=\"elementor-widget-wrap\">\n\t\t\t\t\t\t<div class=\"elementor-element elementor-element-c3dbc4d elementor-widget elementor-widget-text-editor\" data-id=\"c3dbc4d\" data-element_type=\"widget\" data-widget_type=\"text-editor.default\">\n\t\t\t\t<div class=\"elementor-widget-container\">\n\t\t\t\t\t\t\t\t<div class=\"elementor-text-editor elementor-clearfix\">\n\t\t\t\t<p>O resultado do edital MOVE_MT, voltado para acelera\u00e7\u00e3o de projetos criativos, de inova\u00e7\u00e3o ou de impacto sociocultural, foi divulgado nesta quarta-feira (29.09). Em uma parceria in\u00e9dita entre a Secretaria de Estado de Cultura, Esporte e Lazer (Secel-MT) e o Labora &#8211; laborat\u00f3rio de Inova\u00e7\u00e3o Social do Oi Futuro, foram selecionadas 30 iniciativas que ir\u00e3o receber forma\u00e7\u00e3o e mentoria intensas para a cria\u00e7\u00e3o de neg\u00f3cios rent\u00e1veis e sustent\u00e1veis em Mato Grosso.<\/p><p>Voc\u00ea pode acessar o edital e regulamento diretamente\u00a0 por <span style=\"color: #3366ff;\"><a style=\"color: #3366ff;\" href=\"https:\/\/bit.ly\/3iiIO7I\">aqui<\/a><\/span> e a lista completa de selecionados por <span style=\"color: #3366ff;\"><a style=\"color: #3366ff;\" href=\"https:\/\/bit.ly\/3maoZAP\">aqui<\/a><\/span>.<\/p>\t\t\t\t\t<\/div>\n\t\t\t\t\t\t<\/div>\n\t\t\t\t<\/div>\n\t\t\t\t\t\t<\/div>\n\t\t\t\t\t<\/div>\n\t\t<\/div>\n\t\t\t\t\t\t\t\t<\/div>\n\t\t\t\t\t<\/div>\n\t\t<\/section>\n\t\t\t\t<section class=\"elementor-section elementor-top-section elementor-element elementor-element-4431360 elementor-section-boxed elementor-section-height-default elementor-section-height-default\" data-id=\"4431360\" data-element_type=\"section\">\n\t\t\t\t\t\t<div class=\"elementor-container elementor-column-gap-default\">\n\t\t\t\t\t\t\t<div class=\"elementor-row\">\n\t\t\t\t\t<div class=\"elementor-column elementor-col-100 elementor-top-column elementor-element elementor-element-50a9a3b\" data-id=\"50a9a3b\" data-element_type=\"column\">\n\t\t\t<div class=\"elementor-column-wrap elementor-element-populated\">\n\t\t\t\t\t\t\t<div class=\"elementor-widget-wrap\">\n\t\t\t\t\t\t<div class=\"elementor-element elementor-element-f09623c elementor-widget elementor-widget-text-editor\" data-id=\"f09623c\" data-element_type=\"widget\" data-widget_type=\"text-editor.default\">\n\t\t\t\t<div class=\"elementor-widget-container\">\n\t\t\t\t\t\t\t\t<div class=\"elementor-text-editor elementor-clearfix\">\n\t\t\t\t<p>Durante seis meses, os respons\u00e1veis pelas iniciativas selecionadas passar\u00e3o por 2.500 horas de capacita\u00e7\u00e3o para amadurecer seus processos de gest\u00e3o e embarcar tecnologia no seu modelo de atua\u00e7\u00e3o. A acelera\u00e7\u00e3o \u00e9 totalmente gratuita e todos os encontros ser\u00e3o realizados em ambiente virtual, por meio de plataforma de videoconfer\u00eancia.<\/p><p>A primeira atividade com os empreendedores selecionados ser\u00e1 um workshop coletivo, a ser realizado no dia 07 de outubro, para apresenta\u00e7\u00e3o da proposta do ciclo de acelera\u00e7\u00e3o.\u00a0 As pr\u00f3ximas atividades incluem reuni\u00f5es de diagn\u00f3stico, em que cada acelerado vai elaborar um plano de a\u00e7\u00e3o para seu neg\u00f3cio ou projeto.<\/p><p><strong>Jornada de acelera\u00e7\u00e3o<\/strong><\/p><p>O MOVE_MT disp\u00f5e de at\u00e9 R$ 257 mil reais em recursos para reconhecimento e distribui\u00e7\u00e3o entre as iniciativas que atenderem \u00e0s metas previstas e obtiverem o melhor desempenho ao longo do ciclo de acelera\u00e7\u00e3o. O objetivo \u00e9 que as premia\u00e7\u00f5es impulsionem a evolu\u00e7\u00e3o dos neg\u00f3cios e projetos.\u00a0<\/p><p>Na banca final, os cinco empreendedores com melhor desempenho em toda a acelera\u00e7\u00e3o poder\u00e3o ganhar tamb\u00e9m um interc\u00e2mbio no Lab Oi Futuro, no Rio de Janeiro, ap\u00f3s a pandemia, para conhecer o ecossistema de inova\u00e7\u00e3o da cidade e interagir com a rede do Labora, o Laborat\u00f3rio de Inova\u00e7\u00e3o Social do Oi Futuro, que j\u00e1 acelerou mais de 80 neg\u00f3cios e organiza\u00e7\u00f5es de impacto social desde 2017.\u00a0<\/p><p>As experi\u00eancias e aprendizados de toda a jornada ser\u00e3o registrados em um e-book do projeto, que ser\u00e1 publicado e disponibilizado gratuitamente pelo Oi Futuro e Secel-MT.<\/p>\t\t\t\t\t<\/div>\n\t\t\t\t\t\t<\/div>\n\t\t\t\t<\/div>\n\t\t\t\t\t\t<\/div>\n\t\t\t\t\t<\/div>\n\t\t<\/div>\n\t\t\t\t\t\t\t\t<\/div>\n\t\t\t\t\t<\/div>\n\t\t<\/section>\n\t\t\t\t\t\t<\/div>\n\t\t\t\t\t\t<\/div>\n\t\t\t\t\t<\/div>\n\t\t","protected":false},"excerpt":{"rendered":"<p>Secel e Oi Futuro anunciam iniciativas da Economia Criativa selecionadas pelo Edital Move_MT O resultado do edital MOVE_MT, voltado para acelera\u00e7\u00e3o de projetos criativos, de inova\u00e7\u00e3o ou de impacto sociocultural,&hellip;&nbsp;<a href=\"https:\/\/www.mtcriativo.mt.gov.br\/index.php\/2021\/09\/29\/edital-move_mt\/\" class=\"\" rel=\"bookmark\">Continue a ler &raquo;<span class=\"screen-reader-text\">Selecionados edital move_mt<\/span><\/a><\/p>\n","protected":false},"author":2,"featured_media":2423,"comment_status":"closed","ping_status":"open","sticky":false,"template":"","format":"standard","meta":{"neve_meta_sidebar":"","neve_meta_container":"","neve_meta_enable_content_width":"","neve_meta_content_width":0,"neve_meta_title_alignment":"","neve_meta_author_avatar":"","neve_post_elements_order":"","neve_meta_disable_header":"","neve_meta_disable_footer":"","neve_meta_disable_title":"","footnotes":""},"categories":[5],"tags":[90,109,108,110,66,65],"class_list":["post-2534","post","type-post","status-publish","format-standard","has-post-thumbnail","hentry","category-noticias","tag-criativo","tag-economia-criativa","tag-edital","tag-mato-grosso","tag-move_mt","tag-oi-futuro"],"_links":{"self":[{"href":"https:\/\/www.mtcriativo.mt.gov.br\/index.php\/wp-json\/wp\/v2\/posts\/2534","targetHints":{"allow":["GET"]}}],"collection":[{"href":"https:\/\/www.mtcriativo.mt.gov.br\/index.php\/wp-json\/wp\/v2\/posts"}],"about":[{"href":"https:\/\/www.mtcriativo.mt.gov.br\/index.php\/wp-json\/wp\/v2\/types\/post"}],"author":[{"embeddable":true,"href":"https:\/\/www.mtcriativo.mt.gov.br\/index.php\/wp-json\/wp\/v2\/users\/2"}],"replies":[{"embeddable":true,"href":"https:\/\/www.mtcriativo.mt.gov.br\/index.php\/wp-json\/wp\/v2\/comments?post=2534"}],"version-history":[{"count":20,"href":"https:\/\/www.mtcriativo.mt.gov.br\/index.php\/wp-json\/wp\/v2\/posts\/2534\/revisions"}],"predecessor-version":[{"id":2563,"href":"https:\/\/www.mtcriativo.mt.gov.br\/index.php\/wp-json\/wp\/v2\/posts\/2534\/revisions\/2563"}],"wp:featuredmedia":[{"embeddable":true,"href":"https:\/\/www.mtcriativo.mt.gov.br\/index.php\/wp-json\/wp\/v2\/media\/2423"}],"wp:attachment":[{"href":"https:\/\/www.mtcriativo.mt.gov.br\/index.php\/wp-json\/wp\/v2\/media?parent=2534"}],"wp:term":[{"taxonomy":"category","embeddable":true,"href":"https:\/\/www.mtcriativo.mt.gov.br\/index.php\/wp-json\/wp\/v2\/categories?post=2534"},{"taxonomy":"post_tag","embeddable":true,"href":"https:\/\/www.mtcriativo.mt.gov.br\/index.php\/wp-json\/wp\/v2\/tags?post=2534"}],"curies":[{"name":"wp","href":"https:\/\/api.w.org\/{rel}","templated":true}]}}