{"id":3282,"date":"2023-03-21T11:13:23","date_gmt":"2023-03-21T15:13:23","guid":{"rendered":"https:\/\/www.mtcriativo.mt.gov.br\/?p=3282"},"modified":"2023-03-21T11:17:23","modified_gmt":"2023-03-21T15:17:23","slug":"oficina-prepara-empreendedores-culturais-para-edital-mercado-de-industrias-culturais-argentinas","status":"publish","type":"post","link":"https:\/\/www.mtcriativo.mt.gov.br\/index.php\/2023\/03\/21\/oficina-prepara-empreendedores-culturais-para-edital-mercado-de-industrias-culturais-argentinas\/","title":{"rendered":"<strong>Oficina prepara empreendedores culturais para edital Mercado de Ind\u00fastrias Culturais Argentinas<\/strong>"},"content":{"rendered":"\t\t<div data-elementor-type=\"wp-post\" data-elementor-id=\"3282\" class=\"elementor elementor-3282\" data-elementor-settings=\"[]\">\n\t\t\t\t\t\t<div class=\"elementor-inner\">\n\t\t\t\t\t\t\t<div class=\"elementor-section-wrap\">\n\t\t\t\t\t\t\t<section class=\"elementor-section elementor-top-section elementor-element elementor-element-f34aeb2 elementor-section-boxed elementor-section-height-default elementor-section-height-default\" data-id=\"f34aeb2\" data-element_type=\"section\">\n\t\t\t\t\t\t<div class=\"elementor-container elementor-column-gap-default\">\n\t\t\t\t\t\t\t<div class=\"elementor-row\">\n\t\t\t\t\t<div class=\"elementor-column elementor-col-100 elementor-top-column elementor-element elementor-element-975a1f3\" data-id=\"975a1f3\" data-element_type=\"column\">\n\t\t\t<div class=\"elementor-column-wrap elementor-element-populated\">\n\t\t\t\t\t\t\t<div class=\"elementor-widget-wrap\">\n\t\t\t\t\t\t<div class=\"elementor-element elementor-element-2074c88 elementor-widget elementor-widget-text-editor\" data-id=\"2074c88\" data-element_type=\"widget\" data-widget_type=\"text-editor.default\">\n\t\t\t\t<div class=\"elementor-widget-container\">\n\t\t\t\t\t\t\t\t<div class=\"elementor-text-editor elementor-clearfix\">\n\t\t\t\t<h5>Curso \u00e9 gratuito e ocorre na pr\u00f3xima quinta-feira (23.03), das 15h \u00e0s 17h, via Google Meet<\/h5>\t\t\t\t\t<\/div>\n\t\t\t\t\t\t<\/div>\n\t\t\t\t<\/div>\n\t\t\t\t\t\t<\/div>\n\t\t\t\t\t<\/div>\n\t\t<\/div>\n\t\t\t\t\t\t\t\t<\/div>\n\t\t\t\t\t<\/div>\n\t\t<\/section>\n\t\t\t\t<section class=\"elementor-section elementor-top-section elementor-element elementor-element-9f62a10 elementor-section-boxed elementor-section-height-default elementor-section-height-default\" data-id=\"9f62a10\" data-element_type=\"section\">\n\t\t\t\t\t\t<div class=\"elementor-container elementor-column-gap-default\">\n\t\t\t\t\t\t\t<div class=\"elementor-row\">\n\t\t\t\t\t<div class=\"elementor-column elementor-col-100 elementor-top-column elementor-element elementor-element-fa7164f\" data-id=\"fa7164f\" data-element_type=\"column\">\n\t\t\t<div class=\"elementor-column-wrap elementor-element-populated\">\n\t\t\t\t\t\t\t<div class=\"elementor-widget-wrap\">\n\t\t\t\t\t\t<div class=\"elementor-element elementor-element-0fce338 elementor-widget elementor-widget-text-editor\" data-id=\"0fce338\" data-element_type=\"widget\" data-widget_type=\"text-editor.default\">\n\t\t\t\t<div class=\"elementor-widget-container\">\n\t\t\t\t\t\t\t\t<div class=\"elementor-text-editor elementor-clearfix\">\n\t\t\t\t<p>Cida Rodrigues\u00a0|\u00a0Secel-MT<\/p>\t\t\t\t\t<\/div>\n\t\t\t\t\t\t<\/div>\n\t\t\t\t<\/div>\n\t\t\t\t\t\t<\/div>\n\t\t\t\t\t<\/div>\n\t\t<\/div>\n\t\t\t\t\t\t\t\t<\/div>\n\t\t\t\t\t<\/div>\n\t\t<\/section>\n\t\t\t\t<section class=\"elementor-section elementor-top-section elementor-element elementor-element-0107436 elementor-section-boxed elementor-section-height-default elementor-section-height-default\" data-id=\"0107436\" data-element_type=\"section\">\n\t\t\t\t\t\t<div class=\"elementor-container elementor-column-gap-default\">\n\t\t\t\t\t\t\t<div class=\"elementor-row\">\n\t\t\t\t\t<div class=\"elementor-column elementor-col-100 elementor-top-column elementor-element elementor-element-e494e58\" data-id=\"e494e58\" data-element_type=\"column\">\n\t\t\t<div class=\"elementor-column-wrap elementor-element-populated\">\n\t\t\t\t\t\t\t<div class=\"elementor-widget-wrap\">\n\t\t\t\t\t\t<div class=\"elementor-element elementor-element-af8a27b elementor-widget elementor-widget-image\" data-id=\"af8a27b\" data-element_type=\"widget\" data-widget_type=\"image.default\">\n\t\t\t\t<div class=\"elementor-widget-container\">\n\t\t\t\t\t\t\t\t<div class=\"elementor-image\">\n\t\t\t\t\t\t\t\t\t\t\t\t<img loading=\"lazy\" decoding=\"async\" width=\"1024\" height=\"577\" src=\"https:\/\/www.mtcriativo.mt.gov.br\/wp-content\/uploads\/2023\/03\/Editais-2021_mosaico-1024x577.jpg\" class=\"attachment-large size-large\" alt=\"\" srcset=\"https:\/\/www.mtcriativo.mt.gov.br\/wp-content\/uploads\/2023\/03\/Editais-2021_mosaico-1024x577.jpg 1024w, https:\/\/www.mtcriativo.mt.gov.br\/wp-content\/uploads\/2023\/03\/Editais-2021_mosaico-300x169.jpg 300w, https:\/\/www.mtcriativo.mt.gov.br\/wp-content\/uploads\/2023\/03\/Editais-2021_mosaico-768x433.jpg 768w, https:\/\/www.mtcriativo.mt.gov.br\/wp-content\/uploads\/2023\/03\/Editais-2021_mosaico-1536x865.jpg 1536w, https:\/\/www.mtcriativo.mt.gov.br\/wp-content\/uploads\/2023\/03\/Editais-2021_mosaico.jpg 1640w\" sizes=\"auto, (max-width: 1024px) 100vw, 1024px\" \/>\t\t\t\t\t\t\t\t\t\t\t\t\t\t<\/div>\n\t\t\t\t\t\t<\/div>\n\t\t\t\t<\/div>\n\t\t\t\t\t\t<\/div>\n\t\t\t\t\t<\/div>\n\t\t<\/div>\n\t\t\t\t\t\t\t\t<\/div>\n\t\t\t\t\t<\/div>\n\t\t<\/section>\n\t\t\t\t<section class=\"elementor-section elementor-top-section elementor-element elementor-element-70beed6 elementor-section-boxed elementor-section-height-default elementor-section-height-default\" data-id=\"70beed6\" data-element_type=\"section\">\n\t\t\t\t\t\t<div class=\"elementor-container elementor-column-gap-default\">\n\t\t\t\t\t\t\t<div class=\"elementor-row\">\n\t\t\t\t\t<div class=\"elementor-column elementor-col-100 elementor-top-column elementor-element elementor-element-bcc175f\" data-id=\"bcc175f\" data-element_type=\"column\">\n\t\t\t<div class=\"elementor-column-wrap elementor-element-populated\">\n\t\t\t\t\t\t\t<div class=\"elementor-widget-wrap\">\n\t\t\t\t\t\t<div class=\"elementor-element elementor-element-1937fc2 elementor-widget elementor-widget-text-editor\" data-id=\"1937fc2\" data-element_type=\"widget\" data-widget_type=\"text-editor.default\">\n\t\t\t\t<div class=\"elementor-widget-container\">\n\t\t\t\t\t\t\t\t<div class=\"elementor-text-editor elementor-clearfix\">\n\t\t\t\t<p>A Secretaria de Estado de Cultura, Esporte e Lazer (Secel-MT) informa que est\u00e3o abertas inscri\u00e7\u00f5es para oficina preparat\u00f3ria sobre o edital Mercado de Industrias Culturais Argentinas (MICA 2023) promovido pelo Minist\u00e9rio da Cultura. Em formato online, o curso \u00e9 oferecido pelo consultor de Neg\u00f3cio e Inova\u00e7\u00e3o nos Setores Cultural e Criativo, Andr\u00e9 Lira.\u00a0<br \/><br \/>\u201cEssa parceria com o Andr\u00e9 vai ajudar os empreendedores culturais de Mato Grosso a conhecer as ferramentas para apresenta\u00e7\u00e3o de propostas e possibilitar que estejam aptos a concorrer no edital do Governo Federal. \u00c9 mais uma oportunidade de fortalecer o segmento da economia criativa por aqui\u201d, explica Keiko Okamura, superintendente de Desenvolvimento da Economia Criativa da Secel.<br \/><br \/>A oficina \u00e9 gratuita e ocorre na pr\u00f3xima quinta-feira (23.03), das 15h \u00e0s 17h (hor\u00e1rio de MT), via Google Meet. Inscri\u00e7\u00f5es pelo insta @liralirando ou por\u00a0<a href=\"https:\/\/www.sympla.com.br\/evento-online\/oficina-preparatoria-para-o-edital-mica-2023\/1920911\">aqui<\/a>.<br \/><br \/>O edital do Minist\u00e9rio da Cultura vai selecionar 90 empreendedores culturais para participar da 7\u00aa edi\u00e7\u00e3o do Mercado de Ind\u00fastrias Culturais Argentinas (MICA), que acontece entre os dias 1\u00ba e 4 de junho, em Buenos Aires, na Argentina. \u00a0<br \/><br \/>As propostas selecionadas ser\u00e3o beneficiadas com apoio financeiro para despesas da viagem (transporte, seguro e hospedagem), inscri\u00e7\u00e3o gratuita no evento, cadastro e capacita\u00e7\u00e3o para participa\u00e7\u00e3o em rodadas de neg\u00f3cio.<br \/><br \/>Podem se candidatar empreendedores culturais e criativos atuantes nos setores do audiovisual, circo, dan\u00e7a, teatro, design, editorial, jogos eletr\u00f4nicos (games), hip hop e m\u00fasica. As inscri\u00e7\u00f5es no edital MICA 2023 est\u00e3o abertas at\u00e9 o dia 31 de mar\u00e7o neste\u00a0<a href=\"https:\/\/mapas.cultura.gov.br\/oportunidade\/2013\/\">link<\/a>.<br \/><br \/><strong>Servi\u00e7o<\/strong><br \/><br \/>Oficina de prepara\u00e7\u00e3o para o edital MICA 2023<br \/>Data: quinta-feira (23.03)<br \/>Hor\u00e1rio: das 15h \u00e0s 17h (hor\u00e1rio de MT)<br \/>Inscri\u00e7\u00e3o para oficina:\u00a0<a href=\"https:\/\/www.sympla.com.br\/evento-online\/oficina-preparatoria-para-o-edital-mica-2023\/1920911\">bit.ly\/oficinaLiraMICA2023<\/a><\/p>\t\t\t\t\t<\/div>\n\t\t\t\t\t\t<\/div>\n\t\t\t\t<\/div>\n\t\t\t\t\t\t<\/div>\n\t\t\t\t\t<\/div>\n\t\t<\/div>\n\t\t\t\t\t\t\t\t<\/div>\n\t\t\t\t\t<\/div>\n\t\t<\/section>\n\t\t\t\t\t\t<\/div>\n\t\t\t\t\t\t<\/div>\n\t\t\t\t\t<\/div>\n\t\t","protected":false},"excerpt":{"rendered":"<p>Curso \u00e9 gratuito e ocorre na pr\u00f3xima quinta-feira (23.03), das 15h \u00e0s 17h, via Google Meet Cida Rodrigues\u00a0|\u00a0Secel-MT A Secretaria de Estado de Cultura, Esporte e Lazer (Secel-MT) informa que&hellip;&nbsp;<a href=\"https:\/\/www.mtcriativo.mt.gov.br\/index.php\/2023\/03\/21\/oficina-prepara-empreendedores-culturais-para-edital-mercado-de-industrias-culturais-argentinas\/\" class=\"\" rel=\"bookmark\">Continue a ler &raquo;<span class=\"screen-reader-text\"><strong>Oficina prepara empreendedores culturais para edital Mercado de Ind\u00fastrias Culturais Argentinas<\/strong><\/span><\/a><\/p>\n","protected":false},"author":2,"featured_media":0,"comment_status":"closed","ping_status":"open","sticky":false,"template":"","format":"standard","meta":{"neve_meta_sidebar":"","neve_meta_container":"","neve_meta_enable_content_width":"","neve_meta_content_width":0,"neve_meta_title_alignment":"","neve_meta_author_avatar":"","neve_post_elements_order":"","neve_meta_disable_header":"","neve_meta_disable_footer":"","neve_meta_disable_title":"","footnotes":""},"categories":[1],"tags":[],"class_list":["post-3282","post","type-post","status-publish","format-standard","hentry","category-nao-categorizado"],"_links":{"self":[{"href":"https:\/\/www.mtcriativo.mt.gov.br\/index.php\/wp-json\/wp\/v2\/posts\/3282","targetHints":{"allow":["GET"]}}],"collection":[{"href":"https:\/\/www.mtcriativo.mt.gov.br\/index.php\/wp-json\/wp\/v2\/posts"}],"about":[{"href":"https:\/\/www.mtcriativo.mt.gov.br\/index.php\/wp-json\/wp\/v2\/types\/post"}],"author":[{"embeddable":true,"href":"https:\/\/www.mtcriativo.mt.gov.br\/index.php\/wp-json\/wp\/v2\/users\/2"}],"replies":[{"embeddable":true,"href":"https:\/\/www.mtcriativo.mt.gov.br\/index.php\/wp-json\/wp\/v2\/comments?post=3282"}],"version-history":[{"count":4,"href":"https:\/\/www.mtcriativo.mt.gov.br\/index.php\/wp-json\/wp\/v2\/posts\/3282\/revisions"}],"predecessor-version":[{"id":3287,"href":"https:\/\/www.mtcriativo.mt.gov.br\/index.php\/wp-json\/wp\/v2\/posts\/3282\/revisions\/3287"}],"wp:attachment":[{"href":"https:\/\/www.mtcriativo.mt.gov.br\/index.php\/wp-json\/wp\/v2\/media?parent=3282"}],"wp:term":[{"taxonomy":"category","embeddable":true,"href":"https:\/\/www.mtcriativo.mt.gov.br\/index.php\/wp-json\/wp\/v2\/categories?post=3282"},{"taxonomy":"post_tag","embeddable":true,"href":"https:\/\/www.mtcriativo.mt.gov.br\/index.php\/wp-json\/wp\/v2\/tags?post=3282"}],"curies":[{"name":"wp","href":"https:\/\/api.w.org\/{rel}","templated":true}]}}