{"id":3587,"date":"2023-05-12T14:48:20","date_gmt":"2023-05-12T18:48:20","guid":{"rendered":"https:\/\/www.mtcriativo.mt.gov.br\/?p=3587"},"modified":"2023-05-12T14:50:39","modified_gmt":"2023-05-12T18:50:39","slug":"seminario-promovido-pela-secel-reune-empresarios-para-fortalecer-economia-criativa-de-mato-grosso","status":"publish","type":"post","link":"https:\/\/www.mtcriativo.mt.gov.br\/index.php\/2023\/05\/12\/seminario-promovido-pela-secel-reune-empresarios-para-fortalecer-economia-criativa-de-mato-grosso\/","title":{"rendered":"Semin\u00e1rio promovido pela Secel re\u00fane empres\u00e1rios para fortalecer economia criativa de Mato Grosso"},"content":{"rendered":"\t\t<div data-elementor-type=\"wp-post\" data-elementor-id=\"3587\" class=\"elementor elementor-3587\" data-elementor-settings=\"[]\">\n\t\t\t\t\t\t<div class=\"elementor-inner\">\n\t\t\t\t\t\t\t<div class=\"elementor-section-wrap\">\n\t\t\t\t\t\t\t<section class=\"elementor-section elementor-top-section elementor-element elementor-element-d5cdd51 elementor-section-boxed elementor-section-height-default elementor-section-height-default\" data-id=\"d5cdd51\" data-element_type=\"section\">\n\t\t\t\t\t\t<div class=\"elementor-container elementor-column-gap-default\">\n\t\t\t\t\t\t\t<div class=\"elementor-row\">\n\t\t\t\t\t<div class=\"elementor-column elementor-col-100 elementor-top-column elementor-element elementor-element-181542e\" data-id=\"181542e\" data-element_type=\"column\">\n\t\t\t<div class=\"elementor-column-wrap elementor-element-populated\">\n\t\t\t\t\t\t\t<div class=\"elementor-widget-wrap\">\n\t\t\t\t\t\t<div class=\"elementor-element elementor-element-7657fb7 elementor-widget elementor-widget-text-editor\" data-id=\"7657fb7\" data-element_type=\"widget\" data-widget_type=\"text-editor.default\">\n\t\t\t\t<div class=\"elementor-widget-container\">\n\t\t\t\t\t\t\t\t<div class=\"elementor-text-editor elementor-clearfix\">\n\t\t\t\t<h5 style=\"margin-bottom: 0.5rem; font-weight: 500; line-height: 1.2; font-size: 1.25rem; color: rgb(33, 37, 41); font-family: Nexa, Arial, Helvetica, sans-serif; letter-spacing: normal; text-transform: none;\">Evento \u00e9 uma das a\u00e7\u00f5es do programa de acelera\u00e7\u00e3o de neg\u00f3cios criativos MOVE_MT 2<\/h5>\t\t\t\t\t<\/div>\n\t\t\t\t\t\t<\/div>\n\t\t\t\t<\/div>\n\t\t\t\t<div class=\"elementor-element elementor-element-42a19d1 elementor-widget elementor-widget-text-editor\" data-id=\"42a19d1\" data-element_type=\"widget\" data-widget_type=\"text-editor.default\">\n\t\t\t\t<div class=\"elementor-widget-container\">\n\t\t\t\t\t\t\t\t<div class=\"elementor-text-editor elementor-clearfix\">\n\t\t\t\t<p><span style=\"color: rgb(33, 37, 41); font-family: Nexa, Arial, Helvetica, sans-serif; font-size: 11px;\">Cida Rodrigues<\/span><span style=\"color: rgb(33, 37, 41); font-family: Nexa, Arial, Helvetica, sans-serif;\">&nbsp;|&nbsp;<\/span><span style=\"color: rgb(33, 37, 41); font-family: Nexa, Arial, Helvetica, sans-serif; font-size: 11px;\">Secel-MT<\/span><br><\/p>\t\t\t\t\t<\/div>\n\t\t\t\t\t\t<\/div>\n\t\t\t\t<\/div>\n\t\t\t\t\t\t<\/div>\n\t\t\t\t\t<\/div>\n\t\t<\/div>\n\t\t\t\t\t\t\t\t<\/div>\n\t\t\t\t\t<\/div>\n\t\t<\/section>\n\t\t\t\t<section class=\"elementor-section elementor-top-section elementor-element elementor-element-a41e84b elementor-section-boxed elementor-section-height-default elementor-section-height-default\" data-id=\"a41e84b\" data-element_type=\"section\">\n\t\t\t\t\t\t<div class=\"elementor-container elementor-column-gap-default\">\n\t\t\t\t\t\t\t<div class=\"elementor-row\">\n\t\t\t\t\t<div class=\"elementor-column elementor-col-100 elementor-top-column elementor-element elementor-element-39a26e2\" data-id=\"39a26e2\" data-element_type=\"column\">\n\t\t\t<div class=\"elementor-column-wrap elementor-element-populated\">\n\t\t\t\t\t\t\t<div class=\"elementor-widget-wrap\">\n\t\t\t\t\t\t<div class=\"elementor-element elementor-element-dd395ee elementor-widget elementor-widget-image\" data-id=\"dd395ee\" data-element_type=\"widget\" data-widget_type=\"image.default\">\n\t\t\t\t<div class=\"elementor-widget-container\">\n\t\t\t\t\t\t\t\t<div class=\"elementor-image\">\n\t\t\t\t\t\t\t\t\t\t\t\t<img loading=\"lazy\" decoding=\"async\" width=\"1024\" height=\"683\" src=\"https:\/\/www.mtcriativo.mt.gov.br\/wp-content\/uploads\/2023\/05\/Seminario-de-economia-criativa-e-comunicacao_2019.jpg\" class=\"attachment-large size-large\" alt=\"\" srcset=\"https:\/\/www.mtcriativo.mt.gov.br\/wp-content\/uploads\/2023\/05\/Seminario-de-economia-criativa-e-comunicacao_2019.jpg 1024w, https:\/\/www.mtcriativo.mt.gov.br\/wp-content\/uploads\/2023\/05\/Seminario-de-economia-criativa-e-comunicacao_2019-300x200.jpg 300w, https:\/\/www.mtcriativo.mt.gov.br\/wp-content\/uploads\/2023\/05\/Seminario-de-economia-criativa-e-comunicacao_2019-768x512.jpg 768w, https:\/\/www.mtcriativo.mt.gov.br\/wp-content\/uploads\/2023\/05\/Seminario-de-economia-criativa-e-comunicacao_2019-930x620.jpg 930w\" sizes=\"auto, (max-width: 1024px) 100vw, 1024px\" \/>\t\t\t\t\t\t\t\t\t\t\t\t\t\t<\/div>\n\t\t\t\t\t\t<\/div>\n\t\t\t\t<\/div>\n\t\t\t\t\t\t<\/div>\n\t\t\t\t\t<\/div>\n\t\t<\/div>\n\t\t\t\t\t\t\t\t<\/div>\n\t\t\t\t\t<\/div>\n\t\t<\/section>\n\t\t\t\t<section class=\"elementor-section elementor-top-section elementor-element elementor-element-23f1a8a elementor-section-boxed elementor-section-height-default elementor-section-height-default\" data-id=\"23f1a8a\" data-element_type=\"section\">\n\t\t\t\t\t\t<div class=\"elementor-container elementor-column-gap-default\">\n\t\t\t\t\t\t\t<div class=\"elementor-row\">\n\t\t\t\t\t<div class=\"elementor-column elementor-col-100 elementor-top-column elementor-element elementor-element-3cc3eea\" data-id=\"3cc3eea\" data-element_type=\"column\">\n\t\t\t<div class=\"elementor-column-wrap elementor-element-populated\">\n\t\t\t\t\t\t\t<div class=\"elementor-widget-wrap\">\n\t\t\t\t\t\t<div class=\"elementor-element elementor-element-b873074 elementor-widget elementor-widget-text-editor\" data-id=\"b873074\" data-element_type=\"widget\" data-widget_type=\"text-editor.default\">\n\t\t\t\t<div class=\"elementor-widget-container\">\n\t\t\t\t\t\t\t\t<div class=\"elementor-text-editor elementor-clearfix\">\n\t\t\t\t<div style=\"font-family: Calibri, Arial, Helvetica, sans-serif; position: absolute; right: 0px; background: rgba(0, 0, 0, 0.5); color: #dcdcdc; font-size: 11px; bottom: 0px; padding: 0px 4px;\">Meneguini<\/div><div>\u00a0<\/div>\t\t\t\t\t<\/div>\n\t\t\t\t\t\t<\/div>\n\t\t\t\t<\/div>\n\t\t\t\t\t\t<\/div>\n\t\t\t\t\t<\/div>\n\t\t<\/div>\n\t\t\t\t\t\t\t\t<\/div>\n\t\t\t\t\t<\/div>\n\t\t<\/section>\n\t\t\t\t<section class=\"elementor-section elementor-top-section elementor-element elementor-element-f8f8a52 elementor-section-boxed elementor-section-height-default elementor-section-height-default\" data-id=\"f8f8a52\" data-element_type=\"section\">\n\t\t\t\t\t\t<div class=\"elementor-container elementor-column-gap-default\">\n\t\t\t\t\t\t\t<div class=\"elementor-row\">\n\t\t\t\t\t<div class=\"elementor-column elementor-col-100 elementor-top-column elementor-element elementor-element-4594fad\" data-id=\"4594fad\" data-element_type=\"column\">\n\t\t\t<div class=\"elementor-column-wrap elementor-element-populated\">\n\t\t\t\t\t\t\t<div class=\"elementor-widget-wrap\">\n\t\t\t\t\t\t<div class=\"elementor-element elementor-element-c45554f elementor-widget elementor-widget-text-editor\" data-id=\"c45554f\" data-element_type=\"widget\" data-widget_type=\"text-editor.default\">\n\t\t\t\t<div class=\"elementor-widget-container\">\n\t\t\t\t\t\t\t\t<div class=\"elementor-text-editor elementor-clearfix\">\n\t\t\t\t<p><span style=\"color: rgb(33, 37, 41); font-family: Nexa, Arial, Helvetica, sans-serif; text-align: justify;\">A Secretaria de Estado de Cultura, Esporte e Lazer (Secel-MT) vai reunir empresas de v\u00e1rios segmentos no semin\u00e1rio \u201cFortalecendo o Ecossistema Criativo de Mato Grosso\u201d, na pr\u00f3xima ter\u00e7a-feira (16.05), em Cuiab\u00e1. Com o objetivo de discutir o potencial do setor criativo como motor de crescimento econ\u00f4mico, o evento \u00e9 uma das a\u00e7\u00f5es do programa de acelera\u00e7\u00e3o MOVE_MT 2, que \u00e9 promovido em parceria com o Instituto Oi Futuro.<\/span><br style=\"color: rgb(33, 37, 41); font-family: Nexa, Arial, Helvetica, sans-serif; text-align: justify;\"><br style=\"color: rgb(33, 37, 41); font-family: Nexa, Arial, Helvetica, sans-serif; text-align: justify;\"><span style=\"color: rgb(33, 37, 41); font-family: Nexa, Arial, Helvetica, sans-serif; text-align: justify;\">O evento ser\u00e1 realizado das 8h30 \u00e0s 13h, no audit\u00f3rio da Federa\u00e7\u00e3o das Ind\u00fastrias no Estado de Mato Grosso (Fiemt), localizada na Av. Historiador Rubens de Mendon\u00e7a. A confirma\u00e7\u00e3o de presen\u00e7a pode ser feita pelo formul\u00e1rio online (acesse&nbsp;<\/span><a href=\"https:\/\/docs.google.com\/forms\/d\/e\/1FAIpQLSf3-wz4sKz557jh_pzCe9QVRREvn7C0R_0xcM4HnptdDYJufA\/viewform\" style=\"color: var(--color-azul-01); font-family: Nexa, Arial, Helvetica, sans-serif; text-align: justify;\">AQUI<\/a><span style=\"color: rgb(33, 37, 41); font-family: Nexa, Arial, Helvetica, sans-serif; text-align: justify;\">).<\/span><br style=\"color: rgb(33, 37, 41); font-family: Nexa, Arial, Helvetica, sans-serif; text-align: justify;\"><br style=\"color: rgb(33, 37, 41); font-family: Nexa, Arial, Helvetica, sans-serif; text-align: justify;\"><span style=\"color: rgb(33, 37, 41); font-family: Nexa, Arial, Helvetica, sans-serif; text-align: justify;\">\u201cNesse encontro, o empresariado mato-grossense poder\u00e1 entender como a economia criativa pode ser estrat\u00e9gica como valor de constru\u00e7\u00e3o de marca. Faz parte da vis\u00e3o empreendedora do Governo do Estado oferecer novas pr\u00e1ticas que possam ajudar as empresas mato-grossenses a se destacarem no mercado, e isso inclui o investimento social\u201d, informa o secret\u00e1rio da Secel, Jefferson Carvalho Neves.<\/span><br style=\"color: rgb(33, 37, 41); font-family: Nexa, Arial, Helvetica, sans-serif; text-align: justify;\"><br style=\"color: rgb(33, 37, 41); font-family: Nexa, Arial, Helvetica, sans-serif; text-align: justify;\"><span style=\"color: rgb(33, 37, 41); font-family: Nexa, Arial, Helvetica, sans-serif; text-align: justify;\">Com a participa\u00e7\u00e3o de representante do Minist\u00e9rio da Cultura, de especialistas e profissionais de grandes empresas do Estado e do pa\u00eds, ser\u00e3o abordadas estrat\u00e9gias j\u00e1 consolidadas no fomento da economia criativa e formatos diferentes de aporte de capital para estimular a atua\u00e7\u00e3o de empresas e investidores locais.<\/span><br style=\"color: rgb(33, 37, 41); font-family: Nexa, Arial, Helvetica, sans-serif; text-align: justify;\"><br style=\"color: rgb(33, 37, 41); font-family: Nexa, Arial, Helvetica, sans-serif; text-align: justify;\"><span style=\"color: rgb(33, 37, 41); font-family: Nexa, Arial, Helvetica, sans-serif; text-align: justify;\">A primeira palestrante do evento ser\u00e1 a representante do Minist\u00e9rio da Cultura (Minc), Andrea Guimar\u00e3es. A diretora de Desenvolvimento Econ\u00f4mico da Cultura na Secretaria de Economia Criativa e Fomento Cultural falar\u00e1 sobre o tema \u2018Por que investir na economia criativa?\u2019.<\/span><br style=\"color: rgb(33, 37, 41); font-family: Nexa, Arial, Helvetica, sans-serif; text-align: justify;\"><br style=\"color: rgb(33, 37, 41); font-family: Nexa, Arial, Helvetica, sans-serif; text-align: justify;\"><span style=\"color: rgb(33, 37, 41); font-family: Nexa, Arial, Helvetica, sans-serif; text-align: justify;\">Logo em seguida, o professor Marcelo Milan ministra a palestra \u2018Economia Criativa: For\u00e7a Econ\u00f4mica e Motor de Inova\u00e7\u00e3o Social\u2019. Marcelo \u00e9 professor da Universidade Federal do Rio Grande do Sul (UFRGS) e coordenador do Mestrado Profissional em Economia e Pol\u00edtica da Cultura e Ind\u00fastrias Criativas, em parceria com o Ita\u00fa Cultural.<\/span><br style=\"color: rgb(33, 37, 41); font-family: Nexa, Arial, Helvetica, sans-serif; text-align: justify;\"><br style=\"color: rgb(33, 37, 41); font-family: Nexa, Arial, Helvetica, sans-serif; text-align: justify;\"><span style=\"color: rgb(33, 37, 41); font-family: Nexa, Arial, Helvetica, sans-serif; text-align: justify;\">A programa\u00e7\u00e3o segue com a mesa \u2018Estrat\u00e9gias de marca em investimento cultural\u2019. O tema ser\u00e1 debatido pela coordenadora de Patroc\u00ednios do Oi Futuro, Luciana Ad\u00e3o, a head de Global Cultural Branding da Natura, Fernanda Paiva, e a analista de gest\u00e3o e projetos da Energisa, Kise Jaqueline da Costa Assis.<\/span><br style=\"color: rgb(33, 37, 41); font-family: Nexa, Arial, Helvetica, sans-serif; text-align: justify;\"><br style=\"color: rgb(33, 37, 41); font-family: Nexa, Arial, Helvetica, sans-serif; text-align: justify;\"><span style=\"color: rgb(33, 37, 41); font-family: Nexa, Arial, Helvetica, sans-serif; text-align: justify;\">Para encerrar o semin\u00e1rio, a \u00faltima mesa discutir\u00e1 o tema &#8220;Afinal, como investir? Modalidades de investimento&#8221;. Participam a diretora de Desenvolvimento Econ\u00f4mico da Cultura do Minc, Andr\u00e9a Guimar\u00e3es, a fundadora e diretora Executiva do Instituto Phi, Luiza Serpa, o diretor executivo de Investimento de Impacto da Sitawi, Bruno Girardi, e a CEO da PretaHub, Adriana Barbosa.<\/span><br style=\"color: rgb(33, 37, 41); font-family: Nexa, Arial, Helvetica, sans-serif; text-align: justify;\"><br style=\"color: rgb(33, 37, 41); font-family: Nexa, Arial, Helvetica, sans-serif; text-align: justify;\"><span style=\"color: rgb(33, 37, 41); font-family: Nexa, Arial, Helvetica, sans-serif; text-align: justify;\">\u201cO setor de economia criativa vem ganhando cada vez mais relev\u00e2ncia social, cultural e econ\u00f4mica, e toda essa diversidade intelectual e cultural pode ser aproveitada pelas empresas mato-grossenses como investimento social, gerando emprego, renda e desenvolvimento sustent\u00e1vel\u201d, ressalta a superintendente de Desenvolvimento da Economia Criativa na Secel, Keiko Okamura.<\/span><br style=\"color: rgb(33, 37, 41); font-family: Nexa, Arial, Helvetica, sans-serif; text-align: justify;\"><br style=\"color: rgb(33, 37, 41); font-family: Nexa, Arial, Helvetica, sans-serif; text-align: justify;\"><span style=\"font-weight: bolder; color: rgb(33, 37, 41); font-family: Nexa, Arial, Helvetica, sans-serif; text-align: justify;\">Confira a programa\u00e7\u00e3o completa do Semin\u00e1rio:&nbsp;<\/span><br style=\"color: rgb(33, 37, 41); font-family: Nexa, Arial, Helvetica, sans-serif; text-align: justify;\"><span style=\"color: rgb(33, 37, 41); font-family: Nexa, Arial, Helvetica, sans-serif; text-align: justify;\">8h30: Caf\u00e9 da manh\u00e3<\/span><br style=\"color: rgb(33, 37, 41); font-family: Nexa, Arial, Helvetica, sans-serif; text-align: justify;\"><span style=\"color: rgb(33, 37, 41); font-family: Nexa, Arial, Helvetica, sans-serif; text-align: justify;\">8h50: Abertura&nbsp;<\/span><br style=\"color: rgb(33, 37, 41); font-family: Nexa, Arial, Helvetica, sans-serif; text-align: justify;\"><span style=\"color: rgb(33, 37, 41); font-family: Nexa, Arial, Helvetica, sans-serif; text-align: justify;\">9h10: Palestra \u2018Por que investir na economia criativa?\u2019&nbsp;<\/span><br style=\"color: rgb(33, 37, 41); font-family: Nexa, Arial, Helvetica, sans-serif; text-align: justify;\"><span style=\"color: rgb(33, 37, 41); font-family: Nexa, Arial, Helvetica, sans-serif; text-align: justify;\">10h10: Palestra \u2018Economia Criativa: For\u00e7a Econ\u00f4mica e Motor de Inova\u00e7\u00e3o Social\u2019<\/span><br style=\"color: rgb(33, 37, 41); font-family: Nexa, Arial, Helvetica, sans-serif; text-align: justify;\"><span style=\"color: rgb(33, 37, 41); font-family: Nexa, Arial, Helvetica, sans-serif; text-align: justify;\">10h50: Mesa \u2018Estrat\u00e9gias de marca em investimento cultural\u2019&nbsp;<\/span><br style=\"color: rgb(33, 37, 41); font-family: Nexa, Arial, Helvetica, sans-serif; text-align: justify;\"><span style=\"color: rgb(33, 37, 41); font-family: Nexa, Arial, Helvetica, sans-serif; text-align: justify;\">11h30: Intervalo&nbsp;<\/span><br style=\"color: rgb(33, 37, 41); font-family: Nexa, Arial, Helvetica, sans-serif; text-align: justify;\"><span style=\"color: rgb(33, 37, 41); font-family: Nexa, Arial, Helvetica, sans-serif; text-align: justify;\">11h45: Mesa \u2018Afinal, como investir? Modalidades de investimento\u2019&nbsp;<\/span><br style=\"color: rgb(33, 37, 41); font-family: Nexa, Arial, Helvetica, sans-serif; text-align: justify;\"><span style=\"color: rgb(33, 37, 41); font-family: Nexa, Arial, Helvetica, sans-serif; text-align: justify;\">13h: Encerramento<\/span><span style=\"color: rgb(33, 37, 41); font-family: Nexa, Arial, Helvetica, sans-serif; text-align: justify; background-color: var(--nv-site-bg);\">A Secretaria de Estado de Cultura, Esporte e Lazer (Secel-MT) vai reunir empresas de v\u00e1rios segmentos no semin\u00e1rio \u201cFortalecendo o Ecossistema Criativo de Mato Grosso\u201d, na pr\u00f3xima ter\u00e7a-feira (16.05), em Cuiab\u00e1. Com o objetivo de discutir o potencial do setor criativo como motor de crescimento econ\u00f4mico, o evento \u00e9 uma das a\u00e7\u00f5es do programa de acelera\u00e7\u00e3o MOVE_MT 2, que \u00e9 promovido em parceria com o Instituto Oi Futuro.<\/span><br><\/p><br style=\"color: rgb(33, 37, 41); font-family: Nexa, Arial, Helvetica, sans-serif; text-align: justify;\"><span style=\"color: rgb(33, 37, 41); font-family: Nexa, Arial, Helvetica, sans-serif; text-align: justify;\">O evento ser\u00e1 realizado das 8h30 \u00e0s 13h, no audit\u00f3rio da Federa\u00e7\u00e3o das Ind\u00fastrias no Estado de Mato Grosso (Fiemt), localizada na Av. Historiador Rubens de Mendon\u00e7a. A confirma\u00e7\u00e3o de presen\u00e7a pode ser feita pelo formul\u00e1rio online (acesse&nbsp;<\/span><a href=\"https:\/\/docs.google.com\/forms\/d\/e\/1FAIpQLSf3-wz4sKz557jh_pzCe9QVRREvn7C0R_0xcM4HnptdDYJufA\/viewform\" style=\"color: var(--color-azul-01); font-family: Nexa, Arial, Helvetica, sans-serif; text-align: justify;\">AQUI<\/a><span style=\"color: rgb(33, 37, 41); font-family: Nexa, Arial, Helvetica, sans-serif; text-align: justify;\">).<\/span><br style=\"color: rgb(33, 37, 41); font-family: Nexa, Arial, Helvetica, sans-serif; text-align: justify;\"><br style=\"color: rgb(33, 37, 41); font-family: Nexa, Arial, Helvetica, sans-serif; text-align: justify;\"><span style=\"color: rgb(33, 37, 41); font-family: Nexa, Arial, Helvetica, sans-serif; text-align: justify;\">\u201cNesse encontro, o empresariado mato-grossense poder\u00e1 entender como a economia criativa pode ser estrat\u00e9gica como valor de constru\u00e7\u00e3o de marca. Faz parte da vis\u00e3o empreendedora do Governo do Estado oferecer novas pr\u00e1ticas que possam ajudar as empresas mato-grossenses a se destacarem no mercado, e isso inclui o investimento social\u201d, informa o secret\u00e1rio da Secel, Jefferson Carvalho Neves.<\/span><br style=\"color: rgb(33, 37, 41); font-family: Nexa, Arial, Helvetica, sans-serif; text-align: justify;\"><br style=\"color: rgb(33, 37, 41); font-family: Nexa, Arial, Helvetica, sans-serif; text-align: justify;\"><span style=\"color: rgb(33, 37, 41); font-family: Nexa, Arial, Helvetica, sans-serif; text-align: justify;\">Com a participa\u00e7\u00e3o de representante do Minist\u00e9rio da Cultura, de especialistas e profissionais de grandes empresas do Estado e do pa\u00eds, ser\u00e3o abordadas estrat\u00e9gias j\u00e1 consolidadas no fomento da economia criativa e formatos diferentes de aporte de capital para estimular a atua\u00e7\u00e3o de empresas e investidores locais.<\/span><br style=\"color: rgb(33, 37, 41); font-family: Nexa, Arial, Helvetica, sans-serif; text-align: justify;\"><br style=\"color: rgb(33, 37, 41); font-family: Nexa, Arial, Helvetica, sans-serif; text-align: justify;\"><span style=\"color: rgb(33, 37, 41); font-family: Nexa, Arial, Helvetica, sans-serif; text-align: justify;\">A primeira palestrante do evento ser\u00e1 a representante do Minist\u00e9rio da Cultura (Minc), Andrea Guimar\u00e3es. A diretora de Desenvolvimento Econ\u00f4mico da Cultura na Secretaria de Economia Criativa e Fomento Cultural falar\u00e1 sobre o tema \u2018Por que investir na economia criativa?\u2019.<\/span><br style=\"color: rgb(33, 37, 41); font-family: Nexa, Arial, Helvetica, sans-serif; text-align: justify;\"><br style=\"color: rgb(33, 37, 41); font-family: Nexa, Arial, Helvetica, sans-serif; text-align: justify;\"><span style=\"color: rgb(33, 37, 41); font-family: Nexa, Arial, Helvetica, sans-serif; text-align: justify;\">Logo em seguida, o professor Marcelo Milan ministra a palestra \u2018Economia Criativa: For\u00e7a Econ\u00f4mica e Motor de Inova\u00e7\u00e3o Social\u2019. Marcelo \u00e9 professor da Universidade Federal do Rio Grande do Sul (UFRGS) e coordenador do Mestrado Profissional em Economia e Pol\u00edtica da Cultura e Ind\u00fastrias Criativas, em parceria com o Ita\u00fa Cultural.<\/span><br style=\"color: rgb(33, 37, 41); font-family: Nexa, Arial, Helvetica, sans-serif; text-align: justify;\"><br style=\"color: rgb(33, 37, 41); font-family: Nexa, Arial, Helvetica, sans-serif; text-align: justify;\"><span style=\"color: rgb(33, 37, 41); font-family: Nexa, Arial, Helvetica, sans-serif; text-align: justify;\">A programa\u00e7\u00e3o segue com a mesa \u2018Estrat\u00e9gias de marca em investimento cultural\u2019. O tema ser\u00e1 debatido pela coordenadora de Patroc\u00ednios do Oi Futuro, Luciana Ad\u00e3o, a head de Global Cultural Branding da Natura, Fernanda Paiva, e a analista de gest\u00e3o e projetos da Energisa, Kise Jaqueline da Costa Assis.<\/span><br style=\"color: rgb(33, 37, 41); font-family: Nexa, Arial, Helvetica, sans-serif; text-align: justify;\"><br style=\"color: rgb(33, 37, 41); font-family: Nexa, Arial, Helvetica, sans-serif; text-align: justify;\"><span style=\"color: rgb(33, 37, 41); font-family: Nexa, Arial, Helvetica, sans-serif; text-align: justify;\">Para encerrar o semin\u00e1rio, a \u00faltima mesa discutir\u00e1 o tema &#8220;Afinal, como investir? Modalidades de investimento&#8221;. Participam a diretora de Desenvolvimento Econ\u00f4mico da Cultura do Minc, Andr\u00e9a Guimar\u00e3es, a fundadora e diretora Executiva do Instituto Phi, Luiza Serpa, o diretor executivo de Investimento de Impacto da Sitawi, Bruno Girardi, e a CEO da PretaHub, Adriana Barbosa.<\/span><br style=\"color: rgb(33, 37, 41); font-family: Nexa, Arial, Helvetica, sans-serif; text-align: justify;\"><br style=\"color: rgb(33, 37, 41); font-family: Nexa, Arial, Helvetica, sans-serif; text-align: justify;\"><span style=\"color: rgb(33, 37, 41); font-family: Nexa, Arial, Helvetica, sans-serif; text-align: justify;\">\u201cO setor de economia criativa vem ganhando cada vez mais relev\u00e2ncia social, cultural e econ\u00f4mica, e toda essa diversidade intelectual e cultural pode ser aproveitada pelas empresas mato-grossenses como investimento social, gerando emprego, renda e desenvolvimento sustent\u00e1vel\u201d, ressalta a superintendente de Desenvolvimento da Economia Criativa na Secel, Keiko Okamura.<\/span><br style=\"color: rgb(33, 37, 41); font-family: Nexa, Arial, Helvetica, sans-serif; text-align: justify;\"><br style=\"color: rgb(33, 37, 41); font-family: Nexa, Arial, Helvetica, sans-serif; text-align: justify;\"><span style=\"font-weight: bolder; color: rgb(33, 37, 41); font-family: Nexa, Arial, Helvetica, sans-serif; text-align: justify;\">Confira a programa\u00e7\u00e3o completa do Semin\u00e1rio:&nbsp;<\/span><br style=\"color: rgb(33, 37, 41); font-family: Nexa, Arial, Helvetica, sans-serif; text-align: justify;\"><span style=\"color: rgb(33, 37, 41); font-family: Nexa, Arial, Helvetica, sans-serif; text-align: justify;\">8h30: Caf\u00e9 da manh\u00e3<\/span><br style=\"color: rgb(33, 37, 41); font-family: Nexa, Arial, Helvetica, sans-serif; text-align: justify;\"><span style=\"color: rgb(33, 37, 41); font-family: Nexa, Arial, Helvetica, sans-serif; text-align: justify;\">8h50: Abertura&nbsp;<\/span><br style=\"color: rgb(33, 37, 41); font-family: Nexa, Arial, Helvetica, sans-serif; text-align: justify;\"><span style=\"color: rgb(33, 37, 41); font-family: Nexa, Arial, Helvetica, sans-serif; text-align: justify;\">9h10: Palestra \u2018Por que investir na economia criativa?\u2019&nbsp;<\/span><br style=\"color: rgb(33, 37, 41); font-family: Nexa, Arial, Helvetica, sans-serif; text-align: justify;\"><span style=\"color: rgb(33, 37, 41); font-family: Nexa, Arial, Helvetica, sans-serif; text-align: justify;\">10h10: Palestra \u2018Economia Criativa: For\u00e7a Econ\u00f4mica e Motor de Inova\u00e7\u00e3o Social\u2019<\/span><br style=\"color: rgb(33, 37, 41); font-family: Nexa, Arial, Helvetica, sans-serif; text-align: justify;\"><span style=\"color: rgb(33, 37, 41); font-family: Nexa, Arial, Helvetica, sans-serif; text-align: justify;\">10h50: Mesa \u2018Estrat\u00e9gias de marca em investimento cultural\u2019&nbsp;<\/span><br style=\"color: rgb(33, 37, 41); font-family: Nexa, Arial, Helvetica, sans-serif; text-align: justify;\"><span style=\"color: rgb(33, 37, 41); font-family: Nexa, Arial, Helvetica, sans-serif; text-align: justify;\">11h30: Intervalo&nbsp;<\/span><br style=\"color: rgb(33, 37, 41); font-family: Nexa, Arial, Helvetica, sans-serif; text-align: justify;\"><span style=\"color: rgb(33, 37, 41); font-family: Nexa, Arial, Helvetica, sans-serif; text-align: justify;\">11h45: Mesa \u2018Afinal, como investir? Modalidades de investimento\u2019&nbsp;<\/span><br style=\"color: rgb(33, 37, 41); font-family: Nexa, Arial, Helvetica, sans-serif; text-align: justify;\"><span style=\"color: rgb(33, 37, 41); font-family: Nexa, Arial, Helvetica, sans-serif; text-align: justify;\">13h: Encerramento<\/span>\t\t\t\t\t<\/div>\n\t\t\t\t\t\t<\/div>\n\t\t\t\t<\/div>\n\t\t\t\t\t\t<\/div>\n\t\t\t\t\t<\/div>\n\t\t<\/div>\n\t\t\t\t\t\t\t\t<\/div>\n\t\t\t\t\t<\/div>\n\t\t<\/section>\n\t\t\t\t\t\t<\/div>\n\t\t\t\t\t\t<\/div>\n\t\t\t\t\t<\/div>\n\t\t","protected":false},"excerpt":{"rendered":"<p>Evento \u00e9 uma das a\u00e7\u00f5es do programa de acelera\u00e7\u00e3o de neg\u00f3cios criativos MOVE_MT 2 Cida Rodrigues&nbsp;|&nbsp;Secel-MT Meneguini&nbsp; A Secretaria de Estado de Cultura, Esporte e Lazer (Secel-MT) vai reunir empresas&hellip;&nbsp;<a href=\"https:\/\/www.mtcriativo.mt.gov.br\/index.php\/2023\/05\/12\/seminario-promovido-pela-secel-reune-empresarios-para-fortalecer-economia-criativa-de-mato-grosso\/\" class=\"\" rel=\"bookmark\">Continue a ler &raquo;<span class=\"screen-reader-text\">Semin\u00e1rio promovido pela Secel re\u00fane empres\u00e1rios para fortalecer economia criativa de Mato Grosso<\/span><\/a><\/p>\n","protected":false},"author":2,"featured_media":3590,"comment_status":"closed","ping_status":"open","sticky":false,"template":"elementor_theme","format":"standard","meta":{"neve_meta_sidebar":"","neve_meta_container":"","neve_meta_enable_content_width":"","neve_meta_content_width":0,"neve_meta_title_alignment":"","neve_meta_author_avatar":"","neve_post_elements_order":"","neve_meta_disable_header":"","neve_meta_disable_footer":"","neve_meta_disable_title":"","footnotes":""},"categories":[5],"tags":[87,44,45],"class_list":["post-3587","post","type-post","status-publish","format-standard","has-post-thumbnail","hentry","category-noticias","tag-matogrossocriativo","tag-mtcriativo","tag-noticias"],"_links":{"self":[{"href":"https:\/\/www.mtcriativo.mt.gov.br\/index.php\/wp-json\/wp\/v2\/posts\/3587","targetHints":{"allow":["GET"]}}],"collection":[{"href":"https:\/\/www.mtcriativo.mt.gov.br\/index.php\/wp-json\/wp\/v2\/posts"}],"about":[{"href":"https:\/\/www.mtcriativo.mt.gov.br\/index.php\/wp-json\/wp\/v2\/types\/post"}],"author":[{"embeddable":true,"href":"https:\/\/www.mtcriativo.mt.gov.br\/index.php\/wp-json\/wp\/v2\/users\/2"}],"replies":[{"embeddable":true,"href":"https:\/\/www.mtcriativo.mt.gov.br\/index.php\/wp-json\/wp\/v2\/comments?post=3587"}],"version-history":[{"count":6,"href":"https:\/\/www.mtcriativo.mt.gov.br\/index.php\/wp-json\/wp\/v2\/posts\/3587\/revisions"}],"predecessor-version":[{"id":4791,"href":"https:\/\/www.mtcriativo.mt.gov.br\/index.php\/wp-json\/wp\/v2\/posts\/3587\/revisions\/4791"}],"wp:featuredmedia":[{"embeddable":true,"href":"https:\/\/www.mtcriativo.mt.gov.br\/index.php\/wp-json\/wp\/v2\/media\/3590"}],"wp:attachment":[{"href":"https:\/\/www.mtcriativo.mt.gov.br\/index.php\/wp-json\/wp\/v2\/media?parent=3587"}],"wp:term":[{"taxonomy":"category","embeddable":true,"href":"https:\/\/www.mtcriativo.mt.gov.br\/index.php\/wp-json\/wp\/v2\/categories?post=3587"},{"taxonomy":"post_tag","embeddable":true,"href":"https:\/\/www.mtcriativo.mt.gov.br\/index.php\/wp-json\/wp\/v2\/tags?post=3587"}],"curies":[{"name":"wp","href":"https:\/\/api.w.org\/{rel}","templated":true}]}}