{"id":4861,"date":"2025-05-16T09:32:28","date_gmt":"2025-05-16T13:32:28","guid":{"rendered":"https:\/\/www.mtcriativo.mt.gov.br\/?p=4861"},"modified":"2025-05-19T11:54:16","modified_gmt":"2025-05-19T15:54:16","slug":"secel-realiza-quarta-edicao-da-caravana-fluxo-no-territorio-cultural-juruena","status":"publish","type":"post","link":"https:\/\/www.mtcriativo.mt.gov.br\/index.php\/2025\/05\/16\/secel-realiza-quarta-edicao-da-caravana-fluxo-no-territorio-cultural-juruena\/","title":{"rendered":"Secel realiza quarta edi\u00e7\u00e3o da caravana Fluxo no territ\u00f3rio cultural Juruena"},"content":{"rendered":"\n<p class=\"has-medium-font-size\">Os encontros ocorrer\u00e3o nos munic\u00edpios de Diamantino, Campo Novo do Parecis, Ju\u00edna, Juruena, Juara, Tangar\u00e1 da Serra e Barra do Bugres<\/p>\n\n\n\n<p class=\"has-small-font-size\">Tuani Nunes\u00a0|\u00a0Secel-MT<\/p>\n\n\n\n<figure class=\"wp-block-image size-full\"><img loading=\"lazy\" decoding=\"async\" width=\"1024\" height=\"683\" src=\"https:\/\/www.mtcriativo.mt.gov.br\/wp-content\/uploads\/2025\/05\/image-3.png\" alt=\"Mayke Toscano\/Secom-MT\" class=\"wp-image-4852\" srcset=\"https:\/\/www.mtcriativo.mt.gov.br\/wp-content\/uploads\/2025\/05\/image-3.png 1024w, https:\/\/www.mtcriativo.mt.gov.br\/wp-content\/uploads\/2025\/05\/image-3-300x200.png 300w, https:\/\/www.mtcriativo.mt.gov.br\/wp-content\/uploads\/2025\/05\/image-3-768x512.png 768w, https:\/\/www.mtcriativo.mt.gov.br\/wp-content\/uploads\/2025\/05\/image-3-930x620.png 930w\" sizes=\"auto, (max-width: 1024px) 100vw, 1024px\" \/><figcaption class=\"wp-element-caption\">Mayke Toscano\/Secom-MT<\/figcaption><\/figure>\n\n\n\n<p>A Secretaria de Estado de Cultura, Esporte e Lazer (Secel) realiza a quarta rota da caravana \u201cFluxo\u201d no territ\u00f3rio cultural Juruena, entre a segunda-feira e sexta-feira (19 e 23.5). Os encontros ocorrem em Diamantino, Campo Novo do Parecis, Ju\u00edna, Juruena, Juara, Tangar\u00e1 da Serra e Barra do Bugres, que s\u00e3o munic\u00edpios localizados no Planalto dos Parecis, lugar em que nasce o rio Juruena.<\/p>\n\n\n\n<p>A iniciativa tem como objetivo realizar di\u00e1logos e encontros com gestores p\u00fablicos e trabalhadores dos setores cultural e esportivo dos munic\u00edpios da regi\u00e3o.&nbsp;<\/p>\n\n\n\n<p>Durante os cinco dias, as equipes das \u00e1reas de cultura, de esporte, e da administra\u00e7\u00e3o sist\u00eamica da Secel se encontrar\u00e3o com gestores municipais para levar orienta\u00e7\u00f5es sobre diversas pautas, que visam o fortalecimento cultural e esportivo do Estado. &nbsp;<\/p>\n\n\n\n<p>Al\u00e9m disso, para levar informa\u00e7\u00f5es sobre o papel da participa\u00e7\u00e3o social, membros do Conselho Estadual de Cultura de Mato Grosso tamb\u00e9m integram o \u201cFluxo\u201d.&nbsp;<\/p>\n\n\n\n<p>Entre os assuntos est\u00e3o os editais do Governo de Mato Grosso, a Pol\u00edtica Nacional Aldir Blanc (Pnab), projetos em andamento, a\u00e7\u00f5es de incentivo \u00e0 economia criativa, patrim\u00f4nio hist\u00f3rico, conv\u00eanios, obras e a\u00e7\u00f5es para o fortalecimento do esporte e da cultura em todo o Estado.<\/p>\n\n\n\n<p>A programa\u00e7\u00e3o est\u00e1 aberta para participa\u00e7\u00e3o de representantes de outros munic\u00edpios da regi\u00e3o.<\/p>\n\n\n\n<p><strong>Confira a programa\u00e7\u00e3o:<\/strong><\/p>\n\n\n\n<p><strong>Segunda-feira (19.5):<\/strong><br>8h: Diamantino, no Audit\u00f3rio da Unemat<br>18h: Campo Novo do Parecis, na C\u00e2mara Municipal&nbsp;<\/p>\n\n\n\n<p><strong>Ter\u00e7a-feira (20.5):<\/strong><br>14h: Ju\u00edna, na Secretaria Municipal de Educa\u00e7\u00e3o e Cultura<\/p>\n\n\n\n<p><strong>Quarta-feira (21.5):<\/strong><br>8h30: Juruena, na C\u00e2mara Municipal<br>18h30: Juara, na C\u00e2mara Municipal<\/p>\n\n\n\n<p><strong>Quinta-feira (22.5)<\/strong><br>19h: Tangar\u00e1 da Serra, no Centro Cultural Pedro Alberto Tayano Filho<\/p>\n\n\n\n<p><strong>Sexta-feira (23.5)<\/strong><br>9h30: Barra do Bugres, na Secretaria Municipal de Educa\u00e7\u00e3o, Cultura e Esporte &nbsp;<\/p>\n\n\n\n<p>Repost: <a href=\"https:\/\/www.secel.mt.gov.br\/w\/secel-realiza-quarta-edi%C3%A7%C3%A3o-da-caravana-fluxo-no-territ%C3%B3rio-cultural-juruena\" data-type=\"link\" data-id=\"https:\/\/www.secel.mt.gov.br\/w\/secel-realiza-quarta-edi%C3%A7%C3%A3o-da-caravana-fluxo-no-territ%C3%B3rio-cultural-juruena\">SECEL<\/a><\/p>\n\n\n\n<p><\/p>\n","protected":false},"excerpt":{"rendered":"<p>Os encontros ocorrer\u00e3o nos munic\u00edpios de Diamantino, Campo Novo do Parecis, Ju\u00edna, Juruena, Juara, Tangar\u00e1 da Serra e Barra do Bugres Tuani Nunes\u00a0|\u00a0Secel-MT A Secretaria de Estado de Cultura, Esporte&hellip;&nbsp;<a href=\"https:\/\/www.mtcriativo.mt.gov.br\/index.php\/2025\/05\/16\/secel-realiza-quarta-edicao-da-caravana-fluxo-no-territorio-cultural-juruena\/\" class=\"\" rel=\"bookmark\">Continue a ler &raquo;<span class=\"screen-reader-text\">Secel realiza quarta edi\u00e7\u00e3o da caravana Fluxo no territ\u00f3rio cultural Juruena<\/span><\/a><\/p>\n","protected":false},"author":2,"featured_media":4852,"comment_status":"closed","ping_status":"open","sticky":false,"template":"","format":"standard","meta":{"neve_meta_sidebar":"","neve_meta_container":"","neve_meta_enable_content_width":"","neve_meta_content_width":0,"neve_meta_title_alignment":"","neve_meta_author_avatar":"","neve_post_elements_order":"","neve_meta_disable_header":"","neve_meta_disable_footer":"","neve_meta_disable_title":"","footnotes":""},"categories":[5],"tags":[77,87,66,44,45,65,52],"class_list":["post-4861","post","type-post","status-publish","format-standard","has-post-thumbnail","hentry","category-noticias","tag-aldir-blanc","tag-matogrossocriativo","tag-move_mt","tag-mtcriativo","tag-noticias","tag-oi-futuro","tag-secelmt"],"_links":{"self":[{"href":"https:\/\/www.mtcriativo.mt.gov.br\/index.php\/wp-json\/wp\/v2\/posts\/4861","targetHints":{"allow":["GET"]}}],"collection":[{"href":"https:\/\/www.mtcriativo.mt.gov.br\/index.php\/wp-json\/wp\/v2\/posts"}],"about":[{"href":"https:\/\/www.mtcriativo.mt.gov.br\/index.php\/wp-json\/wp\/v2\/types\/post"}],"author":[{"embeddable":true,"href":"https:\/\/www.mtcriativo.mt.gov.br\/index.php\/wp-json\/wp\/v2\/users\/2"}],"replies":[{"embeddable":true,"href":"https:\/\/www.mtcriativo.mt.gov.br\/index.php\/wp-json\/wp\/v2\/comments?post=4861"}],"version-history":[{"count":1,"href":"https:\/\/www.mtcriativo.mt.gov.br\/index.php\/wp-json\/wp\/v2\/posts\/4861\/revisions"}],"predecessor-version":[{"id":4862,"href":"https:\/\/www.mtcriativo.mt.gov.br\/index.php\/wp-json\/wp\/v2\/posts\/4861\/revisions\/4862"}],"wp:featuredmedia":[{"embeddable":true,"href":"https:\/\/www.mtcriativo.mt.gov.br\/index.php\/wp-json\/wp\/v2\/media\/4852"}],"wp:attachment":[{"href":"https:\/\/www.mtcriativo.mt.gov.br\/index.php\/wp-json\/wp\/v2\/media?parent=4861"}],"wp:term":[{"taxonomy":"category","embeddable":true,"href":"https:\/\/www.mtcriativo.mt.gov.br\/index.php\/wp-json\/wp\/v2\/categories?post=4861"},{"taxonomy":"post_tag","embeddable":true,"href":"https:\/\/www.mtcriativo.mt.gov.br\/index.php\/wp-json\/wp\/v2\/tags?post=4861"}],"curies":[{"name":"wp","href":"https:\/\/api.w.org\/{rel}","templated":true}]}}