{"id":5866,"date":"2025-10-01T12:00:00","date_gmt":"2025-10-01T16:00:00","guid":{"rendered":"https:\/\/www.mtcriativo.mt.gov.br\/?p=5866"},"modified":"2025-10-01T08:44:59","modified_gmt":"2025-10-01T12:44:59","slug":"voce-conhece-a-green-economy","status":"publish","type":"post","link":"https:\/\/www.mtcriativo.mt.gov.br\/index.php\/2025\/10\/01\/voce-conhece-a-green-economy\/","title":{"rendered":"VOC\u00ca CONHECE A \u201cGREEN ECONOMY\u201d?"},"content":{"rendered":"\t\t<div data-elementor-type=\"wp-post\" data-elementor-id=\"5866\" class=\"elementor elementor-5866\" data-elementor-settings=\"[]\">\n\t\t\t\t\t\t<div class=\"elementor-inner\">\n\t\t\t\t\t\t\t<div class=\"elementor-section-wrap\">\n\t\t\t\t\t\t\t<section class=\"elementor-section elementor-top-section elementor-element elementor-element-42c36af elementor-section-boxed elementor-section-height-default elementor-section-height-default\" data-id=\"42c36af\" data-element_type=\"section\">\n\t\t\t\t\t\t<div class=\"elementor-container elementor-column-gap-default\">\n\t\t\t\t\t\t\t<div class=\"elementor-row\">\n\t\t\t\t\t<div class=\"elementor-column elementor-col-100 elementor-top-column elementor-element elementor-element-f816fbc\" data-id=\"f816fbc\" data-element_type=\"column\">\n\t\t\t<div class=\"elementor-column-wrap\">\n\t\t\t\t\t\t\t<div class=\"elementor-widget-wrap\">\n\t\t\t\t\t\t\t\t<\/div>\n\t\t\t\t\t<\/div>\n\t\t<\/div>\n\t\t\t\t\t\t\t\t<\/div>\n\t\t\t\t\t<\/div>\n\t\t<\/section>\n\t\t\t\t<section class=\"elementor-section elementor-top-section elementor-element elementor-element-d33b1c1 elementor-section-boxed elementor-section-height-default elementor-section-height-default\" data-id=\"d33b1c1\" data-element_type=\"section\">\n\t\t\t\t\t\t<div class=\"elementor-container elementor-column-gap-default\">\n\t\t\t\t\t\t\t<div class=\"elementor-row\">\n\t\t\t\t\t<div class=\"elementor-column elementor-col-100 elementor-top-column elementor-element elementor-element-2c19ef9\" data-id=\"2c19ef9\" data-element_type=\"column\">\n\t\t\t<div class=\"elementor-column-wrap elementor-element-populated\">\n\t\t\t\t\t\t\t<div class=\"elementor-widget-wrap\">\n\t\t\t\t\t\t<div class=\"elementor-element elementor-element-c94152e elementor-widget elementor-widget-text-editor\" data-id=\"c94152e\" data-element_type=\"widget\" data-widget_type=\"text-editor.default\">\n\t\t\t\t<div class=\"elementor-widget-container\">\n\t\t\t\t\t\t\t\t<div class=\"elementor-text-editor elementor-clearfix\">\n\t\t\t\t<p>Artigos<\/p>\t\t\t\t\t<\/div>\n\t\t\t\t\t\t<\/div>\n\t\t\t\t<\/div>\n\t\t\t\t<div class=\"elementor-element elementor-element-c6016c7 elementor-widget elementor-widget-heading\" data-id=\"c6016c7\" data-element_type=\"widget\" data-widget_type=\"heading.default\">\n\t\t\t\t<div class=\"elementor-widget-container\">\n\t\t\t<h2 class=\"elementor-heading-title elementor-size-default\"><span style=\"font-weight:normal;\"><span style=\"font-size: 26pt; font-family: Arial, sans-serif; color: rgb(0, 0, 0); background-color: transparent; font-variant-numeric: normal; font-variant-east-asian: normal; font-variant-alternates: normal; font-variant-position: normal; font-variant-emoji: normal; vertical-align: baseline;\">VOC\u00ca CONHECE A \u201cGREEN ECONOMY\u201d? <\/span><\/span><\/h2>\t\t<\/div>\n\t\t\t\t<\/div>\n\t\t\t\t<div class=\"elementor-element elementor-element-9c48f1b elementor-widget elementor-widget-text-editor\" data-id=\"9c48f1b\" data-element_type=\"widget\" data-widget_type=\"text-editor.default\">\n\t\t\t\t<div class=\"elementor-widget-container\">\n\t\t\t\t\t\t\t\t<div class=\"elementor-text-editor elementor-clearfix\">\n\t\t\t\t<p dir=\"ltr\" style=\"line-height: 1.38; margin-top: 12pt; margin-bottom: 12pt;\"><span style=\"font-size: 21pt; font-family: Arial,sans-serif; color: #666666; background-color: transparent; font-weight: 400; font-style: normal; font-variant: normal; text-decoration: none; vertical-align: baseline; white-space: pre-wrap;\">A Economia Verde \u00e9 uma forma de repensar os modelos econ\u00f4micos para que sejam sustent\u00e1veis, socialmente justos e ambientalmente respons\u00e1veis. Mais do que uma tend\u00eancia, ela j\u00e1 \u00e9 considerada um dos caminhos mais promissores para o futuro da economia mundial<\/span><\/p>\n<p dir=\"ltr\" style=\"line-height: 1.38; margin-top: 0pt; margin-bottom: 16pt;\"><span style=\"font-size: 13pt; font-family: Arial,sans-serif; color: #666666; background-color: transparent; font-weight: 400; font-style: italic; font-variant: normal; text-decoration: none; vertical-align: baseline; white-space: pre-wrap;\">Ana Clara Xavier | MT Criativo<\/span><\/p>\t\t\t\t\t<\/div>\n\t\t\t\t\t\t<\/div>\n\t\t\t\t<\/div>\n\t\t\t\t<div class=\"elementor-element elementor-element-8e3fa28 elementor-widget elementor-widget-text-editor\" data-id=\"8e3fa28\" data-element_type=\"widget\" data-widget_type=\"text-editor.default\">\n\t\t\t\t<div class=\"elementor-widget-container\">\n\t\t\t\t\t\t\t\t<div class=\"elementor-text-editor elementor-clearfix\">\n\t\t\t\t\t\t\t\t\t<\/div>\n\t\t\t\t\t\t<\/div>\n\t\t\t\t<\/div>\n\t\t\t\t<div class=\"elementor-element elementor-element-76219f3 elementor-widget elementor-widget-image\" data-id=\"76219f3\" data-element_type=\"widget\" data-widget_type=\"image.default\">\n\t\t\t\t<div class=\"elementor-widget-container\">\n\t\t\t\t\t\t\t\t<div class=\"elementor-image\">\n\t\t\t\t\t\t\t\t\t<figure class=\"wp-caption\">\n\t\t\t\t\t\t\t\t\t\t<img loading=\"lazy\" decoding=\"async\" width=\"1100\" height=\"600\" src=\"https:\/\/www.mtcriativo.mt.gov.br\/wp-content\/uploads\/2025\/10\/why-the-green-economy-is-important-to-ghana-and-how-certification-marks-contribute-to-it__5efc9d554e424.png\" class=\"attachment-2048x2048 size-2048x2048\" alt=\"\" srcset=\"https:\/\/www.mtcriativo.mt.gov.br\/wp-content\/uploads\/2025\/10\/why-the-green-economy-is-important-to-ghana-and-how-certification-marks-contribute-to-it__5efc9d554e424.png 1100w, https:\/\/www.mtcriativo.mt.gov.br\/wp-content\/uploads\/2025\/10\/why-the-green-economy-is-important-to-ghana-and-how-certification-marks-contribute-to-it__5efc9d554e424-300x164.png 300w, https:\/\/www.mtcriativo.mt.gov.br\/wp-content\/uploads\/2025\/10\/why-the-green-economy-is-important-to-ghana-and-how-certification-marks-contribute-to-it__5efc9d554e424-1024x559.png 1024w, https:\/\/www.mtcriativo.mt.gov.br\/wp-content\/uploads\/2025\/10\/why-the-green-economy-is-important-to-ghana-and-how-certification-marks-contribute-to-it__5efc9d554e424-768x419.png 768w\" sizes=\"auto, (max-width: 1100px) 100vw, 1100px\" \/>\t\t\t\t\t\t\t\t\t\t\t<figcaption class=\"widget-image-caption wp-caption-text\">Green Economy <\/figcaption>\n\t\t\t\t\t\t\t\t\t\t<\/figure>\n\t\t\t\t\t\t\t\t<\/div>\n\t\t\t\t\t\t<\/div>\n\t\t\t\t<\/div>\n\t\t\t\t<div class=\"elementor-element elementor-element-40305f1 elementor-widget elementor-widget-text-editor\" data-id=\"40305f1\" data-element_type=\"widget\" data-widget_type=\"text-editor.default\">\n\t\t\t\t<div class=\"elementor-widget-container\">\n\t\t\t\t\t\t\t\t<div class=\"elementor-text-editor elementor-clearfix\">\n\t\t\t\t<h2><b>O que \u00e9 a Green Economy<\/b><\/h2><p><span style=\"font-weight: 400;\">A Green Economy, ou Economia Verde, busca integrar desenvolvimento econ\u00f4mico e preserva\u00e7\u00e3o ambiental. Ela prop\u00f5e o uso eficiente de recursos naturais, a redu\u00e7\u00e3o das emiss\u00f5es de poluentes e a valoriza\u00e7\u00e3o da biodiversidade como parte essencial da economia.<\/span><\/p><p><span style=\"font-weight: 400;\">Esse conceito ganhou for\u00e7a a partir de 1987, com a publica\u00e7\u00e3o do <\/span><a href=\"https:\/\/www.are.admin.ch\/are\/en\/home\/media\/publications\/sustainable-development\/brundtland-report.html\"><span style=\"font-weight: 400;\">Relat\u00f3rio Brundtland<\/span><\/a><span style=\"font-weight: 400;\"> pela ONU, que apresentou pela primeira vez o termo \u201cdesenvolvimento sustent\u00e1vel\u201d. A ideia central era simples, mas poderosa: crescer economicamente sem comprometer as necessidades das futuras gera\u00e7\u00f5es.<\/span><\/p><p><span style=\"font-weight: 400;\">Desde ent\u00e3o, encontros globais, como as Confer\u00eancias das Partes (<\/span><a href=\"https:\/\/www.cnnbrasil.com.br\/tecnologia\/cop-relembre-os-maiores-acordos-e-fracassos-das-edicoes-anteriores\/\"><span style=\"font-weight: 400;\">COPs<\/span><\/a><span style=\"font-weight: 400;\">), v\u00eam refor\u00e7ando a urg\u00eancia de uma transi\u00e7\u00e3o verde. Em 2015, o Acordo de Paris estabeleceu como meta limitar o aumento da temperatura global em at\u00e9 1,5\u00b0C, exigindo mudan\u00e7as profundas na forma como produzimos, consumimos e nos transportamos.<\/span><\/p><h2><b>Dados sobre a Green Economy<\/b><\/h2><p><span style=\"font-weight: 400;\">Hoje, segundo o Programa das Na\u00e7\u00f5es Unidas para o Meio Ambiente (<\/span><a href=\"https:\/\/www.un-page.org\/news\/brazils-ecological-transformation-plan-could-create-2-million-jobs-boost-gdp-and-cut-emissions-by-2050-according-to-study\/?utm_source=chatgpt.com\"><span style=\"font-weight: 400;\">PNUMA<\/span><\/a><span style=\"font-weight: 400;\">), a transi\u00e7\u00e3o para uma economia verde pode gerar at\u00e9 60 milh\u00f5es de novos empregos at\u00e9 2030 em setores como energias renov\u00e1veis, agricultura sustent\u00e1vel e gest\u00e3o de res\u00edduos.<\/span><\/p><p><span style=\"font-weight: 400;\">No Brasil, estudos do <\/span><a href=\"https:\/\/escolhas.org\/wp-content\/uploads\/PB_07_Paulo-Braga_empregos-verdes.pdf?utm_source=chatgpt.com\"><span style=\"font-weight: 400;\">Instituto Escolhas<\/span><\/a><span style=\"font-weight: 400;\"> (2022) mostram que a descarboniza\u00e7\u00e3o da economia poderia criar cerca de 7,5 milh\u00f5es de empregos em 20 anos, sobretudo em \u00e1reas ligadas \u00e0 bioeconomia, reflorestamento e energias limpas.<\/span><\/p><p><span style=\"font-weight: 400;\">Al\u00e9m disso, iniciativas como a <\/span><a href=\"https:\/\/www.gov.br\/portos-e-aeroportos\/pt-br\/assuntos\/noticias\/2025\/05\/descarbonizacao-da-matriz-de-transporte-e-destaque-de-seminario-que-antecede-a-cop30\/RelatorioCoalizaoTransportesCompilado.pdf?utm_source=chatgpt.com\"><span style=\"font-weight: 400;\">Coaliz\u00e3o<\/span><\/a><span style=\"font-weight: 400;\"> para a Descarboniza\u00e7\u00e3o dos Transportes j\u00e1 apresentam propostas ambiciosas: reduzir em 68% as emiss\u00f5es do setor at\u00e9 2050, com investimentos que ultrapassam R$ 600 bilh\u00f5es em biocombust\u00edveis, eletrifica\u00e7\u00e3o de frotas e incentivo ao transporte ferrovi\u00e1rio e hidrovi\u00e1rio.<\/span><\/p><p><span style=\"font-weight: 400;\">Esses n\u00fameros comprovam que a Green Economy n\u00e3o \u00e9 apenas um discurso ambiental, mas tamb\u00e9m uma oportunidade concreta de crescimento e inova\u00e7\u00e3o.<\/span><\/p><h2><b>Green Economy no Centro-Oeste<\/b><\/h2><p><span style=\"font-weight: 400;\">No Centro-Oeste, o movimento pela Economia Verde j\u00e1 \u00e9 vis\u00edvel. Empresas v\u00eam modernizando seus processos com pr\u00e1ticas de gest\u00e3o ambiental e iniciativas de sustentabilidade. O Sebrae Sustentabilidade, por exemplo, atua em Cuiab\u00e1 oferecendo capacita\u00e7\u00e3o, diagn\u00f3sticos de neg\u00f3cios e acesso a linhas de cr\u00e9dito verde. Al\u00e9m disso, promove a ado\u00e7\u00e3o de energias renov\u00e1veis e o alinhamento \u00e0s ODS (Objetivos de Desenvolvimento Sustent\u00e1vel da ONU).<\/span><\/p><p><span style=\"font-weight: 400;\">Um exemplo inspirador vem da economia criativa: o brech\u00f3 <\/span><a href=\"https:\/\/www.instagram.com\/carinhito_pe\/#\"><b>Carinhito<\/b><\/a><span style=\"font-weight: 400;\">, criado pela empreendedora peruana Karen Castillo, em Cuiab\u00e1. O neg\u00f3cio trabalha com moda sustent\u00e1vel e upcycling, t\u00e9cnica que transforma roupas antigas em pe\u00e7as novas, evitando o descarte e dando <\/span><a href=\"https:\/\/www.olharconceito.com.br\/noticias\/exibir.asp?id=25857&amp;noticia=conheca-o-brecho-cari%F1ito-criado-por-peruana-que-trocou-carreira-na-ciencia-pela-moda-e-upcycling-em-cuiaba&amp;edicao=1\"><span style=\"font-weight: 400;\">novo valor<\/span><\/a><span style=\"font-weight: 400;\"> ao consumo consciente.<\/span><\/p><p><span style=\"font-weight: 400;\">A regi\u00e3o tamb\u00e9m apresenta enorme potencial na bioeconomia, especialmente com produtos da sociobiodiversidade do Cerrado e da Amaz\u00f4nia. Oportunidades incluem desde alimentos nativos at\u00e9 insumos para cosm\u00e9ticos e farmac\u00eauticos.<\/span><\/p><h2><b>Dicas para empreendedores que querem atuar na Green Economy<\/b><\/h2><p><span style=\"font-weight: 400;\">Se voc\u00ea deseja investir nesse setor, aqui v\u00e3o alguns caminhos:<\/span><\/p><ul><li style=\"font-weight: 400;\" aria-level=\"1\"><b>Pesquise o territ\u00f3rio local<\/b><span style=\"font-weight: 400;\">: compreenda como sua comunidade consome recursos naturais e quais demandas ainda n\u00e3o s\u00e3o atendidas. Isso ajuda a criar solu\u00e7\u00f5es alinhadas \u00e0 realidade regional.<\/span><span style=\"font-weight: 400;\"><br \/><br \/><\/span><\/li><li style=\"font-weight: 400;\" aria-level=\"1\"><b>Invista em processos sustent\u00e1veis<\/b><span style=\"font-weight: 400;\">: adote energias limpas, materiais recicl\u00e1veis e t\u00e9cnicas de produ\u00e7\u00e3o que reduzam impactos ambientais.<\/span><span style=\"font-weight: 400;\"><br \/><br \/><\/span><\/li><li style=\"font-weight: 400;\" aria-level=\"1\"><b>Valorize os saberes tradicionais<\/b><span style=\"font-weight: 400;\">: conhecimentos de comunidades locais podem gerar produtos \u00fanicos e aut\u00eanticos, desde artesanato at\u00e9 pr\u00e1ticas agroecol\u00f3gicas.<\/span><span style=\"font-weight: 400;\"><br \/><br \/><\/span><\/li><li style=\"font-weight: 400;\" aria-level=\"1\"><b>Inove nos servi\u00e7os<\/b><span style=\"font-weight: 400;\">: explore nichos como ecoturismo sustent\u00e1vel, gastronomia regional com foco em produtos nativos ou plataformas de educa\u00e7\u00e3o ambiental.<\/span><span style=\"font-weight: 400;\"><br \/><br \/><\/span><\/li><li style=\"font-weight: 400;\" aria-level=\"1\"><b>Crie parcerias estrat\u00e9gicas<\/b><span style=\"font-weight: 400;\">: colabore com universidades, ONGs e \u00f3rg\u00e3os p\u00fablicos para ganhar credibilidade e ampliar seu alcance.<\/span><span style=\"font-weight: 400;\"><br \/><br \/><\/span><\/li><li style=\"font-weight: 400;\" aria-level=\"1\"><b>Comunique com prop\u00f3sito<\/b><span style=\"font-weight: 400;\">: use um marketing consciente, inclusivo e que mostre impactos reais da sua iniciativa.<\/span><span style=\"font-weight: 400;\"><br \/><br \/><\/span><\/li><li style=\"font-weight: 400;\" aria-level=\"1\"><b>Foque no impacto social e ambiental<\/b><span style=\"font-weight: 400;\">: al\u00e9m do lucro, destaque como seu neg\u00f3cio gera benef\u00edcios coletivos, preserva a natureza e fortalece a economia local.<\/span><\/li><\/ul><p><span style=\"font-weight: 400;\">A Green Economy n\u00e3o \u00e9 apenas um modelo de neg\u00f3cios, mas uma mudan\u00e7a de mentalidade. Ela representa um caminho para conciliar inova\u00e7\u00e3o, preserva\u00e7\u00e3o ambiental e valoriza\u00e7\u00e3o cultural, com potencial de retorno financeiro sustent\u00e1vel.<\/span><\/p><p><span style=\"font-weight: 400;\">Para empreendedores que buscam unir prop\u00f3sito e crescimento, investir nessa \u00e1rea \u00e9 mais do que uma oportunidade: \u00e9 uma necessidade do presente e uma aposta segura para o futuro.<\/span><\/p><p><span style=\"font-weight: 400;\"><br \/><br \/><\/span><\/p><p><span style=\"font-weight: 400;\">Conhe\u00e7a mais sobre a Economia Criativa e suas oportunidades. Gostou do conte\u00fado? Siga nossos canais de comunica\u00e7\u00e3o para conhecer mais sobre as oportunidades na economia criativa:<\/span><span style=\"font-weight: 400;\"><br \/><\/span><span style=\"font-weight: 400;\"><br \/><\/span><a href=\"https:\/\/www.instagram.com\/mt_criativo\/\"><span style=\"font-weight: 400;\">https:\/\/www.instagram.com\/mt_criativo\/<\/span><\/a><\/p><p><a href=\"https:\/\/www.facebook.com\/matogrossocriativo\/\"><span style=\"font-weight: 400;\">https:\/\/www.facebook.com\/matogrossocriativo\/<\/span><\/a><\/p><p>\u00a0<\/p><p><b>PRODU\u00c7\u00c3O ARTIGOS<\/b><\/p><p><span style=\"font-weight: 400;\">Produ\u00e7\u00e3o, pesquisa, edi\u00e7\u00e3o, site e divulga\u00e7\u00e3o.<\/span><\/p><ul><li style=\"font-weight: 400;\" aria-level=\"1\"><span style=\"font-weight: 400;\">LEONARA SANTANA<\/span><\/li><li style=\"font-weight: 400;\" aria-level=\"1\"><span style=\"font-weight: 400;\">ANA CLARA XAVIER<\/span><\/li><li style=\"font-weight: 400;\" aria-level=\"1\"><span style=\"font-weight: 400;\">SOPHIA CAMPOS<\/span><\/li><\/ul><p><b>SUPERVIS\u00c3O<\/b><\/p><ul><li style=\"font-weight: 400;\" aria-level=\"1\"><span style=\"font-weight: 400;\">KEIKO OKAMURA<\/span><\/li><\/ul>\t\t\t\t\t<\/div>\n\t\t\t\t\t\t<\/div>\n\t\t\t\t<\/div>\n\t\t\t\t<div class=\"elementor-element elementor-element-9eaf27a elementor-widget elementor-widget-text-editor\" data-id=\"9eaf27a\" data-element_type=\"widget\" data-widget_type=\"text-editor.default\">\n\t\t\t\t<div class=\"elementor-widget-container\">\n\t\t\t\t\t\t\t\t<div class=\"elementor-text-editor elementor-clearfix\">\n\t\t\t\t\t\t\t\t\t<\/div>\n\t\t\t\t\t\t<\/div>\n\t\t\t\t<\/div>\n\t\t\t\t<div class=\"elementor-element elementor-element-30a0be8 elementor-widget elementor-widget-text-editor\" data-id=\"30a0be8\" data-element_type=\"widget\" data-widget_type=\"text-editor.default\">\n\t\t\t\t<div class=\"elementor-widget-container\">\n\t\t\t\t\t\t\t\t<div class=\"elementor-text-editor elementor-clearfix\">\n\t\t\t\t\t\t\t\t\t<\/div>\n\t\t\t\t\t\t<\/div>\n\t\t\t\t<\/div>\n\t\t\t\t<div class=\"elementor-element elementor-element-9968c09 elementor-widget elementor-widget-text-editor\" data-id=\"9968c09\" data-element_type=\"widget\" data-widget_type=\"text-editor.default\">\n\t\t\t\t<div class=\"elementor-widget-container\">\n\t\t\t\t\t\t\t\t<div class=\"elementor-text-editor elementor-clearfix\">\n\t\t\t\t\t\t\t\t\t<\/div>\n\t\t\t\t\t\t<\/div>\n\t\t\t\t<\/div>\n\t\t\t\t<div class=\"elementor-element elementor-element-702fde8 elementor-widget elementor-widget-text-editor\" data-id=\"702fde8\" data-element_type=\"widget\" data-widget_type=\"text-editor.default\">\n\t\t\t\t<div class=\"elementor-widget-container\">\n\t\t\t\t\t\t\t\t<div class=\"elementor-text-editor elementor-clearfix\">\n\t\t\t\t\t\t\t\t\t<\/div>\n\t\t\t\t\t\t<\/div>\n\t\t\t\t<\/div>\n\t\t\t\t<div class=\"elementor-element elementor-element-032759f elementor-widget elementor-widget-text-editor\" data-id=\"032759f\" data-element_type=\"widget\" data-widget_type=\"text-editor.default\">\n\t\t\t\t<div class=\"elementor-widget-container\">\n\t\t\t\t\t\t\t\t<div class=\"elementor-text-editor elementor-clearfix\">\n\t\t\t\t\t\t\t\t\t<\/div>\n\t\t\t\t\t\t<\/div>\n\t\t\t\t<\/div>\n\t\t\t\t\t\t<\/div>\n\t\t\t\t\t<\/div>\n\t\t<\/div>\n\t\t\t\t\t\t\t\t<\/div>\n\t\t\t\t\t<\/div>\n\t\t<\/section>\n\t\t\t\t<section class=\"elementor-section elementor-top-section elementor-element elementor-element-bf9a1d0 elementor-section-boxed elementor-section-height-default elementor-section-height-default\" data-id=\"bf9a1d0\" data-element_type=\"section\">\n\t\t\t\t\t\t<div class=\"elementor-container elementor-column-gap-default\">\n\t\t\t\t\t\t\t<div class=\"elementor-row\">\n\t\t\t\t\t<div class=\"elementor-column elementor-col-100 elementor-top-column elementor-element elementor-element-fbdfdde\" data-id=\"fbdfdde\" data-element_type=\"column\">\n\t\t\t<div class=\"elementor-column-wrap elementor-element-populated\">\n\t\t\t\t\t\t\t<div class=\"elementor-widget-wrap\">\n\t\t\t\t\t\t<div class=\"elementor-element elementor-element-98e013a elementor-widget elementor-widget-text-editor\" data-id=\"98e013a\" data-element_type=\"widget\" data-widget_type=\"text-editor.default\">\n\t\t\t\t<div class=\"elementor-widget-container\">\n\t\t\t\t\t\t\t\t<div class=\"elementor-text-editor elementor-clearfix\">\n\t\t\t\t\t\t\t\t\t<\/div>\n\t\t\t\t\t\t<\/div>\n\t\t\t\t<\/div>\n\t\t\t\t<div class=\"elementor-element elementor-element-e71f741 elementor-widget elementor-widget-text-editor\" data-id=\"e71f741\" data-element_type=\"widget\" data-widget_type=\"text-editor.default\">\n\t\t\t\t<div class=\"elementor-widget-container\">\n\t\t\t\t\t\t\t\t<div class=\"elementor-text-editor elementor-clearfix\">\n\t\t\t\t\t\t\t\t\t<\/div>\n\t\t\t\t\t\t<\/div>\n\t\t\t\t<\/div>\n\t\t\t\t<div class=\"elementor-element elementor-element-e2ef330 elementor-widget elementor-widget-text-editor\" data-id=\"e2ef330\" data-element_type=\"widget\" data-widget_type=\"text-editor.default\">\n\t\t\t\t<div class=\"elementor-widget-container\">\n\t\t\t\t\t\t\t\t<div class=\"elementor-text-editor elementor-clearfix\">\n\t\t\t\t\t\t\t\t\t<\/div>\n\t\t\t\t\t\t<\/div>\n\t\t\t\t<\/div>\n\t\t\t\t<div class=\"elementor-element elementor-element-6c953fa elementor-widget elementor-widget-text-editor\" data-id=\"6c953fa\" data-element_type=\"widget\" data-widget_type=\"text-editor.default\">\n\t\t\t\t<div class=\"elementor-widget-container\">\n\t\t\t\t\t\t\t\t<div class=\"elementor-text-editor elementor-clearfix\">\n\t\t\t\t\t\t\t\t\t<\/div>\n\t\t\t\t\t\t<\/div>\n\t\t\t\t<\/div>\n\t\t\t\t<div class=\"elementor-element elementor-element-a55ae98 elementor-widget elementor-widget-text-editor\" data-id=\"a55ae98\" data-element_type=\"widget\" data-widget_type=\"text-editor.default\">\n\t\t\t\t<div class=\"elementor-widget-container\">\n\t\t\t\t\t\t\t\t<div class=\"elementor-text-editor elementor-clearfix\">\n\t\t\t\t\t\t\t\t\t<\/div>\n\t\t\t\t\t\t<\/div>\n\t\t\t\t<\/div>\n\t\t\t\t<div class=\"elementor-element elementor-element-d982aee elementor-widget elementor-widget-text-editor\" data-id=\"d982aee\" data-element_type=\"widget\" data-widget_type=\"text-editor.default\">\n\t\t\t\t<div class=\"elementor-widget-container\">\n\t\t\t\t\t\t\t\t<div class=\"elementor-text-editor elementor-clearfix\">\n\t\t\t\t\t\t\t\t\t<\/div>\n\t\t\t\t\t\t<\/div>\n\t\t\t\t<\/div>\n\t\t\t\t<div class=\"elementor-element elementor-element-7222d26 elementor-widget elementor-widget-google_maps\" data-id=\"7222d26\" data-element_type=\"widget\" data-widget_type=\"google_maps.default\">\n\t\t\t\t<div class=\"elementor-widget-container\">\n\t\t\t\t\t<div class=\"elementor-custom-embed\">\n\t\t\t<iframe frameborder=\"0\" scrolling=\"no\" marginheight=\"0\" marginwidth=\"0\"\n\t\t\t\t\tsrc=\"https:\/\/maps.google.com\/maps?q=secel&#038;t=m&#038;z=15&#038;output=embed&#038;iwloc=near\"\n\t\t\t\t\ttitle=\"secel\"\n\t\t\t\t\taria-label=\"secel\"\n\t\t\t><\/iframe>\n\t\t<\/div>\n\t\t\t\t<\/div>\n\t\t\t\t<\/div>\n\t\t\t\t\t\t<\/div>\n\t\t\t\t\t<\/div>\n\t\t<\/div>\n\t\t\t\t\t\t\t\t<\/div>\n\t\t\t\t\t<\/div>\n\t\t<\/section>\n\t\t\t\t<section class=\"elementor-section elementor-top-section elementor-element elementor-element-ad5cd26 elementor-section-boxed elementor-section-height-default elementor-section-height-default\" data-id=\"ad5cd26\" data-element_type=\"section\">\n\t\t\t\t\t\t<div class=\"elementor-container elementor-column-gap-default\">\n\t\t\t\t\t\t\t<div class=\"elementor-row\">\n\t\t\t\t\t<div class=\"elementor-column elementor-col-100 elementor-top-column elementor-element elementor-element-69baaf3\" data-id=\"69baaf3\" data-element_type=\"column\">\n\t\t\t<div class=\"elementor-column-wrap\">\n\t\t\t\t\t\t\t<div class=\"elementor-widget-wrap\">\n\t\t\t\t\t\t\t\t<\/div>\n\t\t\t\t\t<\/div>\n\t\t<\/div>\n\t\t\t\t\t\t\t\t<\/div>\n\t\t\t\t\t<\/div>\n\t\t<\/section>\n\t\t\t\t\t\t<\/div>\n\t\t\t\t\t\t<\/div>\n\t\t\t\t\t<\/div>\n\t\t","protected":false},"excerpt":{"rendered":"<p>A Economia Verde \u00e9 uma forma de repensar os modelos econ\u00f4micos para que sejam sustent\u00e1veis, socialmente justos e ambientalmente respons\u00e1veis. Mais do que uma tend\u00eancia, ela j\u00e1 \u00e9 considerada um dos caminhos mais promissores para o futuro da economia mundial.<\/p>\n","protected":false},"author":2,"featured_media":5868,"comment_status":"closed","ping_status":"open","sticky":false,"template":"","format":"standard","meta":{"neve_meta_sidebar":"","neve_meta_container":"","neve_meta_enable_content_width":"","neve_meta_content_width":0,"neve_meta_title_alignment":"","neve_meta_author_avatar":"","neve_post_elements_order":"","neve_meta_disable_header":"","neve_meta_disable_footer":"","neve_meta_disable_title":"","footnotes":""},"categories":[144],"tags":[48,87,44,45,46,52],"class_list":["post-5866","post","type-post","status-publish","format-standard","has-post-thumbnail","hentry","category-artigos","tag-criativodasemana","tag-matogrossocriativo","tag-mtcriativo","tag-noticias","tag-projetos","tag-secelmt"],"_links":{"self":[{"href":"https:\/\/www.mtcriativo.mt.gov.br\/index.php\/wp-json\/wp\/v2\/posts\/5866","targetHints":{"allow":["GET"]}}],"collection":[{"href":"https:\/\/www.mtcriativo.mt.gov.br\/index.php\/wp-json\/wp\/v2\/posts"}],"about":[{"href":"https:\/\/www.mtcriativo.mt.gov.br\/index.php\/wp-json\/wp\/v2\/types\/post"}],"author":[{"embeddable":true,"href":"https:\/\/www.mtcriativo.mt.gov.br\/index.php\/wp-json\/wp\/v2\/users\/2"}],"replies":[{"embeddable":true,"href":"https:\/\/www.mtcriativo.mt.gov.br\/index.php\/wp-json\/wp\/v2\/comments?post=5866"}],"version-history":[{"count":5,"href":"https:\/\/www.mtcriativo.mt.gov.br\/index.php\/wp-json\/wp\/v2\/posts\/5866\/revisions"}],"predecessor-version":[{"id":5873,"href":"https:\/\/www.mtcriativo.mt.gov.br\/index.php\/wp-json\/wp\/v2\/posts\/5866\/revisions\/5873"}],"wp:featuredmedia":[{"embeddable":true,"href":"https:\/\/www.mtcriativo.mt.gov.br\/index.php\/wp-json\/wp\/v2\/media\/5868"}],"wp:attachment":[{"href":"https:\/\/www.mtcriativo.mt.gov.br\/index.php\/wp-json\/wp\/v2\/media?parent=5866"}],"wp:term":[{"taxonomy":"category","embeddable":true,"href":"https:\/\/www.mtcriativo.mt.gov.br\/index.php\/wp-json\/wp\/v2\/categories?post=5866"},{"taxonomy":"post_tag","embeddable":true,"href":"https:\/\/www.mtcriativo.mt.gov.br\/index.php\/wp-json\/wp\/v2\/tags?post=5866"}],"curies":[{"name":"wp","href":"https:\/\/api.w.org\/{rel}","templated":true}]}}