{"id":6040,"date":"2025-11-06T07:50:47","date_gmt":"2025-11-06T11:50:47","guid":{"rendered":"https:\/\/www.mtcriativo.mt.gov.br\/?p=6040"},"modified":"2025-11-06T07:53:41","modified_gmt":"2025-11-06T11:53:41","slug":"voce-conhece-a-economia-preta","status":"publish","type":"post","link":"https:\/\/www.mtcriativo.mt.gov.br\/index.php\/2025\/11\/06\/voce-conhece-a-economia-preta\/","title":{"rendered":"VOC\u00ca CONHECE A \u201cECONOMIA PRETA\u201d?"},"content":{"rendered":"\t\t<div data-elementor-type=\"wp-post\" data-elementor-id=\"6040\" class=\"elementor elementor-6040\" data-elementor-settings=\"[]\">\n\t\t\t\t\t\t<div class=\"elementor-inner\">\n\t\t\t\t\t\t\t<div class=\"elementor-section-wrap\">\n\t\t\t\t\t\t\t<section class=\"elementor-section elementor-top-section elementor-element elementor-element-42c36af elementor-section-boxed elementor-section-height-default elementor-section-height-default\" data-id=\"42c36af\" data-element_type=\"section\">\n\t\t\t\t\t\t<div class=\"elementor-container elementor-column-gap-default\">\n\t\t\t\t\t\t\t<div class=\"elementor-row\">\n\t\t\t\t\t<div class=\"elementor-column elementor-col-100 elementor-top-column elementor-element elementor-element-f816fbc\" data-id=\"f816fbc\" data-element_type=\"column\">\n\t\t\t<div class=\"elementor-column-wrap\">\n\t\t\t\t\t\t\t<div class=\"elementor-widget-wrap\">\n\t\t\t\t\t\t\t\t<\/div>\n\t\t\t\t\t<\/div>\n\t\t<\/div>\n\t\t\t\t\t\t\t\t<\/div>\n\t\t\t\t\t<\/div>\n\t\t<\/section>\n\t\t\t\t<section class=\"elementor-section elementor-top-section elementor-element elementor-element-d33b1c1 elementor-section-boxed elementor-section-height-default elementor-section-height-default\" data-id=\"d33b1c1\" data-element_type=\"section\">\n\t\t\t\t\t\t<div class=\"elementor-container elementor-column-gap-default\">\n\t\t\t\t\t\t\t<div class=\"elementor-row\">\n\t\t\t\t\t<div class=\"elementor-column elementor-col-100 elementor-top-column elementor-element elementor-element-2c19ef9\" data-id=\"2c19ef9\" data-element_type=\"column\">\n\t\t\t<div class=\"elementor-column-wrap elementor-element-populated\">\n\t\t\t\t\t\t\t<div class=\"elementor-widget-wrap\">\n\t\t\t\t\t\t<div class=\"elementor-element elementor-element-c94152e elementor-widget elementor-widget-text-editor\" data-id=\"c94152e\" data-element_type=\"widget\" data-widget_type=\"text-editor.default\">\n\t\t\t\t<div class=\"elementor-widget-container\">\n\t\t\t\t\t\t\t\t<div class=\"elementor-text-editor elementor-clearfix\">\n\t\t\t\t<p>Artigos<\/p>\t\t\t\t\t<\/div>\n\t\t\t\t\t\t<\/div>\n\t\t\t\t<\/div>\n\t\t\t\t<div class=\"elementor-element elementor-element-c6016c7 elementor-widget elementor-widget-heading\" data-id=\"c6016c7\" data-element_type=\"widget\" data-widget_type=\"heading.default\">\n\t\t\t\t<div class=\"elementor-widget-container\">\n\t\t\t<h2 class=\"elementor-heading-title elementor-size-default\"><span style=\"font-weight:normal;\"><span style=\"font-size: 26pt; font-family: Arial, sans-serif; color: rgb(0, 0, 0); background-color: transparent; font-variant-numeric: normal; font-variant-east-asian: normal; font-variant-alternates: normal; font-variant-position: normal; font-variant-emoji: normal; vertical-align: baseline;\">VOC\u00ca CONHECE A \u201ceconomia preta\u201d? <\/span><\/span><\/h2>\t\t<\/div>\n\t\t\t\t<\/div>\n\t\t\t\t<div class=\"elementor-element elementor-element-9c48f1b elementor-widget elementor-widget-text-editor\" data-id=\"9c48f1b\" data-element_type=\"widget\" data-widget_type=\"text-editor.default\">\n\t\t\t\t<div class=\"elementor-widget-container\">\n\t\t\t\t\t\t\t\t<div class=\"elementor-text-editor elementor-clearfix\">\n\t\t\t\t<p dir=\"ltr\" style=\"line-height: 1.38; margin-top: 12pt; margin-bottom: 12pt;\"><span style=\"font-size: 21pt; font-family: Arial,sans-serif; color: #666666; background-color: transparent; font-weight: 400; font-style: normal; font-variant: normal; text-decoration: none; vertical-align: baseline; white-space: pre-wrap;\">O poder do protagonismo negro no desenvolvimento do Brasil\n<\/span><\/p>\n<p dir=\"ltr\" style=\"line-height: 1.38; margin-top: 0pt; margin-bottom: 16pt;\"><span style=\"font-size: 13pt; font-family: Arial,sans-serif; color: #666666; background-color: transparent; font-weight: 400; font-style: italic; font-variant: normal; text-decoration: none; vertical-align: baseline; white-space: pre-wrap;\">Ana Clara Xavier | MT Criativo<\/span><\/p>\t\t\t\t\t<\/div>\n\t\t\t\t\t\t<\/div>\n\t\t\t\t<\/div>\n\t\t\t\t<div class=\"elementor-element elementor-element-8e3fa28 elementor-widget elementor-widget-text-editor\" data-id=\"8e3fa28\" data-element_type=\"widget\" data-widget_type=\"text-editor.default\">\n\t\t\t\t<div class=\"elementor-widget-container\">\n\t\t\t\t\t\t\t\t<div class=\"elementor-text-editor elementor-clearfix\">\n\t\t\t\t\t\t\t\t\t<\/div>\n\t\t\t\t\t\t<\/div>\n\t\t\t\t<\/div>\n\t\t\t\t<div class=\"elementor-element elementor-element-76219f3 elementor-widget elementor-widget-image\" data-id=\"76219f3\" data-element_type=\"widget\" data-widget_type=\"image.default\">\n\t\t\t\t<div class=\"elementor-widget-container\">\n\t\t\t\t\t\t\t\t<div class=\"elementor-image\">\n\t\t\t\t\t\t\t\t\t<figure class=\"wp-caption\">\n\t\t\t\t\t\t\t\t\t\t<img loading=\"lazy\" decoding=\"async\" width=\"740\" height=\"508\" src=\"https:\/\/www.mtcriativo.mt.gov.br\/wp-content\/uploads\/2025\/11\/pessoas-de-negocios-que-colaboram-no-escritorio-e-trabalham-juntos-num-projecto_709984-8661.png\" class=\"attachment-2048x2048 size-2048x2048\" alt=\"\" srcset=\"https:\/\/www.mtcriativo.mt.gov.br\/wp-content\/uploads\/2025\/11\/pessoas-de-negocios-que-colaboram-no-escritorio-e-trabalham-juntos-num-projecto_709984-8661.png 740w, https:\/\/www.mtcriativo.mt.gov.br\/wp-content\/uploads\/2025\/11\/pessoas-de-negocios-que-colaboram-no-escritorio-e-trabalham-juntos-num-projecto_709984-8661-300x206.png 300w\" sizes=\"auto, (max-width: 740px) 100vw, 740px\" \/>\t\t\t\t\t\t\t\t\t\t\t<figcaption class=\"widget-image-caption wp-caption-text\"><\/figcaption>\n\t\t\t\t\t\t\t\t\t\t<\/figure>\n\t\t\t\t\t\t\t\t<\/div>\n\t\t\t\t\t\t<\/div>\n\t\t\t\t<\/div>\n\t\t\t\t<div class=\"elementor-element elementor-element-40305f1 elementor-widget elementor-widget-text-editor\" data-id=\"40305f1\" data-element_type=\"widget\" data-widget_type=\"text-editor.default\">\n\t\t\t\t<div class=\"elementor-widget-container\">\n\t\t\t\t\t\t\t\t<div class=\"elementor-text-editor elementor-clearfix\">\n\t\t\t\t<h4><b>O que \u00e9 a economia preta<\/b><\/h4><p><span style=\"font-weight: 400;\">A economia preta representa o conjunto de atividades econ\u00f4micas desenvolvidas por pessoas negras, seja como empreendedores, trabalhadores ou consumidores. Mais do que um conceito econ\u00f4mico, ela \u00e9 um movimento social que busca gerar renda, riqueza e autonomia para a popula\u00e7\u00e3o negra, que representa 56,7% dos brasileiros, segundo o<\/span><a href=\"https:\/\/www.gov.br\/igualdaderacial\/pt-br\/composicao\/secretaria-de-gestao-do-sistema-nacional-de-promocao-da-igualdade-racial\/diretoria-de-avaliacao-monitoramento-e-gestao-da-informacao\/informativos\/Informe-edicao-censo-demogrfico2022.pdf\"><span style=\"font-weight: 400;\"> IBGE (2022)<\/span><\/a><span style=\"font-weight: 400;\">.<\/span><\/p><p><span style=\"font-weight: 400;\">Essa economia surge como uma resposta hist\u00f3rica \u00e0s desigualdades herdadas do per\u00edodo escravocrata, em que o acesso ao capital e \u00e0s oportunidades sempre foi concentrado. Fortalecer a economia preta \u00e9, portanto, um ato de repara\u00e7\u00e3o social e de constru\u00e7\u00e3o de equidade econ\u00f4mica no pa\u00eds.<\/span><\/p><h4><b>Dados sobre a economia preta<\/b><\/h4><p><span style=\"font-weight: 400;\">De acordo com a pesquisa <\/span><a href=\"https:\/\/almapreta.com.br\/sessao\/cotidiano\/quase-60-dos-empreendedores-negros-encontram-dificuldades-para-tornar-negocio-rentavel\/\"><span style=\"font-weight: 400;\">\u201cAfroempreendedorismo Brasil\u201d (2024)<\/span><\/a><span style=\"font-weight: 400;\">, realizada pela RD Station, Inventivos e o <\/span><a href=\"https:\/\/movimentoblackmoney.com.br\/\"><span style=\"font-weight: 400;\">Movimento Black Money<\/span><\/a><span style=\"font-weight: 400;\">, cerca de 40% dos adultos negros no pa\u00eds atuam como empreendedores. Esse n\u00famero revela uma busca crescente por independ\u00eancia financeira e protagonismo econ\u00f4mico.<\/span><\/p><p><span style=\"font-weight: 400;\">Entretanto, o mesmo estudo mostra que 59,2% dos afroempreendedores enfrentam dificuldades para tornar seus neg\u00f3cios rent\u00e1veis, principalmente pela falta de acesso a cr\u00e9dito e capacita\u00e7\u00e3o. O <\/span><a href=\"https:\/\/www.gov.br\/trabalho-e-emprego\/pt-br\/noticias-e-conteudo\/2024\/Novembro\/desigualdade-racial-persiste-no-mercado-de-trabalho-brasileiro\"><span style=\"font-weight: 400;\">Relat\u00f3rio de Transpar\u00eancia Salarial (RAIS, 2023)<\/span><\/a><span style=\"font-weight: 400;\"> tamb\u00e9m aponta que as mulheres negras recebem, em m\u00e9dia, 50,2% do sal\u00e1rio dos homens brancos que ocupam a mesma fun\u00e7\u00e3o. Apenas 10% das posi\u00e7\u00f5es em grandes empresas s\u00e3o ocupadas por mulheres pretas ou pardas.<\/span><\/p><p><span style=\"font-weight: 400;\">Mesmo assim, os avan\u00e7os s\u00e3o not\u00e1veis. Entre 2019 e 2024, o n\u00edvel de escolaridade da popula\u00e7\u00e3o negra cresceu significativamente, com destaque para as mulheres, segundo o Minist\u00e9rio do Trabalho (2024). Esse aumento reflete uma mudan\u00e7a estrutural que fortalece o empreendedorismo e o acesso a melhores oportunidades.<\/span><\/p><h3>\u00a0<\/h3><h4><b>A for\u00e7a da economia preta no Centro-Oeste<\/b><\/h4><p><span style=\"font-weight: 400;\">Em Mato Grosso, o impacto da economia preta \u00e9 ainda mais expressivo. Segundo o <\/span><a href=\"https:\/\/agenciasebrae.com.br\/dados\/empreendedorismo-negro-cresceu-22-nos-ultimos-10-anos-aponta-pesquisa-do-sebrae\/#:~:text=O%20enfoque%20em%20empreendedorismo%20negro,10%2C2%25%20s%C3%A3o%20empregadores\"><span style=\"font-weight: 400;\">Sebrae\/MT (2024)<\/span><\/a><span style=\"font-weight: 400;\">, 61% dos pequenos neg\u00f3cios do estado s\u00e3o liderados por pessoas afrodescendentes. Mais da metade desses empreendimentos t\u00eam mais de seis anos de atua\u00e7\u00e3o, mostrando maturidade e estabilidade no mercado.<\/span><\/p><p><span style=\"font-weight: 400;\">Al\u00e9m disso, 81% dos empreendedores negros mato-grossenses possuem ensino m\u00e9dio ou superior completo, e 40% j\u00e1 adotam pr\u00e1ticas sustent\u00e1veis, como o uso racional de recursos e a coleta seletiva. Os setores mais fortes s\u00e3o com\u00e9rcio e servi\u00e7os, com destaque para vendas, constru\u00e7\u00e3o civil e o setor automotivo.<\/span><\/p><p><span style=\"font-weight: 400;\">A formaliza\u00e7\u00e3o tamb\u00e9m \u00e9 um ponto forte: 91% dos neg\u00f3cios de pessoas negras no estado possuem CNPJ, o que amplia o acesso a cr\u00e9dito e programas de fomento. Esse dado mostra que a economia preta em Mato Grosso n\u00e3o \u00e9 apenas resistente, mas est\u00e1 consolidada e pronta para crescer.<\/span><span style=\"font-weight: 400;\"><br \/><\/span><a href=\"https:\/\/www.cartacapital.com.br\/do-micro-ao-macro\/empreendedores-negros-no-brasil-ainda-enfrentam-obstaculos-como-acesso-a-credito-e-formalizacao\/#:~:text=H%C3%A1%2031%20anos%2C%20a%20maior%20refer%C3%AAncia%20progressista%20em%20jornalismo%20no%20Brasil.\"><span style=\"font-weight: 400;\">(Fonte: MT Neg\u00f3cio, 2024.)<\/span><\/a><\/p><h3>\u00a0<\/h3><h4><b>Dicas para quem quer investir na economia preta<\/b><\/h4><p><span style=\"font-weight: 400;\">Investir na economia preta \u00e9 apostar em diversidade, inova\u00e7\u00e3o e sustentabilidade social. Apoiar empreendedores negros ajuda a gerar empregos, reduzir desigualdades e valorizar a cultura negra como um ativo econ\u00f4mico do Brasil. Confira algumas formas de contribuir:<\/span><\/p><ul><li style=\"font-weight: 400;\" aria-level=\"1\"><b>Consuma de empreendedores negros<\/b><b><br \/><\/b><span style=\"font-weight: 400;\">D\u00ea prioridade a produtos e servi\u00e7os de pessoas negras. Essa escolha fortalece a circula\u00e7\u00e3o de renda dentro da comunidade e estimula o crescimento de pequenos neg\u00f3cios.<\/span><span style=\"font-weight: 400;\"><br \/><br \/><\/span><\/li><li style=\"font-weight: 400;\" aria-level=\"1\"><b>Apoie e divulgue iniciativas pretas<\/b><b><br \/><\/b><span style=\"font-weight: 400;\">Use suas redes sociais e contatos profissionais para dar visibilidade a projetos, feiras e marcas lideradas por pessoas negras. A divulga\u00e7\u00e3o \u00e9 uma ferramenta poderosa de fortalecimento coletivo.<\/span><span style=\"font-weight: 400;\"><br \/><br \/><\/span><\/li><li style=\"font-weight: 400;\" aria-level=\"1\"><b>Invista em capacita\u00e7\u00e3o e forma\u00e7\u00e3o<\/b><b><br \/><\/b><span style=\"font-weight: 400;\">Participe de programas de mentoria, cursos e projetos que promovam o desenvolvimento de compet\u00eancias para empreendedores negros. Segundo o Sebrae (2023), a qualifica\u00e7\u00e3o \u00e9 um dos principais caminhos para o crescimento sustent\u00e1vel desses neg\u00f3cios.<\/span><span style=\"font-weight: 400;\"><br \/><br \/><\/span><\/li><li style=\"font-weight: 400;\" aria-level=\"1\"><b>Pratique o consumo consciente e respons\u00e1vel<\/b><b><br \/><\/b><span style=\"font-weight: 400;\">Escolher de quem comprar tamb\u00e9m \u00e9 um ato pol\u00edtico. Priorize empresas com prop\u00f3sito social e que promovam equidade racial em suas pr\u00e1ticas de gest\u00e3o e contrata\u00e7\u00e3o.<\/span><span style=\"font-weight: 400;\"><br \/><br \/><\/span><\/li><li style=\"font-weight: 400;\" aria-level=\"1\"><b>Engaje-se em movimentos e redes de afroempreendedorismo<\/b><b><br \/><\/b><span style=\"font-weight: 400;\">Participe de iniciativas como o Movimento Black Money, criado por Nina Silva, que incentiva a circula\u00e7\u00e3o de dinheiro entre empreendedores e consumidores negros. Essa rede impulsiona autonomia e protagonismo dentro da economia.<\/span><\/li><\/ul><h3>\u00a0<\/h3><p><span style=\"font-weight: 400;\">A economia preta \u00e9 sin\u00f4nimo de resist\u00eancia, criatividade e pot\u00eancia. Mais do que uma tend\u00eancia, ela representa um movimento de reconstru\u00e7\u00e3o social e econ\u00f4mica que busca garantir oportunidades justas e autonomia para quem sempre esteve \u00e0 margem do sistema.<\/span><\/p><p><span style=\"font-weight: 400;\">Valorizar, consumir e apoiar neg\u00f3cios negros \u00e9 um ato pol\u00edtico, social e econ\u00f4mico. \u00c9 reconhecer que o futuro do Brasil tamb\u00e9m \u00e9 preto, criativo e empreendedor.<\/span><\/p><h3>\u00a0<\/h3><p><b>PRODU\u00c7\u00c3O ARTIGOS<\/b><\/p><p><span style=\"font-weight: 400;\">Produ\u00e7\u00e3o, pesquisa, edi\u00e7\u00e3o, site e divulga\u00e7\u00e3o.<\/span><\/p><ul><li style=\"font-weight: 400;\" aria-level=\"1\"><span style=\"font-weight: 400;\">LEONARA SANTANA<\/span><\/li><li style=\"font-weight: 400;\" aria-level=\"1\"><span style=\"font-weight: 400;\">ANA CLARA XAVIER<\/span><\/li><li style=\"font-weight: 400;\" aria-level=\"1\"><span style=\"font-weight: 400;\">SOPHIA CAMPOS<\/span><\/li><\/ul><p><b>SUPERVIS\u00c3O<\/b><\/p><ul><li style=\"font-weight: 400;\" aria-level=\"1\"><span style=\"font-weight: 400;\">KEIKO OKAMURA<\/span><\/li><\/ul><p><span style=\"font-weight: 400;\">Conhe\u00e7a nosso trabalho:<\/span><\/p><p><a href=\"https:\/\/www.instagram.com\/mt_criativo\/\"><span style=\"font-weight: 400;\">https:\/\/www.instagram.com\/mt_criativo\/<\/span><\/a><\/p><p><a href=\"https:\/\/www.facebook.com\/matogrossocriativo\/\"><span style=\"font-weight: 400;\">https:\/\/www.facebook.com\/matogrossocriativo\/<\/span><\/a><\/p>\t\t\t\t\t<\/div>\n\t\t\t\t\t\t<\/div>\n\t\t\t\t<\/div>\n\t\t\t\t<div class=\"elementor-element elementor-element-9eaf27a elementor-widget elementor-widget-text-editor\" data-id=\"9eaf27a\" data-element_type=\"widget\" data-widget_type=\"text-editor.default\">\n\t\t\t\t<div class=\"elementor-widget-container\">\n\t\t\t\t\t\t\t\t<div class=\"elementor-text-editor elementor-clearfix\">\n\t\t\t\t\t\t\t\t\t<\/div>\n\t\t\t\t\t\t<\/div>\n\t\t\t\t<\/div>\n\t\t\t\t<div class=\"elementor-element elementor-element-30a0be8 elementor-widget elementor-widget-text-editor\" data-id=\"30a0be8\" data-element_type=\"widget\" data-widget_type=\"text-editor.default\">\n\t\t\t\t<div class=\"elementor-widget-container\">\n\t\t\t\t\t\t\t\t<div class=\"elementor-text-editor elementor-clearfix\">\n\t\t\t\t\t\t\t\t\t<\/div>\n\t\t\t\t\t\t<\/div>\n\t\t\t\t<\/div>\n\t\t\t\t<div class=\"elementor-element elementor-element-c65ff84 elementor-widget elementor-widget-text-editor\" data-id=\"c65ff84\" data-element_type=\"widget\" data-widget_type=\"text-editor.default\">\n\t\t\t\t<div class=\"elementor-widget-container\">\n\t\t\t\t\t\t\t\t<div class=\"elementor-text-editor elementor-clearfix\">\n\t\t\t\t\t\t\t\t\t<\/div>\n\t\t\t\t\t\t<\/div>\n\t\t\t\t<\/div>\n\t\t\t\t<div class=\"elementor-element elementor-element-9968c09 elementor-widget elementor-widget-text-editor\" data-id=\"9968c09\" data-element_type=\"widget\" data-widget_type=\"text-editor.default\">\n\t\t\t\t<div class=\"elementor-widget-container\">\n\t\t\t\t\t\t\t\t<div class=\"elementor-text-editor elementor-clearfix\">\n\t\t\t\t\t\t\t\t\t<\/div>\n\t\t\t\t\t\t<\/div>\n\t\t\t\t<\/div>\n\t\t\t\t<div class=\"elementor-element elementor-element-702fde8 elementor-widget elementor-widget-text-editor\" data-id=\"702fde8\" data-element_type=\"widget\" data-widget_type=\"text-editor.default\">\n\t\t\t\t<div class=\"elementor-widget-container\">\n\t\t\t\t\t\t\t\t<div class=\"elementor-text-editor elementor-clearfix\">\n\t\t\t\t\t\t\t\t\t<\/div>\n\t\t\t\t\t\t<\/div>\n\t\t\t\t<\/div>\n\t\t\t\t<div class=\"elementor-element elementor-element-032759f elementor-widget elementor-widget-text-editor\" data-id=\"032759f\" data-element_type=\"widget\" data-widget_type=\"text-editor.default\">\n\t\t\t\t<div class=\"elementor-widget-container\">\n\t\t\t\t\t\t\t\t<div class=\"elementor-text-editor elementor-clearfix\">\n\t\t\t\t\t\t\t\t\t<\/div>\n\t\t\t\t\t\t<\/div>\n\t\t\t\t<\/div>\n\t\t\t\t\t\t<\/div>\n\t\t\t\t\t<\/div>\n\t\t<\/div>\n\t\t\t\t\t\t\t\t<\/div>\n\t\t\t\t\t<\/div>\n\t\t<\/section>\n\t\t\t\t<section class=\"elementor-section elementor-top-section elementor-element elementor-element-ad5cd26 elementor-section-boxed elementor-section-height-default elementor-section-height-default\" data-id=\"ad5cd26\" data-element_type=\"section\">\n\t\t\t\t\t\t<div class=\"elementor-container elementor-column-gap-default\">\n\t\t\t\t\t\t\t<div class=\"elementor-row\">\n\t\t\t\t\t<div class=\"elementor-column elementor-col-100 elementor-top-column elementor-element elementor-element-69baaf3\" data-id=\"69baaf3\" data-element_type=\"column\">\n\t\t\t<div class=\"elementor-column-wrap\">\n\t\t\t\t\t\t\t<div class=\"elementor-widget-wrap\">\n\t\t\t\t\t\t\t\t<\/div>\n\t\t\t\t\t<\/div>\n\t\t<\/div>\n\t\t\t\t\t\t\t\t<\/div>\n\t\t\t\t\t<\/div>\n\t\t<\/section>\n\t\t\t\t\t\t<\/div>\n\t\t\t\t\t\t<\/div>\n\t\t\t\t\t<\/div>\n\t\t","protected":false},"excerpt":{"rendered":"<p>O poder do protagonismo negro no desenvolvimento do Brasil<\/p>\n","protected":false},"author":2,"featured_media":6041,"comment_status":"closed","ping_status":"open","sticky":false,"template":"","format":"standard","meta":{"neve_meta_sidebar":"","neve_meta_container":"","neve_meta_enable_content_width":"","neve_meta_content_width":0,"neve_meta_title_alignment":"","neve_meta_author_avatar":"","neve_post_elements_order":"","neve_meta_disable_header":"","neve_meta_disable_footer":"","neve_meta_disable_title":"","footnotes":""},"categories":[144],"tags":[48,87,44,45,46,52],"class_list":["post-6040","post","type-post","status-publish","format-standard","has-post-thumbnail","hentry","category-artigos","tag-criativodasemana","tag-matogrossocriativo","tag-mtcriativo","tag-noticias","tag-projetos","tag-secelmt"],"_links":{"self":[{"href":"https:\/\/www.mtcriativo.mt.gov.br\/index.php\/wp-json\/wp\/v2\/posts\/6040","targetHints":{"allow":["GET"]}}],"collection":[{"href":"https:\/\/www.mtcriativo.mt.gov.br\/index.php\/wp-json\/wp\/v2\/posts"}],"about":[{"href":"https:\/\/www.mtcriativo.mt.gov.br\/index.php\/wp-json\/wp\/v2\/types\/post"}],"author":[{"embeddable":true,"href":"https:\/\/www.mtcriativo.mt.gov.br\/index.php\/wp-json\/wp\/v2\/users\/2"}],"replies":[{"embeddable":true,"href":"https:\/\/www.mtcriativo.mt.gov.br\/index.php\/wp-json\/wp\/v2\/comments?post=6040"}],"version-history":[{"count":5,"href":"https:\/\/www.mtcriativo.mt.gov.br\/index.php\/wp-json\/wp\/v2\/posts\/6040\/revisions"}],"predecessor-version":[{"id":6046,"href":"https:\/\/www.mtcriativo.mt.gov.br\/index.php\/wp-json\/wp\/v2\/posts\/6040\/revisions\/6046"}],"wp:featuredmedia":[{"embeddable":true,"href":"https:\/\/www.mtcriativo.mt.gov.br\/index.php\/wp-json\/wp\/v2\/media\/6041"}],"wp:attachment":[{"href":"https:\/\/www.mtcriativo.mt.gov.br\/index.php\/wp-json\/wp\/v2\/media?parent=6040"}],"wp:term":[{"taxonomy":"category","embeddable":true,"href":"https:\/\/www.mtcriativo.mt.gov.br\/index.php\/wp-json\/wp\/v2\/categories?post=6040"},{"taxonomy":"post_tag","embeddable":true,"href":"https:\/\/www.mtcriativo.mt.gov.br\/index.php\/wp-json\/wp\/v2\/tags?post=6040"}],"curies":[{"name":"wp","href":"https:\/\/api.w.org\/{rel}","templated":true}]}}