{"id":6784,"date":"2026-04-28T08:00:00","date_gmt":"2026-04-28T12:00:00","guid":{"rendered":"https:\/\/www.mtcriativo.mt.gov.br\/?p=6784"},"modified":"2026-04-30T09:59:31","modified_gmt":"2026-04-30T13:59:31","slug":"doe-mt-a-tecnologia-que-esta-profissionalizando-a-sustentabilidade-da-cultura-em-mato-grosso-2","status":"publish","type":"post","link":"https:\/\/www.mtcriativo.mt.gov.br\/index.php\/2026\/04\/28\/doe-mt-a-tecnologia-que-esta-profissionalizando-a-sustentabilidade-da-cultura-em-mato-grosso-2\/","title":{"rendered":"Doe MT: A tecnologia que est\u00e1 profissionalizando a sustentabilidade da cultura em Mato Grosso"},"content":{"rendered":"\t\t<div data-elementor-type=\"wp-post\" data-elementor-id=\"6784\" class=\"elementor elementor-6784\" data-elementor-settings=\"[]\">\n\t\t\t\t\t\t<div class=\"elementor-inner\">\n\t\t\t\t\t\t\t<div class=\"elementor-section-wrap\">\n\t\t\t\t\t\t\t<section class=\"elementor-section elementor-top-section elementor-element elementor-element-5ea7dbe elementor-section-boxed elementor-section-height-default elementor-section-height-default\" data-id=\"5ea7dbe\" data-element_type=\"section\">\n\t\t\t\t\t\t<div class=\"elementor-container elementor-column-gap-default\">\n\t\t\t\t\t\t\t<div class=\"elementor-row\">\n\t\t\t\t\t<div class=\"elementor-column elementor-col-100 elementor-top-column elementor-element elementor-element-172cf56\" data-id=\"172cf56\" data-element_type=\"column\">\n\t\t\t<div class=\"elementor-column-wrap elementor-element-populated\">\n\t\t\t\t\t\t\t<div class=\"elementor-widget-wrap\">\n\t\t\t\t\t\t<div class=\"elementor-element elementor-element-d7395b3 elementor-widget elementor-widget-text-editor\" data-id=\"d7395b3\" data-element_type=\"widget\" data-widget_type=\"text-editor.default\">\n\t\t\t\t<div class=\"elementor-widget-container\">\n\t\t\t\t\t\t\t\t<div class=\"elementor-text-editor elementor-clearfix\">\n\t\t\t\t<p style=\"text-align: left;\">\u00a0<\/p>\n<p dir=\"ltr\" style=\"line-height: 1.2; margin-top: 0pt; margin-bottom: 0pt;\">\u00a0<\/p>\n<p>\u00a0<\/p>\n<p dir=\"ltr\" style=\"line-height: 1.2; margin-top: 0pt; margin-bottom: 0pt;\"><span style=\"font-size: 26pt; font-family: Arial, sans-serif; color: #000000; background-color: transparent; font-variant-numeric: normal; font-variant-east-asian: normal; font-variant-alternates: normal; font-variant-position: normal; font-variant-emoji: normal; vertical-align: baseline; white-space-collapse: preserve;\">Doe MT: A tecnologia que est\u00e1 profissionalizando a sustentabilidade da cultura em Mato Grosso<\/span><\/p>\n<p dir=\"ltr\" style=\"line-height: 1.38; margin-top: 0pt; margin-bottom: 16pt;\"><span style=\"font-size: 15pt; font-family: Arial, sans-serif; color: #444746; background-color: transparent; font-variant-numeric: normal; font-variant-east-asian: normal; font-variant-alternates: normal; font-variant-position: normal; font-variant-emoji: normal; vertical-align: baseline; white-space-collapse: preserve;\">\u00a0<\/span><\/p>\n<p dir=\"ltr\" style=\"line-height: 1.38; margin-top: 0pt; margin-bottom: 16pt;\"><span style=\"font-size: 15pt; font-family: Arial, sans-serif; color: #444746; background-color: transparent; font-variant-numeric: normal; font-variant-east-asian: normal; font-variant-alternates: normal; font-variant-position: normal; font-variant-emoji: normal; vertical-align: baseline; white-space-collapse: preserve;\">Plataforma viabilizada pelo fomento do MT Criativo (Secel-MT) atua como um hub estrat\u00e9gico para a capta\u00e7\u00e3o de recursos, garantindo autonomia e transpar\u00eancia para os realizadores do estado.<\/span><\/p>\n<p dir=\"ltr\" style=\"line-height: 1.2; background-color: #ffffff; margin-top: 0pt; margin-bottom: 0pt;\"><span style=\"background-color: transparent; color: #444746; font-family: Arial, sans-serif; font-size: 15pt; font-weight: bold; white-space-collapse: preserve;\">Vitrine MT Criativo<\/span><\/p>\n<p dir=\"ltr\" style=\"line-height: 1.2; background-color: #ffffff; margin-top: 0pt; margin-bottom: 0pt; text-align: left;\">\u00a0<\/p>\n<p dir=\"ltr\" style=\"line-height: 1.2; background-color: #ffffff; margin-top: 0pt; margin-bottom: 0pt; text-align: left;\"><span style=\"font-size: 17.3333px; font-style: italic; background-color: transparent; color: #666666; font-family: Arial, sans-serif; white-space-collapse: preserve;\">\u00a0<\/span><\/p>\n<p dir=\"ltr\" style=\"line-height: 1.2; background-color: #ffffff; margin-top: 0pt; margin-bottom: 0pt; text-align: left;\"><span style=\"font-size: 17.3333px; font-style: italic; background-color: transparent; color: #666666; font-family: Arial, sans-serif; white-space-collapse: preserve;\">Leonara Santana | MT Criativo<\/span><\/p>\t\t\t\t\t<\/div>\n\t\t\t\t\t\t<\/div>\n\t\t\t\t<\/div>\n\t\t\t\t\t\t<\/div>\n\t\t\t\t\t<\/div>\n\t\t<\/div>\n\t\t\t\t\t\t\t\t<\/div>\n\t\t\t\t\t<\/div>\n\t\t<\/section>\n\t\t\t\t<section class=\"elementor-section elementor-top-section elementor-element elementor-element-20c901d elementor-section-boxed elementor-section-height-default elementor-section-height-default\" data-id=\"20c901d\" data-element_type=\"section\">\n\t\t\t\t\t\t<div class=\"elementor-container elementor-column-gap-default\">\n\t\t\t\t\t\t\t<div class=\"elementor-row\">\n\t\t\t\t\t<div class=\"elementor-column elementor-col-100 elementor-top-column elementor-element elementor-element-f663f2d\" data-id=\"f663f2d\" data-element_type=\"column\">\n\t\t\t<div class=\"elementor-column-wrap elementor-element-populated\">\n\t\t\t\t\t\t\t<div class=\"elementor-widget-wrap\">\n\t\t\t\t\t\t<div class=\"elementor-element elementor-element-d8182c1 elementor-widget elementor-widget-image\" data-id=\"d8182c1\" data-element_type=\"widget\" data-widget_type=\"image.default\">\n\t\t\t\t<div class=\"elementor-widget-container\">\n\t\t\t\t\t\t\t\t<div class=\"elementor-image\">\n\t\t\t\t\t\t\t\t\t<figure class=\"wp-caption\">\n\t\t\t\t\t\t\t\t\t\t<img loading=\"lazy\" decoding=\"async\" width=\"768\" height=\"358\" src=\"https:\/\/www.mtcriativo.mt.gov.br\/wp-content\/uploads\/2026\/04\/WhatsApp-Image-2026-04-16-at-11.35.01-e1776871698823-768x358.jpeg\" class=\"attachment-medium_large size-medium_large\" alt=\"\" srcset=\"https:\/\/www.mtcriativo.mt.gov.br\/wp-content\/uploads\/2026\/04\/WhatsApp-Image-2026-04-16-at-11.35.01-e1776871698823-768x358.jpeg 768w, https:\/\/www.mtcriativo.mt.gov.br\/wp-content\/uploads\/2026\/04\/WhatsApp-Image-2026-04-16-at-11.35.01-e1776871698823-300x140.jpeg 300w, https:\/\/www.mtcriativo.mt.gov.br\/wp-content\/uploads\/2026\/04\/WhatsApp-Image-2026-04-16-at-11.35.01-e1776871698823-1024x478.jpeg 1024w, https:\/\/www.mtcriativo.mt.gov.br\/wp-content\/uploads\/2026\/04\/WhatsApp-Image-2026-04-16-at-11.35.01-e1776871698823.jpeg 1127w\" sizes=\"auto, (max-width: 768px) 100vw, 768px\" \/>\t\t\t\t\t\t\t\t\t\t\t<figcaption class=\"widget-image-caption wp-caption-text\">Card de divulga\u00e7\u00e3o - Doe MT<\/figcaption>\n\t\t\t\t\t\t\t\t\t\t<\/figure>\n\t\t\t\t\t\t\t\t<\/div>\n\t\t\t\t\t\t<\/div>\n\t\t\t\t<\/div>\n\t\t\t\t\t\t<\/div>\n\t\t\t\t\t<\/div>\n\t\t<\/div>\n\t\t\t\t\t\t\t\t<\/div>\n\t\t\t\t\t<\/div>\n\t\t<\/section>\n\t\t\t\t<section class=\"elementor-section elementor-top-section elementor-element elementor-element-b59d170 elementor-section-boxed elementor-section-height-default elementor-section-height-default\" data-id=\"b59d170\" data-element_type=\"section\">\n\t\t\t\t\t\t<div class=\"elementor-container elementor-column-gap-default\">\n\t\t\t\t\t\t\t<div class=\"elementor-row\">\n\t\t\t\t\t<div class=\"elementor-column elementor-col-100 elementor-top-column elementor-element elementor-element-d0ab836\" data-id=\"d0ab836\" data-element_type=\"column\">\n\t\t\t<div class=\"elementor-column-wrap elementor-element-populated\">\n\t\t\t\t\t\t\t<div class=\"elementor-widget-wrap\">\n\t\t\t\t\t\t<div class=\"elementor-element elementor-element-2fa99e9 elementor-widget elementor-widget-text-editor\" data-id=\"2fa99e9\" data-element_type=\"widget\" data-widget_type=\"text-editor.default\">\n\t\t\t\t<div class=\"elementor-widget-container\">\n\t\t\t\t\t\t\t\t<div class=\"elementor-text-editor elementor-clearfix\">\n\t\t\t\t<p dir=\"ltr\" style=\"line-height: 1.38; margin-top: 12pt; margin-bottom: 12pt;\"><span style=\"font-size: 11pt; font-family: Arial,sans-serif; color: #000000; background-color: transparent; font-weight: 400; font-style: normal; font-variant: normal; text-decoration: none; vertical-align: baseline; white-space: pre-wrap;\">A sustentabilidade financeira \u00e9, historicamente, o maior gargalo para a continuidade de projetos culturais e sociais que atuam na ponta. Em Mato Grosso, a resposta para esse desafio estrutural ganha for\u00e7a com o <\/span><span style=\"font-size: 11pt; font-family: Arial,sans-serif; color: #000000; background-color: transparent; font-weight: bold; font-style: normal; font-variant: normal; text-decoration: none; vertical-align: baseline; white-space: pre-wrap;\">Doe MT<\/span><span style=\"font-size: 11pt; font-family: Arial,sans-serif; color: #000000; background-color: transparent; font-weight: 400; font-style: normal; font-variant: normal; text-decoration: none; vertical-align: baseline; white-space: pre-wrap;\">, uma plataforma desenhada para conectar a vontade de quem quer apoiar ao impacto de quem sabe realizar. Selecionada pelo <\/span><span style=\"font-size: 11pt; font-family: Arial,sans-serif; color: #000000; background-color: transparent; font-weight: bold; font-style: normal; font-variant: normal; text-decoration: none; vertical-align: baseline; white-space: pre-wrap;\">Edital MT Criativo<\/span><span style=\"font-size: 11pt; font-family: Arial,sans-serif; color: #000000; background-color: transparent; font-weight: 400; font-style: normal; font-variant: normal; text-decoration: none; vertical-align: baseline; white-space: pre-wrap;\">, da Secretaria de Estado de Cultura, Esporte e Lazer (Secel-MT), a ferramenta funciona como um ecossistema de transpar\u00eancia, permitindo que a economia viva do estado crie novas matrizes de financiamento para al\u00e9m dos repasses p\u00fablicos.<\/span><\/p>\n<p dir=\"ltr\" style=\"line-height: 1.38; margin-top: 12pt; margin-bottom: 12pt;\"><span style=\"font-size: 11pt; font-family: Arial,sans-serif; color: #000000; background-color: transparent; font-weight: 400; font-style: normal; font-variant: normal; text-decoration: none; vertical-align: baseline; white-space: pre-wrap;\">O Doe MT n\u00e3o opera apenas como um site de arrecada\u00e7\u00e3o, mas como uma engrenagem de gest\u00e3o e governan\u00e7a. Ao oferecer um ambiente audit\u00e1vel, a plataforma permite que institui\u00e7\u00f5es culturais profissionalizem sua rela\u00e7\u00e3o com o mercado e com a sociedade civil, construindo uma rede de apoio permanente e resiliente.<\/span><\/p>\n<h3 dir=\"ltr\" style=\"line-height: 1.38; margin-top: 14pt; margin-bottom: 4pt;\"><span style=\"font-size: 13pt; font-family: Arial,sans-serif; color: #000000; background-color: transparent; font-weight: bold; font-style: normal; font-variant: normal; text-decoration: none; vertical-align: baseline; white-space: pre-wrap;\">Autonomia e Protagonismo Territorial<\/span><\/h3>\n<p dir=\"ltr\" style=\"line-height: 1.38; margin-top: 12pt; margin-bottom: 12pt;\"><span style=\"font-size: 11pt; font-family: Arial,sans-serif; color: #000000; background-color: transparent; font-weight: 400; font-style: normal; font-variant: normal; text-decoration: none; vertical-align: baseline; white-space: pre-wrap;\">Para o realizador cultural, a maior vantagem do Doe MT \u00e9 a autonomia. Em vez de depender exclusivamente de editais sazonais, as institui\u00e7\u00f5es ganham uma vitrine profissional para apresentar seus portf\u00f3lios, contar suas hist\u00f3rias e captar recursos de forma direta. A plataforma encurta a dist\u00e2ncia entre o projeto e o doador \u2014 seja ele uma empresa buscando responsabilidade social ou um cidad\u00e3o querendo investir na cultura do seu bairro.<\/span><\/p>\n<p dir=\"ltr\" style=\"line-height: 1.38; margin-top: 12pt; margin-bottom: 12pt;\"><span style=\"font-size: 11pt; font-family: Arial,sans-serif; color: #000000; background-color: transparent; font-weight: 400; font-style: normal; font-variant: normal; text-decoration: none; vertical-align: baseline; white-space: pre-wrap;\">Essa conex\u00e3o direta fortalece o protagonismo de quem est\u00e1 no territ\u00f3rio. No Doe MT, o realizador \u00e9 o gestor da sua pr\u00f3pria pauta, utilizando a tecnologia para organizar suas metas financeiras e garantir a manuten\u00e7\u00e3o de sedes, a compra de materiais e o pagamento de equipes. \u00c9 a inova\u00e7\u00e3o digital trabalhando para que o setor cultural tenha ferramentas de mercado, capazes de gerar independ\u00eancia e longevidade para as a\u00e7\u00f5es.<\/span><\/p>\n<h3 dir=\"ltr\" style=\"line-height: 1.38; margin-top: 14pt; margin-bottom: 4pt;\"><span style=\"font-size: 13pt; font-family: Arial,sans-serif; color: #000000; background-color: transparent; font-weight: bold; font-style: normal; font-variant: normal; text-decoration: none; vertical-align: baseline; white-space: pre-wrap;\">Transpar\u00eancia como Moeda de Troca<\/span><\/h3>\n<p dir=\"ltr\" style=\"line-height: 1.38; margin-top: 12pt; margin-bottom: 12pt;\"><span style=\"font-size: 11pt; font-family: Arial,sans-serif; color: #000000; background-color: transparent; font-weight: 400; font-style: normal; font-variant: normal; text-decoration: none; vertical-align: baseline; white-space: pre-wrap;\">Um dos pilares que sustenta a plataforma \u00e9 a rastreabilidade. No Doe MT, o doador tem a seguran\u00e7a de que o investimento social ter\u00e1 o destino correto. Cada projeto cadastrado passa por uma curadoria e oferece mecanismos de presta\u00e7\u00e3o de contas simplificados, o que eleva o n\u00edvel de confian\u00e7a no terceiro setor cultural de Mato Grosso.<\/span><\/p>\n<p dir=\"ltr\" style=\"line-height: 1.38; margin-top: 12pt; margin-bottom: 12pt;\"><span style=\"font-size: 11pt; font-family: Arial,sans-serif; color: #000000; background-color: transparent; font-weight: 400; font-style: normal; font-variant: normal; text-decoration: none; vertical-align: baseline; white-space: pre-wrap;\">Essa transpar\u00eancia \u00e9 o que permite cultivar uma nova mentalidade de doa\u00e7\u00e3o no estado. O apoio \u00e0 cultura deixa de ser visto como algo pontual e passa a ser compreendido como um investimento estrat\u00e9gico no desenvolvimento social. Empresas podem identificar projetos alinhados aos seus valores e investir na economia local, garantindo que o recurso circule dentro de Mato Grosso e gere impactos imediatos na vida das comunidades.<\/span><\/p>\n<h3 dir=\"ltr\" style=\"line-height: 1.38; margin-top: 14pt; margin-bottom: 4pt;\"><span style=\"font-size: 13pt; font-family: Arial,sans-serif; color: #000000; background-color: transparent; font-weight: bold; font-style: normal; font-variant: normal; text-decoration: none; vertical-align: baseline; white-space: pre-wrap;\">O Papel do Fomento na Infraestrutura Digital<\/span><\/h3>\n<p dir=\"ltr\" style=\"line-height: 1.38; margin-top: 12pt; margin-bottom: 12pt;\"><span style=\"font-size: 11pt; font-family: Arial,sans-serif; color: #000000; background-color: transparent; font-weight: 400; font-style: normal; font-variant: normal; text-decoration: none; vertical-align: baseline; white-space: pre-wrap;\">A participa\u00e7\u00e3o do <\/span><span style=\"font-size: 11pt; font-family: Arial,sans-serif; color: #000000; background-color: transparent; font-weight: bold; font-style: normal; font-variant: normal; text-decoration: none; vertical-align: baseline; white-space: pre-wrap;\">Governo do Estado<\/span><span style=\"font-size: 11pt; font-family: Arial,sans-serif; color: #000000; background-color: transparent; font-weight: 400; font-style: normal; font-variant: normal; text-decoration: none; vertical-align: baseline; white-space: pre-wrap;\">, por meio do <\/span><span style=\"font-size: 11pt; font-family: Arial,sans-serif; color: #000000; background-color: transparent; font-weight: bold; font-style: normal; font-variant: normal; text-decoration: none; vertical-align: baseline; white-space: pre-wrap;\">MT Criativo<\/span><span style=\"font-size: 11pt; font-family: Arial,sans-serif; color: #000000; background-color: transparent; font-weight: 400; font-style: normal; font-variant: normal; text-decoration: none; vertical-align: baseline; white-space: pre-wrap;\">, foi garantir que essa infraestrutura digital existisse e estivesse dispon\u00edvel para os fazedores de cultura. Ao fomentar o desenvolvimento do Doe MT, o estado cumpre o papel de indutor da economia criativa, entregando uma ferramenta que profissionaliza o setor e prepara as institui\u00e7\u00f5es para o futuro.<\/span><\/p>\n<p dir=\"ltr\" style=\"line-height: 1.38; margin-top: 12pt; margin-bottom: 12pt;\"><span style=\"font-size: 11pt; font-family: Arial,sans-serif; color: #000000; background-color: transparent; font-weight: 400; font-style: normal; font-variant: normal; text-decoration: none; vertical-align: baseline; white-space: pre-wrap;\">O resultado \u00e9 uma rede de realizadores mais preparada, onde a tecnologia serve como ponte para a sustentabilidade e o foco permanece no que realmente importa: a transforma\u00e7\u00e3o social atrav\u00e9s da arte e da criatividade.<\/span><\/p>\n<p dir=\"ltr\" style=\"line-height: 1.38; margin-top: 0pt; margin-bottom: 12pt;\">\u00a0<\/p>\n<p>\u00a0<\/p>\n<p dir=\"ltr\" style=\"line-height: 1.38; margin-top: 0pt; margin-bottom: 12pt;\"><span style=\"font-size: 11pt; font-family: Arial,sans-serif; color: #000000; background-color: transparent; font-weight: bold; font-style: normal; font-variant: normal; text-decoration: none; vertical-align: baseline; white-space: pre-wrap;\">Informa\u00e7\u00f5es Importantes:<\/span><\/p>\n<p dir=\"ltr\" style=\"line-height: 1.38; margin-top: 12pt; margin-bottom: 12pt;\"><span style=\"font-size: 11pt; font-family: Arial,sans-serif; color: #000000; background-color: transparent; font-weight: bold; font-style: normal; font-variant: normal; text-decoration: none; vertical-align: baseline; white-space: pre-wrap;\">O que \u00e9:<\/span><span style=\"font-size: 11pt; font-family: Arial,sans-serif; color: #000000; background-color: transparent; font-weight: 400; font-style: normal; font-variant: normal; text-decoration: none; vertical-align: baseline; white-space: pre-wrap;\"> Portal oficial de doa\u00e7\u00f5es para institui\u00e7\u00f5es e projetos culturais de Mato Grosso.<\/span><\/p>\n<p dir=\"ltr\" style=\"line-height: 1.38; margin-top: 12pt; margin-bottom: 12pt;\"><span style=\"font-size: 11pt; font-family: Arial,sans-serif; color: #000000; background-color: transparent; font-weight: bold; font-style: normal; font-variant: normal; text-decoration: none; vertical-align: baseline; white-space: pre-wrap;\">Funcionalidade:<\/span><span style=\"font-size: 11pt; font-family: Arial,sans-serif; color: #000000; background-color: transparent; font-weight: 400; font-style: normal; font-variant: normal; text-decoration: none; vertical-align: baseline; white-space: pre-wrap;\"> Ferramenta de capta\u00e7\u00e3o direta com transpar\u00eancia e seguran\u00e7a.<\/span><\/p>\n<p dir=\"ltr\" style=\"line-height: 1.38; margin-top: 12pt; margin-bottom: 12pt;\"><span style=\"font-size: 11pt; font-family: Arial,sans-serif; color: #000000; background-color: transparent; font-weight: bold; font-style: normal; font-variant: normal; text-decoration: none; vertical-align: baseline; white-space: pre-wrap;\">Para Institui\u00e7\u00f5es:<\/span><span style=\"font-size: 11pt; font-family: Arial,sans-serif; color: #000000; background-color: transparent; font-weight: 400; font-style: normal; font-variant: normal; text-decoration: none; vertical-align: baseline; white-space: pre-wrap;\"> Espa\u00e7o para cria\u00e7\u00e3o de perfil institucional e campanhas de arrecada\u00e7\u00e3o.<\/span><\/p>\n<p dir=\"ltr\" style=\"line-height: 1.38; margin-top: 0pt; margin-bottom: 12pt;\">\u00a0<\/p>\n<p dir=\"ltr\" style=\"line-height: 1.38; margin-top: 12pt; margin-bottom: 12pt;\"><span style=\"font-size: 11pt; font-family: Arial,sans-serif; color: #000000; background-color: transparent; font-weight: bold; font-style: normal; font-variant: normal; text-decoration: none; vertical-align: baseline; white-space: pre-wrap;\">Acesse agora:<\/span><a style=\"text-decoration: none;\" href=\"https:\/\/doemt.com.br\"> <span style=\"font-size: 11pt; font-family: Arial,sans-serif; color: #1155cc; background-color: transparent; font-weight: 400; font-style: normal; font-variant: normal; text-decoration: underline; -webkit-text-decoration-skip: none; text-decoration-skip-ink: none; vertical-align: baseline; white-space: pre-wrap;\">doemt.com.br<\/span><\/a><\/p>\n<div>\n<h3 dir=\"ltr\" style=\"line-height: 1.38; margin-top: 14pt; margin-bottom: 4pt;\"><span style=\"font-size: 13pt; font-family: Arial, sans-serif; color: #000000; background-color: transparent; font-variant-numeric: normal; font-variant-east-asian: normal; font-variant-alternates: normal; font-variant-position: normal; font-variant-emoji: normal; vertical-align: baseline; white-space-collapse: preserve;\">Sobre a Vitrine MT Criativo<\/span><\/h3>\n<p dir=\"ltr\" style=\"line-height: 1.38; margin-top: 12pt; margin-bottom: 12pt;\"><span style=\"font-size: 11pt; font-family: Arial, sans-serif; color: #000000; background-color: transparent; font-variant-numeric: normal; font-variant-east-asian: normal; font-variant-alternates: normal; font-variant-position: normal; font-variant-emoji: normal; vertical-align: baseline; white-space-collapse: preserve;\">A <\/span><span style=\"font-size: 11pt; font-family: Arial, sans-serif; color: #000000; background-color: transparent; font-weight: bold; font-variant-numeric: normal; font-variant-east-asian: normal; font-variant-alternates: normal; font-variant-position: normal; font-variant-emoji: normal; vertical-align: baseline; white-space-collapse: preserve;\">Vitrine MT Criativo<\/span><span style=\"font-size: 11pt; font-family: Arial, sans-serif; color: #000000; background-color: transparent; font-variant-numeric: normal; font-variant-east-asian: normal; font-variant-alternates: normal; font-variant-position: normal; font-variant-emoji: normal; vertical-align: baseline; white-space-collapse: preserve;\"> \u00e9 um quadro dedicado a dar visibilidade e profissionalizar a comunica\u00e7\u00e3o dos projetos, a\u00e7\u00f5es e parcerias que contam com o apoio direto do <\/span><span style=\"font-size: 11pt; font-family: Arial, sans-serif; color: #000000; background-color: transparent; font-weight: bold; font-variant-numeric: normal; font-variant-east-asian: normal; font-variant-alternates: normal; font-variant-position: normal; font-variant-emoji: normal; vertical-align: baseline; white-space-collapse: preserve;\">MT Criativo<\/span><span style=\"font-size: 11pt; font-family: Arial, sans-serif; color: #000000; background-color: transparent; font-variant-numeric: normal; font-variant-east-asian: normal; font-variant-alternates: normal; font-variant-position: normal; font-variant-emoji: normal; vertical-align: baseline; white-space-collapse: preserve;\">. O objetivo \u00e9 transformar os resultados da nossa economia viva em conte\u00fados acess\u00edveis, destacando o impacto social e econ\u00f4mico do setor cultural em todo o estado.<\/span><\/p>\n<p dir=\"ltr\" style=\"line-height: 1.38; margin-top: 12pt; margin-bottom: 12pt;\"><span style=\"font-size: 11pt; font-family: Arial, sans-serif; color: #000000; background-color: transparent; font-weight: bold; font-variant-numeric: normal; font-variant-east-asian: normal; font-variant-alternates: normal; font-variant-position: normal; font-variant-emoji: normal; vertical-align: baseline; white-space-collapse: preserve;\">Quer ver seu projeto aqui?<\/span><span style=\"font-size: 11pt; font-family: Arial, sans-serif; color: #000000; background-color: transparent; font-variant-numeric: normal; font-variant-east-asian: normal; font-variant-alternates: normal; font-variant-position: normal; font-variant-emoji: normal; vertical-align: baseline; white-space-collapse: preserve;\"> Se voc\u00ea \u00e9 proponente ou parceiro do MT Criativo, utilize o nosso formul\u00e1rio oficial para sugerir sua pauta. As informa\u00e7\u00f5es e materiais enviados passam por uma curadoria t\u00e9cnica da nossa equipe de comunica\u00e7\u00e3o para posterior publica\u00e7\u00e3o em nosso portal e redes sociais.<\/span><\/p>\n<p dir=\"ltr\" style=\"line-height: 1.38; margin-top: 12pt; margin-bottom: 12pt;\"><span style=\"font-size: 11pt; font-family: Arial, sans-serif; color: #000000; background-color: transparent; font-variant-numeric: normal; font-variant-east-asian: normal; font-variant-alternates: normal; font-variant-position: normal; font-variant-emoji: normal; vertical-align: baseline; white-space-collapse: preserve;\">\ud83d\udc49<\/span><a href=\"https:\/\/forms.gle\/YDogHR56B5nCFbLd6\"> <span style=\"font-size: 11pt; font-family: Arial, sans-serif; color: #1155cc; background-color: transparent; font-weight: bold; font-variant-numeric: normal; font-variant-east-asian: normal; font-variant-alternates: normal; font-variant-position: normal; font-variant-emoji: normal; text-decoration-line: underline; text-decoration-skip-ink: none; vertical-align: baseline; white-space-collapse: preserve;\">Clique aqui para acessar o formul\u00e1rio de envio<\/span><\/a><\/p>\n<p>\u00a0<\/p>\n<p dir=\"ltr\" style=\"line-height: 1.38; margin-right: 30pt; margin-top: 12pt; margin-bottom: 12pt;\"><span style=\"font-size: 12pt; font-family: Arial, sans-serif; color: #000000; font-variant-numeric: normal; font-variant-east-asian: normal; font-variant-alternates: normal; font-variant-position: normal; font-variant-emoji: normal; vertical-align: baseline; white-space-collapse: preserve;\">Conhe\u00e7a mais o MT Criativo:<\/span><\/p>\n<p dir=\"ltr\" style=\"line-height: 1.38; margin-right: 30pt; margin-top: 12pt; margin-bottom: 12pt;\"><a href=\"https:\/\/www.instagram.com\/mt_criativo\/\"><span style=\"font-size: 12pt; font-family: Arial, sans-serif; color: #1155cc; font-variant-numeric: normal; font-variant-east-asian: normal; font-variant-alternates: normal; font-variant-position: normal; font-variant-emoji: normal; text-decoration-line: underline; text-decoration-skip-ink: none; vertical-align: baseline; white-space-collapse: preserve;\">https:\/\/www.instagram.com\/mt_criativo<\/span><\/a><\/p>\n<p>\u00a0<\/p>\n<p dir=\"ltr\" style=\"line-height: 1.38; margin-right: 30pt; margin-top: 12pt; margin-bottom: 12pt;\"><span style=\"font-size: 11pt; font-family: Arial, sans-serif; color: #000000; background-color: #f5f5f5; font-variant-numeric: normal; font-variant-east-asian: normal; font-variant-alternates: normal; font-variant-position: normal; font-variant-emoji: normal; vertical-align: baseline; white-space-collapse: preserve;\">Conhe\u00e7a mais sobre a SECEL-MT:<\/span><\/p>\n<p dir=\"ltr\" style=\"line-height: 1.38; margin-right: 30pt; margin-top: 12pt; margin-bottom: 12pt;\"><a href=\"https:\/\/www.instagram.com\/secelmt\/\"><span style=\"font-size: 11pt; font-family: Arial, sans-serif; color: #1155cc; background-color: #f5f5f5; font-variant-numeric: normal; font-variant-east-asian: normal; font-variant-alternates: normal; font-variant-position: normal; font-variant-emoji: normal; text-decoration-line: underline; text-decoration-skip-ink: none; vertical-align: baseline; white-space-collapse: preserve;\">https:\/\/www.instagram.com\/secelmt\/<\/span><\/a><\/p>\n<\/div>\t\t\t\t\t<\/div>\n\t\t\t\t\t\t<\/div>\n\t\t\t\t<\/div>\n\t\t\t\t\t\t<\/div>\n\t\t\t\t\t<\/div>\n\t\t<\/div>\n\t\t\t\t\t\t\t\t<\/div>\n\t\t\t\t\t<\/div>\n\t\t<\/section>\n\t\t\t\t\t\t<\/div>\n\t\t\t\t\t\t<\/div>\n\t\t\t\t\t<\/div>\n\t\t","protected":false},"excerpt":{"rendered":"<p>Doe MT: A tecnologia que est\u00e1 profissionalizando a sustentabilidade da cultura em Mato Grosso Plataforma viabilizada pelo fomento do MT Criativo (Secel-MT) atua como um hub estrat\u00e9gico para a capta\u00e7\u00e3o&hellip;&nbsp;<a href=\"https:\/\/www.mtcriativo.mt.gov.br\/index.php\/2026\/04\/28\/doe-mt-a-tecnologia-que-esta-profissionalizando-a-sustentabilidade-da-cultura-em-mato-grosso-2\/\" class=\"\" rel=\"bookmark\">Continue a ler &raquo;<span class=\"screen-reader-text\">Doe MT: A tecnologia que est\u00e1 profissionalizando a sustentabilidade da cultura em Mato Grosso<\/span><\/a><\/p>\n","protected":false},"author":2,"featured_media":6786,"comment_status":"closed","ping_status":"open","sticky":false,"template":"","format":"standard","meta":{"neve_meta_sidebar":"","neve_meta_container":"","neve_meta_enable_content_width":"","neve_meta_content_width":0,"neve_meta_title_alignment":"","neve_meta_author_avatar":"","neve_post_elements_order":"","neve_meta_disable_header":"","neve_meta_disable_footer":"","neve_meta_disable_title":"","footnotes":""},"categories":[144,5],"tags":[44,45],"class_list":["post-6784","post","type-post","status-publish","format-standard","has-post-thumbnail","hentry","category-artigos","category-noticias","tag-mtcriativo","tag-noticias"],"_links":{"self":[{"href":"https:\/\/www.mtcriativo.mt.gov.br\/index.php\/wp-json\/wp\/v2\/posts\/6784","targetHints":{"allow":["GET"]}}],"collection":[{"href":"https:\/\/www.mtcriativo.mt.gov.br\/index.php\/wp-json\/wp\/v2\/posts"}],"about":[{"href":"https:\/\/www.mtcriativo.mt.gov.br\/index.php\/wp-json\/wp\/v2\/types\/post"}],"author":[{"embeddable":true,"href":"https:\/\/www.mtcriativo.mt.gov.br\/index.php\/wp-json\/wp\/v2\/users\/2"}],"replies":[{"embeddable":true,"href":"https:\/\/www.mtcriativo.mt.gov.br\/index.php\/wp-json\/wp\/v2\/comments?post=6784"}],"version-history":[{"count":6,"href":"https:\/\/www.mtcriativo.mt.gov.br\/index.php\/wp-json\/wp\/v2\/posts\/6784\/revisions"}],"predecessor-version":[{"id":6798,"href":"https:\/\/www.mtcriativo.mt.gov.br\/index.php\/wp-json\/wp\/v2\/posts\/6784\/revisions\/6798"}],"wp:featuredmedia":[{"embeddable":true,"href":"https:\/\/www.mtcriativo.mt.gov.br\/index.php\/wp-json\/wp\/v2\/media\/6786"}],"wp:attachment":[{"href":"https:\/\/www.mtcriativo.mt.gov.br\/index.php\/wp-json\/wp\/v2\/media?parent=6784"}],"wp:term":[{"taxonomy":"category","embeddable":true,"href":"https:\/\/www.mtcriativo.mt.gov.br\/index.php\/wp-json\/wp\/v2\/categories?post=6784"},{"taxonomy":"post_tag","embeddable":true,"href":"https:\/\/www.mtcriativo.mt.gov.br\/index.php\/wp-json\/wp\/v2\/tags?post=6784"}],"curies":[{"name":"wp","href":"https:\/\/api.w.org\/{rel}","templated":true}]}}